{"id":321323,"date":"2025-08-15T18:30:14","date_gmt":"2025-08-15T18:30:14","guid":{"rendered":"https:\/\/www.europesays.com\/fr\/321323\/"},"modified":"2025-08-15T18:30:14","modified_gmt":"2025-08-15T18:30:14","slug":"suivez-en-live-le-premier-match-de-la-saison-2025-2026-de-ligue-1","status":"publish","type":"post","link":"https:\/\/www.europesays.com\/fr\/321323\/","title":{"rendered":"suivez en live le premier match de la saison 2025-2026 de Ligue 1"},"content":{"rendered":"<p>\u00ab\u00a0Jouer comme un num\u00e9ro 10 et marquer comme un num\u00e9ro 9\u00a0\u00bb, De Zerbi expose ses attentes envers Gouiri<\/p>\n<p>Roberto De Zerbi et Leonardo Balerdi se sont exprim\u00e9s devant les m\u00e9dias jeudi en amont de la premi\u00e8re journ\u00e9e de Ligue 1 et de leur match contre Rennes vendredi (20h45). <a href=\"https:\/\/rmcsport.bfmtv.com\/football\/clubs\/olympique-marseille\/rennes-om-jouer-comme-un-numero-10-et-marquer-comme-un-numero-9-de-zerbi-expose-ses-attentes-envers-gouiri_AV-202508140365.html\" title=\"Rennes-OM: &quot;Jouer comme un num\u00e9ro 10 et marquer comme un num\u00e9ro 9&quot;, De Zerbi expose ses attentes envers Gouiri\" class=\"internal_link\" rel=\"nofollow noopener\" target=\"_blank\">Tous deux ont parl\u00e9 d&rsquo;Amine Gouiri<\/a>, concurrenc\u00e9 \u00e0 son poste par le retour de Pierre-Emerick Aubameyang.<\/p>\n<p>Pourquoi Maupay n\u2019est pas dans le groupe marseillais pour la premi\u00e8re journ\u00e9e de Ligue 1<\/p>\n<p>Apte \u00e0 jouer, <a href=\"https:\/\/rmcsport.bfmtv.com\/football\/ligue-1\/rennes-om-pourquoi-maupay-n-est-pas-dans-le-groupe-marseillais-pour-la-premiere-journee-de-ligue-1_AV-202508150280.html\" title=\"Rennes-OM: pourquoi Maupay n\u2019est pas dans le groupe marseillais pour la premi\u00e8re journ\u00e9e de Ligue 1\" class=\"internal_link\" rel=\"nofollow noopener\" target=\"_blank\">Neal Maupay<\/a> ne figure pourtant pas dans le groupe de l\u2019Olympique de Marseille pour le match inaugural de la saison 2025-2026 de Ligue 1 contre Rennes. Roberto De Zerbi a choisi de se passer de l\u2019attaquant dont l\u2019avenir apparait de plus en plus incertain chez les Phoc\u00e9ens.<\/p>\n<p>Bonjour \u00e0 tous<\/p>\n<p>Bienvenue sur RMC Sport pour suivre en direct comment\u00e9 le match de la 1re journ\u00e9e de Ligue 2025-2026, avec l&rsquo;OM qui se d\u00e9place \u00e0 Rennes. Le coup d&rsquo;envoi sera donn\u00e9 \u00e0 20h45 ce vendredi soir.<\/p>\n","protected":false},"excerpt":{"rendered":"\u00ab\u00a0Jouer comme un num\u00e9ro 10 et marquer comme un num\u00e9ro 9\u00a0\u00bb, De Zerbi expose ses attentes envers Gouiri&hellip;\n","protected":false},"author":2,"featured_media":5765,"comment_status":"","ping_status":"","sticky":false,"template":"","format":"standard","meta":{"footnotes":""},"categories":[2814],"tags":[1111,11,1777,674,1011,27,884,12,882,25],"class_list":{"0":"post-321323","1":"post","2":"type-post","3":"status-publish","4":"format-standard","5":"has-post-thumbnail","7":"category-marseille","8":"tag-actu","9":"tag-actualites","10":"tag-eu","11":"tag-europe","12":"tag-fr","13":"tag-france","14":"tag-marseille","15":"tag-news","16":"tag-provence-alpes-cote-dazur","17":"tag-republique-francaise"},"share_on_mastodon":{"url":"https:\/\/pubeurope.com\/@fr\/115034208594487125","error":""},"_links":{"self":[{"href":"https:\/\/www.europesays.com\/fr\/wp-json\/wp\/v2\/posts\/321323","targetHints":{"allow":["GET"]}}],"collection":[{"href":"https:\/\/www.europesays.com\/fr\/wp-json\/wp\/v2\/posts"}],"about":[{"href":"https:\/\/www.europesays.com\/fr\/wp-json\/wp\/v2\/types\/post"}],"author":[{"embeddable":true,"href":"https:\/\/www.europesays.com\/fr\/wp-json\/wp\/v2\/users\/2"}],"replies":[{"embeddable":true,"href":"https:\/\/www.europesays.com\/fr\/wp-json\/wp\/v2\/comments?post=321323"}],"version-history":[{"count":0,"href":"https:\/\/www.europesays.com\/fr\/wp-json\/wp\/v2\/posts\/321323\/revisions"}],"wp:featuredmedia":[{"embeddable":true,"href":"https:\/\/www.europesays.com\/fr\/wp-json\/wp\/v2\/media\/5765"}],"wp:attachment":[{"href":"https:\/\/www.europesays.com\/fr\/wp-json\/wp\/v2\/media?parent=321323"}],"wp:term":[{"taxonomy":"category","embeddable":true,"href":"https:\/\/www.europesays.com\/fr\/wp-json\/wp\/v2\/categories?post=321323"},{"taxonomy":"post_tag","embeddable":true,"href":"https:\/\/www.europesays.com\/fr\/wp-json\/wp\/v2\/tags?post=321323"}],"curies":[{"name":"wp","href":"https:\/\/api.w.org\/{rel}","templated":true}]}}