{"id":321324,"date":"2025-08-15T18:31:19","date_gmt":"2025-08-15T18:31:19","guid":{"rendered":"https:\/\/www.europesays.com\/fr\/321324\/"},"modified":"2025-08-15T18:31:19","modified_gmt":"2025-08-15T18:31:19","slug":"rhone-une-toyota-se-renverse-dans-une-rue-etroite-des-pentes-de-la-croix-rousse","status":"publish","type":"post","link":"https:\/\/www.europesays.com\/fr\/321324\/","title":{"rendered":"Rh\u00f4ne. Une Toyota se renverse dans une rue \u00e9troite des pentes de la Croix-Rousse"},"content":{"rendered":"<p>Ce vendredi 15\u00a0ao\u00fbt aux alentours de 11 heures, une Toyota Yaris s\u2019est retrouv\u00e9e couch\u00e9e sur le flanc gauche rue Ren\u00e9-Leynaud, situ\u00e9e sur en bas des pentes de la Croix-Rousse, dans le premier arrondissement de Lyon.<\/p>\n<p>  Des circonstances floues<\/p>\n<p>Les circonstances ayant men\u00e9 \u00e0 cet accident\u00a0restent pour l&rsquo;heure tr\u00e8s floues.\u00a0Selon un t\u00e9moin, arriv\u00e9 sur les lieux de l\u2019accident alors que ce dernier venait juste de se produire, la conductrice du v\u00e9hicule serait \u00e2g\u00e9e \u00ab\u00a0d\u2019une trentaine d\u2019ann\u00e9es\u00a0\u00bb.<\/p>\n<p>Elle\u00a0aurait r\u00e9ussi \u00e0 s\u2019extirper de la voiture avant l\u2019arriv\u00e9e des secours. \u00ab\u00a0Elle ne semblait pas bless\u00e9e\u00a0\u00bb, t\u00e9moigne encore ce riverain \u00e0 notre journal, qui ajoute\u00a0: \u00ab\u00a0\u00c0 l\u2019arriv\u00e9e des pompiers, la voiture \u00e9tait toujours en travers.\u00a0\u00bb<\/p>\n<p>Contact\u00e9s en fin d&rsquo;apr\u00e8s-midi, les pompiers n\u2019avaient pas encore de remont\u00e9es concernant cet accident, tout comme les forces de l\u2019ordre.<\/p>\n","protected":false},"excerpt":{"rendered":"Ce vendredi 15\u00a0ao\u00fbt aux alentours de 11 heures, une Toyota Yaris s\u2019est retrouv\u00e9e couch\u00e9e sur le flanc gauche&hellip;\n","protected":false},"author":2,"featured_media":321325,"comment_status":"","ping_status":"","sticky":false,"template":"","format":"standard","meta":{"footnotes":""},"categories":[1889],"tags":[119,1111,11,2430,2757,1777,674,274,107,1011,27,2428,2756,12,25,2429],"class_list":{"0":"post-321324","1":"post","2":"type-post","3":"status-publish","4":"format-standard","5":"has-post-thumbnail","7":"category-lyon","8":"tag-accident","9":"tag-actu","10":"tag-actualites","11":"tag-auvergne-rhone-alpes","12":"tag-edition-lyon-villeurbanne","13":"tag-eu","14":"tag-europe","15":"tag-faits-divers-justice","16":"tag-fil-info","17":"tag-fr","18":"tag-france","19":"tag-lyon","20":"tag-lyon-bassin","21":"tag-news","22":"tag-republique-francaise","23":"tag-rhone"},"share_on_mastodon":{"url":"https:\/\/pubeurope.com\/@fr\/115034212595867579","error":""},"_links":{"self":[{"href":"https:\/\/www.europesays.com\/fr\/wp-json\/wp\/v2\/posts\/321324","targetHints":{"allow":["GET"]}}],"collection":[{"href":"https:\/\/www.europesays.com\/fr\/wp-json\/wp\/v2\/posts"}],"about":[{"href":"https:\/\/www.europesays.com\/fr\/wp-json\/wp\/v2\/types\/post"}],"author":[{"embeddable":true,"href":"https:\/\/www.europesays.com\/fr\/wp-json\/wp\/v2\/users\/2"}],"replies":[{"embeddable":true,"href":"https:\/\/www.europesays.com\/fr\/wp-json\/wp\/v2\/comments?post=321324"}],"version-history":[{"count":0,"href":"https:\/\/www.europesays.com\/fr\/wp-json\/wp\/v2\/posts\/321324\/revisions"}],"wp:featuredmedia":[{"embeddable":true,"href":"https:\/\/www.europesays.com\/fr\/wp-json\/wp\/v2\/media\/321325"}],"wp:attachment":[{"href":"https:\/\/www.europesays.com\/fr\/wp-json\/wp\/v2\/media?parent=321324"}],"wp:term":[{"taxonomy":"category","embeddable":true,"href":"https:\/\/www.europesays.com\/fr\/wp-json\/wp\/v2\/categories?post=321324"},{"taxonomy":"post_tag","embeddable":true,"href":"https:\/\/www.europesays.com\/fr\/wp-json\/wp\/v2\/tags?post=321324"}],"curies":[{"name":"wp","href":"https:\/\/api.w.org\/{rel}","templated":true}]}}