{"id":321336,"date":"2025-08-15T18:39:11","date_gmt":"2025-08-15T18:39:11","guid":{"rendered":"https:\/\/www.europesays.com\/fr\/321336\/"},"modified":"2025-08-15T18:39:11","modified_gmt":"2025-08-15T18:39:11","slug":"sommet-en-alaska-les-relations-troubles-de-trump-avec-la-russie-plastiques-la-deception-de-la-ministre-francaise-antisemitisme-un-arbre-en-hommage-a-ilan-halimi-abattu","status":"publish","type":"post","link":"https:\/\/www.europesays.com\/fr\/321336\/","title":{"rendered":"Sommet en Alaska: les relations troubles de Trump avec la Russie \/ Plastiques: la d\u00e9ception de la ministre fran\u00e7aise \/ Antis\u00e9mitisme: un arbre en hommage \u00e0 Ilan Halimi abattu&#8230;"},"content":{"rendered":"<p>\n                     Nous   sommes   le   vendredi   15   ao\u00fbt.  Il  est   18   heures  \u00e0   Paris,   8   heures  [du  matin]  \u00e0   Anchorage,   en   Alaska.                  <\/p>\n<p>\n                     Vous   \u00e9coutez   bien   Radio   France   Internationale.                  <\/p>\n<p>\n                     Le   Journal  en   fran\u00e7ais   facile.                  <\/p>\n<p>\n                     Diane  Berger.                 <\/p>\n<p>\n                     La   rencontre   commence   dans   une   poign\u00e9e   d&rsquo;heures   dans   le   Grand   Nord   am\u00e9ricain.   Le   pr\u00e9sident   des   \u00c9tats-Unis,   Donald   Trump,   va   rencontrer   Vladimir   Poutine,   le   chef   du   Kremlin,   en   Alaska,   pour   parler   de   la   guerre   en   Ukraine.   Les   deux   hommes   se   connaissent   depuis   longtemps.   L&rsquo;occasion   de   faire   le   point   sur   les   liens   parfois   obscurs   de   Donald   Trump   avec   la   Russie.                  <\/p>\n<p>\n                     C&rsquo;est   un   \u00e9chec   pour   les   n\u00e9gociateurs   du   trait\u00e9   international   contre   la   pollution   plastique   \u00e0   Gen\u00e8ve.   Les   pays   participants   n&rsquo;ont   pas   r\u00e9ussi   \u00e0   se   mettre   d&rsquo;accord   sur   un   texte.   Nous   \u00e9couterons   la   d\u00e9ception   de   la   ministre   fran\u00e7aise   de   la   Transition  \u00e9cologique.                  <\/p>\n<p>\n                     Et   puis   un   arbre   plant\u00e9   pour   rendre   hommage   \u00e0   Ilan   Halimi   a   \u00e9t\u00e9   coup\u00e9   en   r\u00e9gion   parisienne,  pr\u00e8s  de   20   ans   apr\u00e8s   la   mort   de   ce   jeune   homme   juif,   victime   d&rsquo;un   grave   acte   antis\u00e9mite.   Il   avait   \u00e9t\u00e9   tortur\u00e9   \u00e0   mort   par   un   groupe,   convaincu   qu&rsquo;il   avait   de   l&rsquo;argent   en   raison   de   sa   religion.                  <\/p>\n<p>\n                     Le   Journal  en   fran\u00e7ais   facile.                  <\/p>\n<p>\n                     L&rsquo;avion   de   Vladimir   Poutine   doit   atterrir   vers   19   heures  temps   universel.  Dans  trois  heures,  donc,  le  pr\u00e9sident   russe   sera   accueilli   sur   le   tarmac   de   l&rsquo;a\u00e9roport   par   le   dirigeant   am\u00e9ricain,  Donald   Trump.   Cela   pour   une   r\u00e9union   cruciale,  en   Alaska,  concernant   l&rsquo;avenir   de   l&rsquo;Ukraine.   Les   deux   chefs   d&rsquo;\u00c9tat   se   retrouvent   pour   la   premi\u00e8re   fois   depuis   2019.   Le   pr\u00e9sident   am\u00e9ricain   a   appel\u00e9,  depuis   son   retour   \u00e0   la   Maison Blanche,  en   janvier,  \u00e0  plusieurs   reprises  le   chef   du   Kremlin.  Il   a   longtemps   dit,  d&rsquo;ailleurs,  avoir   de   tr\u00e8s   bonnes   relations   avec   lui.   Ils   se   connaissent,  en   effet,  depuis   longtemps.  Et,  depuis   plusieurs   d\u00e9cennies,   le   pr\u00e9sident   am\u00e9ricain   maintient   des   rapports   que   l&rsquo;on   pourrait   qualifier   de   troubles,  d&rsquo;obscurs  avec   la   Russie.   Lila   Olkinuora.                 <\/p>\n<p>\n                     Tout   commence   en   1987.   Donald   Trump   et   son   \u00e9pouse   de   l&rsquo;\u00e9poque   sont   invit\u00e9s   \u00e0   Moscou.   Selon   des   experts  du  renseignement,   il   est   surveill\u00e9   par   le   KGB \u2013  les   services   secrets   sovi\u00e9tiques \u2013  depuis   plusieurs   ann\u00e9es,  d\u00e9j\u00e0.   Au   moment   de   sa   visite,   l&rsquo;homme   d&rsquo;affaires   r\u00eave   de   faire   construire   une   Trump   Tower   dans   la   capitale   russe.   Hasard   du   calendrier,   un   mois   apr\u00e8s   son   retour   d&rsquo;Union   sovi\u00e9tique,   Donald   Trump   publie   des   tribunes   contre   l&rsquo;Otan  dans   des   journaux   am\u00e9ricains.   En   40   ans,   sa   position   n&rsquo;a   pas   chang\u00e9.   Des   d\u00e9cennies   plus   tard,   en   2016,   l&rsquo;affaire   de   l&rsquo;ing\u00e9rence   russe   dans   la   pr\u00e9sidentielle   am\u00e9ricaine   \u00e9clate.   Un   rapport   command\u00e9   par   le   d\u00e9partement   de   la   justice   am\u00e9ricain   l&rsquo;assure :  il   y   a   bien   eu   une   interf\u00e9rence,   une   influence   russe   dans   la   campagne.   Alors,  Donald   Trump   s&rsquo;est-il  mis   au   service   du   Kremlin   d\u00e8s   les   ann\u00e9es   1980 ?  Contact  confidentiel  pour   certains,   voire   carr\u00e9ment   espion,  agent  du   KGB   pour   d&rsquo;autres,  l&rsquo;accus\u00e9  a   toujours   ni\u00e9   toute   collusion,   tout   arrangement   secret.   Mais,  ce   qui   est   s\u00fbr,   c&rsquo;est   que   la   galaxie   Trump   entretient   des   liens   \u00e9troits   avec   la   Russie ;  comme   son   avocat,  par   exemple,   ou   encore   son   conseiller   pendant   la   campagne   de   2016.                 <\/p>\n<p>\n                     Volodymyr   Zelensky  compte  sur   Donald   Trump.   Je   cite   le   pr\u00e9sident   ukrainien,  \u00e0  quelques   heures   de   cette   rencontre :  \u00ab Il  est   temps   de   mettre   fin   \u00e0   la   guerre   et   la   Russie   doit   prendre   les   mesures   n\u00e9cessaires. \u00bb  \u00c0   l&rsquo;approche   de   ce   sommet,   Donald   Trump   a,  aussi,  \u00e9chang\u00e9   avec   le   pr\u00e9sident   de   la   Bi\u00e9lorussie :  Alexandre   Loukachenko,   un   alli\u00e9   fid\u00e8le   de   Vladimir   Poutine,  au   pouvoir   depuis   plus   de   30   ans.   Le   locataire   de   la   Maison Blanche  parle   d&rsquo;une   \u00ab conversation  formidable \u00bb,  je  cite.  Alexandre   Loukachenko   a,  \u00e9galement,  invit\u00e9   Donald   Trump   \u00e0   venir   \u00e0   Minsk.   L&rsquo;invitation   a   \u00e9t\u00e9   accept\u00e9e.                  <\/p>\n<p>\n                     Ils   sont   morts   alors   qu&rsquo;ils   tentaient   de   trouver   de   quoi   manger   ou   se   soigner.  \u00c0  Gaza,  au  moins   1 760  Palestiniens   ont   \u00e9t\u00e9   tu\u00e9s   en   cherchant   de   l&rsquo;aide,  depuis   la   fin   du   mois   de   mai.   La   plupart   ont   \u00e9t\u00e9   victimes   de   tirs   ou   de   frappes   de   l&rsquo;arm\u00e9e   isra\u00e9lienne.   C&rsquo;est   le   dernier   bilan   publi\u00e9,  ce   vendredi,  par   le   Bureau   des   droits   de   l&rsquo;homme   de   l&rsquo;ONU  pour  ce   territoire   palestinien.  Plus  de   la   moiti\u00e9   des   morts   \u00e9taient   \u00e0   proximit\u00e9   des   sites   de   la   GHF,  la   Fondation   humanitaire   de   Gaza,   la   seule   organisation   soutenue   par   Isra\u00ebl   dans   l&rsquo;enclave.                  <\/p>\n<p>\n                     Un   ministre   isra\u00e9lien   d&rsquo;extr\u00eame   droite   augmente   encore   les   tensions   avec   les   Palestiniens.   Itamar   Ben   Gvir  a   publi\u00e9,  ce   matin,  une   vid\u00e9o   o\u00f9   on   le   voit   rendre   visite,  en   prison,  \u00e0   Marwan   Barghouti \u2013  une   figure   d&rsquo;autorit\u00e9   chez   les   Palestiniens,  enferm\u00e9  depuis   2002.   Sur   les   images,   le   ministre   isra\u00e9lien   tient   des   propos   mena\u00e7ants   contre   lui   et   l&#8217;emp\u00eache   de   r\u00e9pondre.   On   ne   sait   pas   \u00e0   quel   moment   la   vid\u00e9o   a   \u00e9t\u00e9   film\u00e9e.   En   tout   cas,   le   minist\u00e8re   des   Affaires   \u00e9trang\u00e8res   de   l&rsquo;Autorit\u00e9   palestinienne   d\u00e9nonce   une   \u00ab provocation  sans   pr\u00e9c\u00e9dent \u00bb.                 <\/p>\n<p>\n                     Pour  Greenpeace,  si  les   n\u00e9gociations   contre   la   pollution   plastique   ont   \u00e9chou\u00e9,   c&rsquo;est   de   la   faute   de   l&rsquo;industrie   p\u00e9trochimique \u2013  les  producteurs   de   p\u00e9trole   et   de   ses   produits   d\u00e9riv\u00e9s,   dont   le   plastique.   L&rsquo;ONG  estime   que   cet   \u00e9chec,   ce  rat\u00e9  des   discussions   diplomatiques   \u00e0   Gen\u00e8ve,  doit   servir   de   \u00ab signal  d&rsquo;alarme   pour   le   monde \u00bb.  En   effet,   apr\u00e8s   dix   jours   de   discussions   tendues,   les   n\u00e9gociateurs   de   184   pays   n&rsquo;ont   pas   r\u00e9ussi   \u00e0   se   mettre   d&rsquo;accord   pour   mettre   en   place   un   premier   trait\u00e9   ambitieux   pour   lutter   contre   la   pollution   plastique.   Certains   s&rsquo;interrogent :  peut-\u00eatre  que   ce   format   de   n\u00e9gociation,   o\u00f9   il   faut   un   consensus   parfait \u2013  l&rsquo;accord   de   184   pays \u2013  ne   peut   plus   marcher,  aujourd&rsquo;hui.   En   tout  cas,   c&rsquo;est   un   \u00e9chec   cuisant   pour   l&rsquo;environnement   et   la   diplomatie.   \u00c9coutez   la   r\u00e9action   d&rsquo;Agn\u00e8s   Pannier-Runacher,   la   ministre   fran\u00e7aise   de   la   Transition  \u00e9cologique,   au   micro   de   Lucile   Gimberg.                 <\/p>\n<p>\n                     \u00ab Je  suis  d\u00e9\u00e7ue et  en  col\u00e8re.   D\u00e9\u00e7ue   parce   que   plus   d&rsquo;une   centaine   de   pays   ont   montr\u00e9   leur   volont\u00e9   d&rsquo;avancer   sur   un   trait\u00e9   plastique   et   partag\u00e9   90 %  de   ce   qu&rsquo;aurait   pu   \u00eatre   ce   trait\u00e9   plastique.  Et,  donc,  il   y  avait   plus   beaucoup   d&rsquo;efforts   \u00e0   faire   pour   cette   coalition   de   pays   ambitieux,  qui,  aujourd&rsquo;hui,  repr\u00e9sentent  une   majorit\u00e9   des   pays   du   monde,   qui   viennent   des   cinq   continents,   qui   sont   des   pays   d\u00e9velopp\u00e9s,   des   pays   en   d\u00e9veloppement.   Et   je   suis   en   col\u00e8re   parce   qu&rsquo;une   poign\u00e9e   de   pays   ont   bloqu\u00e9   cette   n\u00e9gociation,  des   producteurs   d&rsquo;\u00e9nergies   fossiles,  pour  l&rsquo;essentiel.  Ce  sont   les   pays   du   Moyen-Orient,   la   Russie   et,  fait   nouveau,   les   \u00c9tats-Unis,  qui   n&rsquo;ont   vraiment   pas   \u00e9t\u00e9   aidants  dans   cette   n\u00e9gociation,  l\u00e0   o\u00f9,  dans   des   pr\u00e9c\u00e9dentes   n\u00e9gociations,   ils   \u00e9taient   du   c\u00f4t\u00e9   des   pays   ambitieux.   Dans   ces   circonstances,   nous   n&rsquo;avons   pas   \u00e9t\u00e9   en   capacit\u00e9   de   conclure   ce   trait\u00e9   ambitieux,  que   nous   appelions   de   nos   v\u0153ux. \u00bb                 <\/p>\n<p>\n                     Agn\u00e8s   Pannier-Runacher,   la   ministre   fran\u00e7aise   de   la   Transition   \u00e9cologique,   d\u00e9\u00e7ue,  notamment,  du   manque   d&rsquo;efforts,  du   manque   d&rsquo;ambition   de   la   part   de   plusieurs   pays,   dont   les   \u00c9tats-Unis.                 <\/p>\n<p>\n                     La   mousson   fait   des   ravages   dans   le   nord   du   Pakistan.   Les   autorit\u00e9s   ont   compt\u00e9   pr\u00e8s   de   200   morts   en   24   heures,  \u00e0   cause   des   fortes   pluies   et   du   vent.   Un   h\u00e9licopt\u00e8re  des   secours,  notamment,   s&rsquo;est   \u00e9cras\u00e9.   Ses   cinq   passagers   sont   morts.                  <\/p>\n<p>\n                     La   justice   fran\u00e7aise   ouvre,  ce   vendredi,  une   enqu\u00eate  apr\u00e8s  l&rsquo;abattage   d&rsquo;un   arbre,   un   olivier   plant\u00e9   en   hommage   \u00e0   Ilan   Halimi.   Il   a   \u00e9t\u00e9   retrouv\u00e9   coup\u00e9,  hier   matin,  au   nord   de   Paris.   Ilan   Halimi,   c&rsquo;\u00e9tait   ce   jeune   homme   de   23   ans,   mort,  en   2006,  parce   qu&rsquo;il   \u00e9tait   juif.   Il   avait   \u00e9t\u00e9   kidnapp\u00e9   et   tortur\u00e9   par   un   groupe   surnomm\u00e9   le   \u00ab gang  des   barbares \u00bb.  Cet   acte   antis\u00e9mite   avait   profond\u00e9ment   choqu\u00e9   la   soci\u00e9t\u00e9   fran\u00e7aise   \u00e0   l&rsquo;\u00e9poque.   Bonsoir,  Constantin   Jallot.                 <\/p>\n<p>\n                     Bonsoir.                 <\/p>\n<p>\n                     La   destruction   de   l&rsquo;arbre   plant\u00e9   en   sa   m\u00e9moire   provoque,  donc,  aujourd&rsquo;hui,  beaucoup   de   r\u00e9actions   politiques.                  <\/p>\n<p>\n                     \u00ab Abattre  l&rsquo;arbre   rendant   hommage   \u00e0   Ilan   Halimi,   c&rsquo;est   chercher   \u00e0   le   tuer   une   deuxi\u00e8me   fois. \u00bb  Ce   sont   les   mots   du   pr\u00e9sident   fran\u00e7ais,  Emmanuel   Macron,  sur   X.   Le   Premier   ministre,  Fran\u00e7ois   Bayrou,   lui,  a   \u00e9crit   que   l&rsquo;arbre   avait   \u00e9t\u00e9   \u00ab fauch\u00e9  par   la   haine   antis\u00e9mite \u00bb.  De  cet   olivier,   symbole   de   paix,  il  ne   reste   qu&rsquo;une   souche   haute   de   20   cm,   coup\u00e9  net.   Cet   arbre   avait  \u00e9t\u00e9   plant\u00e9   il   y   a   quatorze   ans   \u00e0   \u00c9pinay-sur-Seine,  en   banlieue   nord   de   Paris,   \u00e0   l&rsquo;endroit   o\u00f9   le   corps   d&rsquo;Ilan   Halimi   avait   \u00e9t\u00e9   retrouv\u00e9,  agonisant.   Pour   rappel,   ce   jeune   homme   a   \u00e9t\u00e9   enlev\u00e9   en   2006   pr\u00e8s   de   Paris   par   une   vingtaine   de   personnes.   \u00c0   l&rsquo;\u00e9poque,   ce   groupe   se   fait   appeler   le  \u00ab gang  des   barbares \u00bb  et   pense   [qu&rsquo;]Ilan  Halimi   est   riche   parce   qu&rsquo;il   est   juif.   Mais   lui   et   sa   famille   n&rsquo;ont   pas   beaucoup   d&rsquo;argent.  Alors,  le   gang   le   torture   et   le   tue.   Aujourd&rsquo;hui,   le   maire   d&rsquo;\u00c9pinay-sur-Seine  annonce   qu&rsquo;il   plantera   un   nouvel   arbre,  d\u00e8s   que   possible,  en   octobre.                  <\/p>\n<p>\n                     Constantin   Jallot.                 <\/p>\n<p>\n                     Une  salle   de   pri\u00e8re   musulmane   a   \u00e9t\u00e9   vis\u00e9e   par   une   tentative   d&rsquo;incendie,  la   nuit   derni\u00e8re,  en   C\u00f4te-d&rsquo;Or,   dans   l&rsquo;est   de   la   France.   Le   ministre   de   l&rsquo;Int\u00e9rieur,   Bruno   Retailleau,   adresse   ses   pens\u00e9es   aux  \u00ab fid\u00e8les  heurt\u00e9s   par   cet   acte   antimusulman  d&rsquo;une   grande   l\u00e2chet\u00e9 \u00bb,  je  cite.  Le   nombre   d&rsquo;actes   islamophobes   est   en   hausse   depuis   plusieurs   ann\u00e9es   en   France.                  <\/p>\n<p>\n                     Et   puis   un   mot   de   football   et   le   retour   de   la   Ligue   1.  Le   premier   match   a   lieu   ce   vendredi   soir.   Rennes   affronte   l&rsquo;OM.   Le   coup   d&rsquo;envoi   est   \u00e0   20   heures  45  heure  fran\u00e7aise,   18   heures  45   en   temps   universel.                  <\/p>\n<p>\n                     En   attendant,   il   est   16   heures  10   en   temps   universel.                  <\/p>\n<p>\n                     C&rsquo;est   la   fin   de   ce   Journal  en   fran\u00e7ais   facile.   Merci   de   l&rsquo;avoir   \u00e9cout\u00e9.                  <\/p>\n<p>\n                     Vous   pourrez   le   retrouver   sur   le   site   d\u00e9di\u00e9 :  francaisfacile.rfi.fr.  Il   y   a   m\u00eame   un   script   pour   relire   des   passages,  si   \u00e7a   vous   aide.                  <\/p>\n","protected":false},"excerpt":{"rendered":"Nous sommes le vendredi 15 ao\u00fbt. Il est 18 heures \u00e0 Paris, 8 heures [du matin] \u00e0 Anchorage,&hellip;\n","protected":false},"author":2,"featured_media":321337,"comment_status":"","ping_status":"","sticky":false,"template":"","format":"standard","meta":{"footnotes":""},"categories":[1591],"tags":[47,11,10343,436,1887,3535,10342,12,1885,1886,132,104],"class_list":{"0":"post-321336","1":"post","2":"type-post","3":"status-publish","4":"format-standard","5":"has-post-thumbnail","7":"category-russie","8":"tag-actualite","9":"tag-actualites","10":"tag-all","11":"tag-environnement","12":"tag-federation-de-russie","13":"tag-geopolitique","14":"tag-journal-en-francais-facile","15":"tag-news","16":"tag-russia","17":"tag-russian-federation","18":"tag-russie","19":"tag-societe"},"share_on_mastodon":{"url":"https:\/\/pubeurope.com\/@fr\/115034243997667608","error":""},"_links":{"self":[{"href":"https:\/\/www.europesays.com\/fr\/wp-json\/wp\/v2\/posts\/321336","targetHints":{"allow":["GET"]}}],"collection":[{"href":"https:\/\/www.europesays.com\/fr\/wp-json\/wp\/v2\/posts"}],"about":[{"href":"https:\/\/www.europesays.com\/fr\/wp-json\/wp\/v2\/types\/post"}],"author":[{"embeddable":true,"href":"https:\/\/www.europesays.com\/fr\/wp-json\/wp\/v2\/users\/2"}],"replies":[{"embeddable":true,"href":"https:\/\/www.europesays.com\/fr\/wp-json\/wp\/v2\/comments?post=321336"}],"version-history":[{"count":0,"href":"https:\/\/www.europesays.com\/fr\/wp-json\/wp\/v2\/posts\/321336\/revisions"}],"wp:featuredmedia":[{"embeddable":true,"href":"https:\/\/www.europesays.com\/fr\/wp-json\/wp\/v2\/media\/321337"}],"wp:attachment":[{"href":"https:\/\/www.europesays.com\/fr\/wp-json\/wp\/v2\/media?parent=321336"}],"wp:term":[{"taxonomy":"category","embeddable":true,"href":"https:\/\/www.europesays.com\/fr\/wp-json\/wp\/v2\/categories?post=321336"},{"taxonomy":"post_tag","embeddable":true,"href":"https:\/\/www.europesays.com\/fr\/wp-json\/wp\/v2\/tags?post=321336"}],"curies":[{"name":"wp","href":"https:\/\/api.w.org\/{rel}","templated":true}]}}