{"id":321354,"date":"2025-08-15T18:51:15","date_gmt":"2025-08-15T18:51:15","guid":{"rendered":"https:\/\/www.europesays.com\/fr\/321354\/"},"modified":"2025-08-15T18:51:15","modified_gmt":"2025-08-15T18:51:15","slug":"un-grand-talent-revient-sur-son-eclosion-a-perpignan-et-sa-saison-a-venir-en-pro-d2","status":"publish","type":"post","link":"https:\/\/www.europesays.com\/fr\/321354\/","title":{"rendered":"un grand talent revient sur son \u00e9closion \u00e0 Perpignan et sa saison \u00e0 venir en Pro D2"},"content":{"rendered":"<p>Un destin \u00e0 la Thomas Ramos pour Valentin Delpy\u00a0? C\u2019est en tout cas tout ce que l\u2019on peut souhaiter au jeune joueur de 21 ans. Comme l\u2019arri\u00e8re international, l\u2019ouvreur va disputer une saison en pr\u00eat du c\u00f4t\u00e9 de Colomiers, avant de tenter de s\u2019imposer avec le Stade Toulousain. Son a\u00een\u00e9 avait connu pareille trajectoire, terminant meilleur joueur de Pro D2 avant de ne plus jamais quitter le quinze de d\u00e9part du club rouge et noir.<\/p>\n<p>Delpy a grandi lors de son passage \u00e0 Perpignan<\/p>\n<p>Encore inconnu la saison pass\u00e9e, Valentin Delpy a d\u2019abord disput\u00e9 plusieurs rencontres marquantes avec le Stade Toulousain. Dans la foul\u00e9e, il a tap\u00e9 dans le viseur de l\u2019USAP, en d\u00e9licatesse au poste d\u2019ouvreur et qui a fonc\u00e9 sur l\u2019occasion. Pour<a href=\"https:\/\/actu.fr\/sports\/rugby\/pro\/pro-d2-avec-colomiers-valentin-delpy-veut-continuer-son-ascension-a-toute-allure_63030373.html\" rel=\"nofollow noopener\" target=\"_blank\"> Actu Rugby,<\/a> il est revenu sur cette exp\u00e9rience enrichissante, o\u00f9 il aura accumul\u00e9 de l\u2019exp\u00e9rience dans un contexte difficile.<\/p>\n<p>\u00a0\u00ab\u00a0Le contexte de la ville, c\u2019est diff\u00e9rent de Toulouse, c\u2019est plus petit, ils vivent vraiment pour le rugby. C\u2019\u00e9tait vraiment particulier, mais j\u2019ai beaucoup appr\u00e9ci\u00e9 et je pense que \u00e7a m\u2019a beaucoup servi. M\u00eame ce match de barrage \u00e7a reste un souvenir dur mais aussi un bon moment \u00e0 la fin gr\u00e2ce \u00e0 la victoire. C\u2019\u00e9tait vraiment du rel\u00e2chement qu\u2019il y avait apr\u00e8s tous les efforts entrepris pour se sauver.\u00a0\u00bb<\/p>\n<p>Si l\u2019USAP a tent\u00e9 de convaincre Valentin Delpy de rester, celui-ci avait d\u00e9j\u00e0 donn\u00e9 son accord \u00e0 Colomiers. Pas de quoi donner des regrets au joueur, qui pourra suivre plus facilement sa formation d\u2019ost\u00e9opathie\u00a0: \u00ab\u00a0Lorsque j\u2019\u00e9tais \u00e0 Perpignan, je continuais les cours\u00a0 \u00e0 Toulouse, je devais faire la route tous les jeudis. Revenir \u00e0 Colomiers c\u2019est franchement bien. Pour l\u2019\u00e9cole, la famille, les amis. M\u00eame le cadre ici est super et le groupe est bien.\u00a0\u00bb<\/p>\n<p>.<\/p>\n<p>Partagez cette info avec vos amis et vos proches en cliquant ici<br \/>Pour r\u00e9sumer<\/p>\n<p>Pr\u00eat\u00e9 par le Stade Toulousain \u00e0 Perpignan en deuxi\u00e8me partie de saison, Valentin Delpy s\u2019est r\u00e9v\u00e9l\u00e9 et a brill\u00e9. Il passera cette fois-ci la saison du c\u00f4t\u00e9 de Colomiers pour continuer sa progression et gagner du temps de jeu.<\/p>\n<p> <img decoding=\"async\" width=\"76\" height=\"76\" loading=\"lazy\" src=\"https:\/\/www.europesays.com\/fr\/wp-content\/uploads\/2025\/04\/avatar-quinze.png\" alt=\"Arnaud D\u00e9chelotte\"\/><\/p>\n","protected":false},"excerpt":{"rendered":"Un destin \u00e0 la Thomas Ramos pour Valentin Delpy\u00a0? C\u2019est en tout cas tout ce que l\u2019on peut&hellip;\n","protected":false},"author":2,"featured_media":321355,"comment_status":"","ping_status":"","sticky":false,"template":"","format":"standard","meta":{"footnotes":""},"categories":[1416],"tags":[1011,27,479,1468,60],"class_list":{"0":"post-321354","1":"post","2":"type-post","3":"status-publish","4":"format-standard","5":"has-post-thumbnail","7":"category-rugby","8":"tag-fr","9":"tag-france","10":"tag-rugby","11":"tag-rugby-football","12":"tag-sports"},"share_on_mastodon":{"url":"https:\/\/pubeurope.com\/@fr\/115034291655637371","error":""},"_links":{"self":[{"href":"https:\/\/www.europesays.com\/fr\/wp-json\/wp\/v2\/posts\/321354","targetHints":{"allow":["GET"]}}],"collection":[{"href":"https:\/\/www.europesays.com\/fr\/wp-json\/wp\/v2\/posts"}],"about":[{"href":"https:\/\/www.europesays.com\/fr\/wp-json\/wp\/v2\/types\/post"}],"author":[{"embeddable":true,"href":"https:\/\/www.europesays.com\/fr\/wp-json\/wp\/v2\/users\/2"}],"replies":[{"embeddable":true,"href":"https:\/\/www.europesays.com\/fr\/wp-json\/wp\/v2\/comments?post=321354"}],"version-history":[{"count":0,"href":"https:\/\/www.europesays.com\/fr\/wp-json\/wp\/v2\/posts\/321354\/revisions"}],"wp:featuredmedia":[{"embeddable":true,"href":"https:\/\/www.europesays.com\/fr\/wp-json\/wp\/v2\/media\/321355"}],"wp:attachment":[{"href":"https:\/\/www.europesays.com\/fr\/wp-json\/wp\/v2\/media?parent=321354"}],"wp:term":[{"taxonomy":"category","embeddable":true,"href":"https:\/\/www.europesays.com\/fr\/wp-json\/wp\/v2\/categories?post=321354"},{"taxonomy":"post_tag","embeddable":true,"href":"https:\/\/www.europesays.com\/fr\/wp-json\/wp\/v2\/tags?post=321354"}],"curies":[{"name":"wp","href":"https:\/\/api.w.org\/{rel}","templated":true}]}}