{"id":321357,"date":"2025-08-15T18:54:08","date_gmt":"2025-08-15T18:54:08","guid":{"rendered":"https:\/\/www.europesays.com\/fr\/321357\/"},"modified":"2025-08-15T18:54:08","modified_gmt":"2025-08-15T18:54:08","slug":"de-la-grille-de-depart-au-premier-virage-plongee-dans-le-casque-de-francesco-bagnaia-en-4-secondes-on-atteint-les-200-km-h-lequipe","status":"publish","type":"post","link":"https:\/\/www.europesays.com\/fr\/321357\/","title":{"rendered":"De la grille de d\u00e9part au premier virage, plong\u00e9e dans le casque de Francesco Bagnaia : \u00ab En 4 secondes, on atteint les 200 km\/h \u00bb &#8211; L&#039;\u00c9quipe"},"content":{"rendered":"<ol>\n<li><a href=\"https:\/\/news.google.com\/rss\/articles\/CBMi-gFBVV95cUxQakZPT1YzUGZPRHcwVGVUclVuNzZrX0pEeW5tVXVENmtWVE5aTnFyODg0RkxBbE5kcXg0WnZQVkNTb3BSY2VPT2hrbm41U3c5Njh6V1c0Ql8yTWxrRXQ4Y0h3NmVvNklfNGVkbS1vbkthRWdVVldwZmFhcEZUVnBMUVdlMnREX1B1RHhIdmNGeUpZeEl0WlVmWnhlLVF6ZmxWRkJ0ajJqT2JRcUZEc25rRklGSU9EVm5Mdl9LeDFvM1ZqOW1TZzJFTGt5MlFydXRxLTRrSU53RmVpak1iTlJDaFh1ZEVERUU1enBNLUI3SHdyVmdnaGxveGp3?oc=5\" target=\"_blank\" rel=\"noopener\">De la grille de d\u00e9part au premier virage, plong\u00e9e dans le casque de Francesco Bagnaia : \u00ab En 4 secondes, on atteint les 200 km\/h \u00bb<\/a>&nbsp;&nbsp;L&rsquo;\u00c9quipe<\/li>\n<li><a href=\"https:\/\/news.google.com\/rss\/articles\/CBMiyAFBVV95cUxPX1dGWFV6X20td3BOeEdTeWF2OWVCc1JDTzhXR2RJbE9ZcFdDelZ3WDNmMTI4TmlTMnZIU0wwczRrcTFGaXNOXzJCb2NNdGg2OER0c2tUNkVfLXB3aVZEOC00Wmh3WFFIQURBSS16ZWsyWEg3eURFX0xKMzQzSkdrNHZwcXhLc1pGUG9uOFFtenRSdXFFbWE5R0xCSHZHZVUzV0t4SW9CX2ZJazhrZWdfdjdiV2ZNZVQ0T2lOc215bDhUTy1rTnZtSQ?oc=5\" target=\"_blank\" rel=\"noopener\">R\u00e9sum\u00e9 &#8211; Autriche : M.M\u00e1rquez s&rsquo;accapare la vedette en ce vendredi<\/a>&nbsp;&nbsp;motogp.com<\/li>\n<li><a href=\"https:\/\/news.google.com\/rss\/articles\/CBMinwFBVV95cUxQbU1jalFpUWlnQVI4cll0ODk0eEdIV3hrWjQ1SE5VYm1NTU40UEtBTEhSLUhZd0hCT0k5M3hjVTU3NDlxZmxjakV5NnlpVTI1enZPeVYxNGtLaERWZnBQNW1qUnNPVmk4M2t0Ri1WT0cwNHI3ajV4Mjk2TGh0VUJzYURzRmVfakg5UC1pV2o3S1RIeTVQbTJTZkFQd2swbnM?oc=5\" target=\"_blank\" rel=\"noopener\">Bagnaia de nouveau \u00ab\u00a0tr\u00e8s fort au freinage\u00a0\u00bb : \u00ab\u00a0Une bonne surprise\u00a0\u00bb<\/a>&nbsp;&nbsp;Motorsport.com<\/li>\n<li><a href=\"https:\/\/news.google.com\/rss\/articles\/CBMigAJBVV95cUxQWDlmeFpEOXctU2I3a3hjSWNHYXZwUnh0V0xWNGNGWEpWRi1vYVIwUUVJU0FkdEpUYmdkMWFVV2V0TENRN1YzRlVLOVB0LVZZMnJzbDZENENDWlVhdUQzeTVoWkRQbW5fcmx6SW4yYnZ4dlJtaVoxdGhKMzRXQXNGT1FEckV2eGd6RW1EZjhGRk9CeE9vMjNnZDNSbFo3NjI5YktmaDJnX2hGcmVvcjFHWHU4SnBMc0RvTkx6ajF1VjY0ZEFmblgtamlnZFhjS2JsZ24yZzlhUi1UckxsQlhBQUhvMVJXb3RERVVyeVVIdFFKTFYxWTljN1pRdWNEa2NW?oc=5\" target=\"_blank\" rel=\"noopener\">\u00ab Maintenant, personne ne peut rien dire \u00bb : Bastianini sur la signature de Marquez chez Ducati<\/a>&nbsp;&nbsp;Ouest-France<\/li>\n<li><a href=\"https:\/\/news.google.com\/rss\/articles\/CBMiiAFBVV95cUxNMTVCUktaREZSUTBNbkpreV9fa3Y1dWF2ZnVfTEJqMHhMQUhRamhxak1YV01Jb2N5T3pYWF9WTEduYXByUEhHZU94WWVCWEV4R2cyQklKZ2tmeDcyLUNlNTVLMG5TcnJaNWZTVjhrS3VqUDdwb2NTQ1hucEZKN0lwWkVJMzFnUmJ5?oc=5\" target=\"_blank\" rel=\"noopener\">Bagnaia reprend des couleurs en Autriche<\/a>&nbsp;&nbsp;GP Inside<\/li>\n<\/ol>\n","protected":false},"excerpt":{"rendered":"De la grille de d\u00e9part au premier virage, plong\u00e9e dans le casque de Francesco Bagnaia : \u00ab En&hellip;\n","protected":false},"author":2,"featured_media":1445,"comment_status":"","ping_status":"","sticky":false,"template":"","format":"standard","meta":{"footnotes":""},"categories":[1413],"tags":[1011,27,1457,1456,60],"class_list":{"0":"post-321357","1":"post","2":"type-post","3":"status-publish","4":"format-standard","5":"has-post-thumbnail","7":"category-moto","8":"tag-fr","9":"tag-france","10":"tag-moto","11":"tag-motocycle","12":"tag-sports"},"share_on_mastodon":{"url":"https:\/\/pubeurope.com\/@fr\/115034302933782828","error":""},"_links":{"self":[{"href":"https:\/\/www.europesays.com\/fr\/wp-json\/wp\/v2\/posts\/321357","targetHints":{"allow":["GET"]}}],"collection":[{"href":"https:\/\/www.europesays.com\/fr\/wp-json\/wp\/v2\/posts"}],"about":[{"href":"https:\/\/www.europesays.com\/fr\/wp-json\/wp\/v2\/types\/post"}],"author":[{"embeddable":true,"href":"https:\/\/www.europesays.com\/fr\/wp-json\/wp\/v2\/users\/2"}],"replies":[{"embeddable":true,"href":"https:\/\/www.europesays.com\/fr\/wp-json\/wp\/v2\/comments?post=321357"}],"version-history":[{"count":0,"href":"https:\/\/www.europesays.com\/fr\/wp-json\/wp\/v2\/posts\/321357\/revisions"}],"wp:featuredmedia":[{"embeddable":true,"href":"https:\/\/www.europesays.com\/fr\/wp-json\/wp\/v2\/media\/1445"}],"wp:attachment":[{"href":"https:\/\/www.europesays.com\/fr\/wp-json\/wp\/v2\/media?parent=321357"}],"wp:term":[{"taxonomy":"category","embeddable":true,"href":"https:\/\/www.europesays.com\/fr\/wp-json\/wp\/v2\/categories?post=321357"},{"taxonomy":"post_tag","embeddable":true,"href":"https:\/\/www.europesays.com\/fr\/wp-json\/wp\/v2\/tags?post=321357"}],"curies":[{"name":"wp","href":"https:\/\/api.w.org\/{rel}","templated":true}]}}