{"id":321358,"date":"2025-08-15T18:55:15","date_gmt":"2025-08-15T18:55:15","guid":{"rendered":"https:\/\/www.europesays.com\/fr\/321358\/"},"modified":"2025-08-15T18:55:15","modified_gmt":"2025-08-15T18:55:15","slug":"en-direct-liverpool-bournemouth-hommage-a-jota-ekitike-titulaire-suivez-le-premier-match-des-reds","status":"publish","type":"post","link":"https:\/\/www.europesays.com\/fr\/321358\/","title":{"rendered":"EN DIRECT &#8211; Liverpool-Bournemouth : hommage \u00e0 Jota, Ekitike titulaire&#8230; Suivez le premier match des Reds"},"content":{"rendered":"<p class=\"fig-paragraph\">Arne Slot a choisi son premier onze de la saison. Le coach n\u00e9erlandais aligne le Fran\u00e7ais Hugo Ekitike, recrut\u00e9 pour plus de 90 millions d\u2019euros, \u00e0 la pointe de l\u2019attaque des Reds. Les recrues Kerkez, Wirtz et Frimpong sont aussi pr\u00e9sents d\u00e8s le coup d\u2019envoi. \u00c0 noter que Ryan Gravenberch n\u2019est pas l\u00e0 pour cause de suspension.<\/p>\n<p class=\"fig-paragraph\">La composition compl\u00e8te\u00a0: Alisson &#8211; Frimpong, Van Dijk, Konat\u00e9, Kerkez -Szoboszlai, Mac Allister, Wirtz &#8211; Salah, Ekitike, Gakpo<\/p>\n","protected":false},"excerpt":{"rendered":"Arne Slot a choisi son premier onze de la saison. Le coach n\u00e9erlandais aligne le Fran\u00e7ais Hugo Ekitike,&hellip;\n","protected":false},"author":2,"featured_media":321359,"comment_status":"","ping_status":"","sticky":false,"template":"","format":"standard","meta":{"footnotes":""},"categories":[1412],"tags":[1451,1452,1453,1454,1455,1011,27,15383,7369,70,60],"class_list":{"0":"post-321358","1":"post","2":"type-post","3":"status-publish","4":"format-standard","5":"has-post-thumbnail","7":"category-f1","8":"tag-f1","9":"tag-formula-1","10":"tag-formula1","11":"tag-formule-1","12":"tag-formule1","13":"tag-fr","14":"tag-france","15":"tag-liverpool-fc","16":"tag-mohamed-salah","17":"tag-premier-league","18":"tag-sports"},"share_on_mastodon":{"url":"https:\/\/pubeurope.com\/@fr\/115034306932021681","error":""},"_links":{"self":[{"href":"https:\/\/www.europesays.com\/fr\/wp-json\/wp\/v2\/posts\/321358","targetHints":{"allow":["GET"]}}],"collection":[{"href":"https:\/\/www.europesays.com\/fr\/wp-json\/wp\/v2\/posts"}],"about":[{"href":"https:\/\/www.europesays.com\/fr\/wp-json\/wp\/v2\/types\/post"}],"author":[{"embeddable":true,"href":"https:\/\/www.europesays.com\/fr\/wp-json\/wp\/v2\/users\/2"}],"replies":[{"embeddable":true,"href":"https:\/\/www.europesays.com\/fr\/wp-json\/wp\/v2\/comments?post=321358"}],"version-history":[{"count":0,"href":"https:\/\/www.europesays.com\/fr\/wp-json\/wp\/v2\/posts\/321358\/revisions"}],"wp:featuredmedia":[{"embeddable":true,"href":"https:\/\/www.europesays.com\/fr\/wp-json\/wp\/v2\/media\/321359"}],"wp:attachment":[{"href":"https:\/\/www.europesays.com\/fr\/wp-json\/wp\/v2\/media?parent=321358"}],"wp:term":[{"taxonomy":"category","embeddable":true,"href":"https:\/\/www.europesays.com\/fr\/wp-json\/wp\/v2\/categories?post=321358"},{"taxonomy":"post_tag","embeddable":true,"href":"https:\/\/www.europesays.com\/fr\/wp-json\/wp\/v2\/tags?post=321358"}],"curies":[{"name":"wp","href":"https:\/\/api.w.org\/{rel}","templated":true}]}}