{"id":321366,"date":"2025-08-15T18:59:09","date_gmt":"2025-08-15T18:59:09","guid":{"rendered":"https:\/\/www.europesays.com\/fr\/321366\/"},"modified":"2025-08-15T18:59:09","modified_gmt":"2025-08-15T18:59:09","slug":"passez-en-cuisine-avec-la-cheffe-julia-sedefdjian-et-le-photographe-franck-hamel","status":"publish","type":"post","link":"https:\/\/www.europesays.com\/fr\/321366\/","title":{"rendered":"Passez en cuisine avec la cheffe Julia Sedefdjian et le photographe Franck Hamel"},"content":{"rendered":"<p>Julia Sedefdjian\u00a0:<\/p>\n<p class=\"PopSlotParagraph qg-tx2 qg-xtra-lh svelte-1r0pyek\">Entre deux services de son restaurant parisien Baieta, Julia Sedefjian nous fait le plaisir de sa venue.<\/p>\n<p class=\"PopSlotParagraph qg-tx2 qg-xtra-lh svelte-1r0pyek\">Arm\u00e9nie, Sicile, sa cuisine explose de saveurs et des souvenirs de son enfance ni\u00e7oise qu\u2019elle a emmen\u00e9 \u00e0 Paris avec elle. Au programme, beaucoup de l\u00e9gumes \u00e0 longue cuisson et de poissons savoureux, et la bouillabaisse qu&rsquo;elle r\u00e9invente\u00a0: \u00ab\u00a0Je n&rsquo;ai jamais pu me r\u00e9soudre \u00e0 l&rsquo;enlever de la carte.\u00a0\u00bb<\/p>\n<p class=\"PopSlotParagraph qg-tx2 qg-xtra-lh svelte-1r0pyek\">Inspirations, saveurs, responsabilit\u00e9 de cheffe dans un milieu exigeant de la gastronomie, elle nous raconte son parcours et le quotidien d&rsquo;une brigade de grand restaurant\u00a0!<\/p>\n<p> Franck Hamel<\/p>\n<p class=\"PopSlotParagraph qg-tx2 qg-xtra-lh svelte-1r0pyek\">Avouons-le, on aime tous photographier nos plats au restaurant. Aujourd&rsquo;hui, tout le monde se fait photographe culinaire et inonde les r\u00e9seaux sociaux de nourriture, mais Franck Hamel en a fait son m\u00e9tier.<\/p>\n<p class=\"PopSlotParagraph qg-tx2 qg-xtra-lh svelte-1r0pyek\">Ancien reporter \u00e0 l&rsquo;\u00e9tranger, il s&rsquo;est reconverti en tant que photographe culinaire quand la demande a augment\u00e9 avec l&rsquo;explosion des ventes de livre de cuisine. Il a gard\u00e9 de son ancienne discipline le go\u00fbt de la lumi\u00e8re naturelle, dont il se sert pour saisir la mati\u00e8re brut des produits.<\/p>\n<p class=\"PopSlotParagraph qg-tx2 qg-xtra-lh svelte-1r0pyek\">Ses photographies seront pr\u00e9sent\u00e9es au Festival international de photographie culinaire en octobre prochain \u00e0 Paris.<\/p>\n<p> Les recommandations culturelles des invit\u00e9s\u00a0:<\/p>\n<p class=\"PopSlotParagraph qg-tx2 qg-xtra-lh svelte-1r0pyek\"><strong>Julia Sedefjian<\/strong><br \/>La cheffe \u00e0 suivre\u00a0: Fanny Herpin\u00a0<br \/>L&rsquo;aliment le plus sous estim\u00e9 de la cuisine que vous adorez\u00a0: l\u2019anchois<\/p>\n<p class=\"PopSlotParagraph qg-tx2 qg-xtra-lh svelte-1r0pyek\"><strong>Franck Hamel<\/strong>\u00a0<br \/>Le photographe (non culinaire) qui continue de vous surprendre\u00a0: St\u00e9phane Labrunie, photographe de portrait\u00a0<br \/>Un compte \u201cfood\u201d \u00e0 suivre sur les r\u00e9seaux\u00a0:\u00a0Fran\u00e7ois-R\u00e9gis Gaudry<\/p>\n<p> La programmation musicale\u00a0:<\/p>\n<ul>\n<li>Christine and the Queens, Christine<\/li>\n<li>Bad Bunny, Nuevayol<\/li>\n<li>Enchant\u00e9e Julia, Ballade<\/li>\n<\/ul>\n","protected":false},"excerpt":{"rendered":"Julia Sedefdjian\u00a0: Entre deux services de son restaurant parisien Baieta, Julia Sedefjian nous fait le plaisir de sa&hellip;\n","protected":false},"author":2,"featured_media":321367,"comment_status":"","ping_status":"","sticky":false,"template":"","format":"standard","meta":{"footnotes":""},"categories":[1358],"tags":[1348,1384,1385,1386,58,59,1011,27],"class_list":{"0":"post-321366","1":"post","2":"type-post","3":"status-publish","4":"format-standard","5":"has-post-thumbnail","7":"category-arts-et-design","8":"tag-arts","9":"tag-arts-and-design","10":"tag-arts-et-design","11":"tag-design","12":"tag-divertissement","13":"tag-entertainment","14":"tag-fr","15":"tag-france"},"share_on_mastodon":{"url":"https:\/\/pubeurope.com\/@fr\/115034322690558144","error":""},"_links":{"self":[{"href":"https:\/\/www.europesays.com\/fr\/wp-json\/wp\/v2\/posts\/321366","targetHints":{"allow":["GET"]}}],"collection":[{"href":"https:\/\/www.europesays.com\/fr\/wp-json\/wp\/v2\/posts"}],"about":[{"href":"https:\/\/www.europesays.com\/fr\/wp-json\/wp\/v2\/types\/post"}],"author":[{"embeddable":true,"href":"https:\/\/www.europesays.com\/fr\/wp-json\/wp\/v2\/users\/2"}],"replies":[{"embeddable":true,"href":"https:\/\/www.europesays.com\/fr\/wp-json\/wp\/v2\/comments?post=321366"}],"version-history":[{"count":0,"href":"https:\/\/www.europesays.com\/fr\/wp-json\/wp\/v2\/posts\/321366\/revisions"}],"wp:featuredmedia":[{"embeddable":true,"href":"https:\/\/www.europesays.com\/fr\/wp-json\/wp\/v2\/media\/321367"}],"wp:attachment":[{"href":"https:\/\/www.europesays.com\/fr\/wp-json\/wp\/v2\/media?parent=321366"}],"wp:term":[{"taxonomy":"category","embeddable":true,"href":"https:\/\/www.europesays.com\/fr\/wp-json\/wp\/v2\/categories?post=321366"},{"taxonomy":"post_tag","embeddable":true,"href":"https:\/\/www.europesays.com\/fr\/wp-json\/wp\/v2\/tags?post=321366"}],"curies":[{"name":"wp","href":"https:\/\/api.w.org\/{rel}","templated":true}]}}