{"id":321370,"date":"2025-08-15T19:01:13","date_gmt":"2025-08-15T19:01:13","guid":{"rendered":"https:\/\/www.europesays.com\/fr\/321370\/"},"modified":"2025-08-15T19:01:13","modified_gmt":"2025-08-15T19:01:13","slug":"aaron-et-camille-en-deuil-apres-la-mort-de-simon-ludo-est-arrete-et-explique-quil-a-ete-contraint-de-tuer-le-resume-de-lepisode-2011-du-lundi-18-aout-2025","status":"publish","type":"post","link":"https:\/\/www.europesays.com\/fr\/321370\/","title":{"rendered":"Aaron et Camille en deuil apr\u00e8s la mort de Simon, Ludo est arr\u00eat\u00e9 et explique qu&rsquo;il a \u00e9t\u00e9 contraint de tuer&#8230; Le r\u00e9sum\u00e9 de l&rsquo;\u00e9pisode 2011 du lundi 18 ao\u00fbt 2025"},"content":{"rendered":"<p><b>Lundi 18 ao\u00fbt 2025, dans l&rsquo;\u00e9pisode 2011 de <\/b><b>Demain nous appartient<\/b>, avec <a href=\"https:\/\/www.programme-tv.net\/news\/series-tv\/385296-il-est-possible-que-son-petit-coeur-se-mette-a-battre-corinne-touzet-demain-nous-appartient-fait-des-revelations-sur-son-personnage-d-annie\/\" data-api-deeplink=\"teleloisirs:\/\/news\/385296\" target=\"_blank\" rel=\"noopener\">Corinne Touzet qui s&rsquo;est confi\u00e9e sur son personnage<\/a>&#8230; Au Spoon, Aaron est accabl\u00e9 par le deuil apr\u00e8s<a href=\"https:\/\/www.programme-tv.net\/news\/series-tv\/385395-demain-nous-appartient-en-avance-simon-se-precipite-pour-sauver-lizzie-victoire-et-fred-toujours-en-froid-le-resume-de-l-episode-2009-du-jeudi-14-aout-2025\/\" data-api-deeplink=\"teleloisirs:\/\/news\/385395\" target=\"_blank\" rel=\"noopener\"> l&rsquo;accident de son fr\u00e8re<\/a>. Il peut compter sur la compassion de Fred et Victoire. Tous trois sont encore sous le choc en d\u00e9couvrant que <a href=\"https:\/\/www.programme-tv.net\/news\/series-tv\/384909-demain-nous-appartient-en-avance-fred-est-sain-et-sauf-ludo-est-le-tueur-en-serie-le-resume-de-l-episode-2006-du-lundi-11-aout-2025\/\" data-api-deeplink=\"teleloisirs:\/\/news\/384909\" target=\"_blank\" rel=\"noopener\">Ludo serait le serial killer.<\/a> De son c\u00f4t\u00e9, Camille est aussi boulevers\u00e9e par la mort de Simon. Elle trouve du r\u00e9confort aupr\u00e8s de Maud.<\/p>\n<p><b>Demain nous appartient en avance\u00a0<\/b><b>: Ludo est arr\u00eat\u00e9 <\/b><\/p>\n<p>Alors que Fred s\u2019appr\u00eate \u00e0 partir en voiture, Ludo surgit et le prend en otage. Il clame son innocence, affirmant \u00eatre victime d\u2019une machination. Dans la voiture, Fred compose discr\u00e8tement le num\u00e9ro de Victoire, lui permettant, ainsi qu\u2019\u00e0 Aurore et Sara, d\u2019\u00e9couter toute la sc\u00e8ne. Coinc\u00e9 au volant, Fred tente de gagner du temps \u00e0 un feu rouge. L\u2019intervention rapide d&rsquo;Aurore permet l\u2019arrestation de Ludo.<\/p>\n<p>En salle d\u2019interrogatoire, ce dernier persiste \u00e0 nier les faits. Troubl\u00e9e, Aurore a la nette impression qu\u2019il lui cache quelque chose. Elle sollicite Fred pour obtenir des d\u00e9tails susceptibles de le d\u00e9stabiliser. De retour face \u00e0 Ludo, elle finit par le faire c\u00e9der : il avoue avoir agi sous la contrainte, expliquant que Joyce avait \u00e9t\u00e9 kidnapp\u00e9e et que ses ravisseurs mena\u00e7aient de la tuer s\u2019il refusait d\u2019ob\u00e9ir.<\/p>\n<p><b>Demain nous appartient en avance\u00a0<\/b><b>: Judith f\u00eate son anniversaire <\/b><\/p>\n<p>De leur c\u00f4t\u00e9, Alex et Chlo\u00e9 f\u00eatent l\u2019anniversaire de Judith. Ses parents lui offrent un stage de sculpture, sur une id\u00e9e de Maxime. De son c\u00f4t\u00e9, Violette rappelle \u00e0 Jordan l\u2019occasion sp\u00e9ciale et lui montre qu\u2019elle ne s\u2019opposerait pas \u00e0 ce qu\u2019il envoie un message \u00e0 Judith. Le jeune homme lui transmet alors un vocal\u2026 que Judith \u00e9coute en pr\u00e9sence de Chlo\u00e9. Cette derni\u00e8re sugg\u00e8re \u00e0 sa fille d\u2019inviter Jordan, mais Judith pr\u00e9f\u00e8re garder ses distances. Plus tard, la f\u00eate d\u2019anniversaire bat son plein. Judith est couverte de cadeaux, dont un superbe par\u00e9o. Persuad\u00e9e qu\u2019il provient de Jordan, elle ne peut s\u2019emp\u00eacher de sourire\u2026<\/p>\n<p>            <b>Demain nous appartient en avance\u00a0<\/b><b>: Manon, Nordine et Gabriel sont coinc\u00e9s<\/b><\/p>\n<p>Nordine et Manon sont ravis d\u2019avoir r\u00e9cup\u00e9r\u00e9 un grand fauteuil abandonn\u00e9 dans la rue. Ils tordent sans le savoir la poign\u00e9e de leur porte d\u2019entr\u00e9e. Plus tard, au Spoon, Nordine croise Gabriel et l\u2019invite chez eux. Mais en arrivant, la porte, laiss\u00e9e entrouverte pour faire circuler l\u2019air, claque violemment et se bloque. Bruno et Soraya \u00e9tant injoignables, et le serrurier r\u00e9clamant une somme exorbitante, une seule solution s\u2019impose : Gabriel passera la nuit dans le fameux fauteuil.<\/p>\n","protected":false},"excerpt":{"rendered":"Lundi 18 ao\u00fbt 2025, dans l&rsquo;\u00e9pisode 2011 de Demain nous appartient, avec Corinne Touzet qui s&rsquo;est confi\u00e9e sur&hellip;\n","protected":false},"author":2,"featured_media":321371,"comment_status":"","ping_status":"","sticky":false,"template":"","format":"standard","meta":{"footnotes":""},"categories":[1356],"tags":[244,3598,5247,58,59,1011,27,5250,5249,5248,5246,5252,252,199,5251,1364],"class_list":{"0":"post-321370","1":"post","2":"type-post","3":"status-publish","4":"format-standard","5":"has-post-thumbnail","7":"category-television","8":"tag-commentaire","9":"tag-demain-nous-appartient","10":"tag-demain-nous-appartient-en-avance","11":"tag-divertissement","12":"tag-entertainment","13":"tag-fr","14":"tag-france","15":"tag-lorie","16":"tag-mytf1-max","17":"tag-ru00e9sumu00e9-demain-nous-appartient","18":"tag-ru00e9sumu00e9-en-avance-demain-nous-appartient","19":"tag-su00e9ries-mania","20":"tag-television","21":"tag-tf1","22":"tag-tu00e9lu00e9-loisirs","23":"tag-tv"},"share_on_mastodon":{"url":"https:\/\/pubeurope.com\/@fr\/115034330592412753","error":""},"_links":{"self":[{"href":"https:\/\/www.europesays.com\/fr\/wp-json\/wp\/v2\/posts\/321370","targetHints":{"allow":["GET"]}}],"collection":[{"href":"https:\/\/www.europesays.com\/fr\/wp-json\/wp\/v2\/posts"}],"about":[{"href":"https:\/\/www.europesays.com\/fr\/wp-json\/wp\/v2\/types\/post"}],"author":[{"embeddable":true,"href":"https:\/\/www.europesays.com\/fr\/wp-json\/wp\/v2\/users\/2"}],"replies":[{"embeddable":true,"href":"https:\/\/www.europesays.com\/fr\/wp-json\/wp\/v2\/comments?post=321370"}],"version-history":[{"count":0,"href":"https:\/\/www.europesays.com\/fr\/wp-json\/wp\/v2\/posts\/321370\/revisions"}],"wp:featuredmedia":[{"embeddable":true,"href":"https:\/\/www.europesays.com\/fr\/wp-json\/wp\/v2\/media\/321371"}],"wp:attachment":[{"href":"https:\/\/www.europesays.com\/fr\/wp-json\/wp\/v2\/media?parent=321370"}],"wp:term":[{"taxonomy":"category","embeddable":true,"href":"https:\/\/www.europesays.com\/fr\/wp-json\/wp\/v2\/categories?post=321370"},{"taxonomy":"post_tag","embeddable":true,"href":"https:\/\/www.europesays.com\/fr\/wp-json\/wp\/v2\/tags?post=321370"}],"curies":[{"name":"wp","href":"https:\/\/api.w.org\/{rel}","templated":true}]}}