{"id":321376,"date":"2025-08-15T19:04:13","date_gmt":"2025-08-15T19:04:13","guid":{"rendered":"https:\/\/www.europesays.com\/fr\/321376\/"},"modified":"2025-08-15T19:04:13","modified_gmt":"2025-08-15T19:04:13","slug":"accidents-maladies-comment-le-cerveau-parvient-a-se-reparer","status":"publish","type":"post","link":"https:\/\/www.europesays.com\/fr\/321376\/","title":{"rendered":"Accidents, maladies&#8230; Comment le cerveau parvient \u00e0 se r\u00e9parer"},"content":{"rendered":"<p>    Il existe diff\u00e9rentes m\u00e9thodes pour aider \u00e0 r\u00e9cup\u00e9rer apr\u00e8s des l\u00e9sions c\u00e9r\u00e9brales.<br \/>\n                a \/ Peakstock &#8211; stock.adobe.com<\/p>\n<p><strong>D\u00c9CRYPTAGE <\/strong>&#8211; La capacit\u00e9 de l\u2019organe \u00e0 se modifier en permanence peut \u00eatre stimul\u00e9e par la r\u00e9\u00e9ducation, les impulsions \u00e9lectriques ou l\u2019injection de cellules souches.<\/p>\n<p class=\"fig-paragraph\">\u00ab\u00a0Du jour au lendemain, mon p\u00e8re \u00e9tait devenu comme un enfant. Il \u00e9tait apathique, incapable de savoir quel jour on \u00e9tait. Il ne se souvenait plus de ma date de naissance\u00a0\u00bb, t\u00e9moignait L\u00e9a \u00e0 l\u2019occasion de la journ\u00e9e mondiale de lutte contre\u00a0<a href=\"https:\/\/www.lefigaro.fr\/sciences\/eviter-l-accident-vasculaire-cerebral-en-prenant-soin-de-sa-bouche-20230205\" data-fig-type=\"Article\" data-gtm-custom-categorie=\"navigation\" data-gtm-custom-action=\"crossclick\" data-gtm-custom-label=\"Contextuel\" data-gtm-event=\"customEventSPE\" data-fig-domain=\"LEFIGARO\" target=\"_blank\" rel=\"noopener\">l\u2019accident vasculaire c\u00e9r\u00e9bral<\/a>. \u00c0 l\u2019origine de s\u00e9quelles chez 500\u00a0000 Fran\u00e7ais, cet accident redout\u00e9 est caus\u00e9 par l\u2019obstruction d\u2019une art\u00e8re du cerveau avec pour cons\u00e9quence une destruction, chaque minute, de 2\u00a0millions de neurones\u2026<\/p>\n<p class=\"fig-paragraph\">Mais l\u2019<a href=\"http:\/\/sante.lefigaro.fr\/medecine\/l-accident-ischemique-transitoire-ait-un-signal-precurseur-trop-souvent-ignore-d-avc-20250422\" data-fig-type=\"Article\" data-gtm-custom-categorie=\"navigation\" data-gtm-custom-action=\"crossclick\" data-gtm-custom-label=\"Contextuel\" data-gtm-event=\"customEventSPE\" data-fig-domain=\"SANTE\" target=\"_blank\" rel=\"noopener\">AVC\u00a0<\/a>n\u2019est pas le seul responsable de<a href=\"http:\/\/sante.lefigaro.fr\/medecine\/la-plasticite-cerebrale-une-precieuse-alliee-pour-recuperer-d-une-lesion-20240419\" data-fig-type=\"Article\" data-gtm-custom-categorie=\"navigation\" data-gtm-custom-action=\"crossclick\" data-gtm-custom-label=\"Contextuel\" data-gtm-event=\"customEventSPE\" data-fig-domain=\"SANTE\" target=\"_blank\" rel=\"noopener\">\u00a0l\u00e9sions c\u00e9r\u00e9brales<\/a>\u00a0: un traumatisme cr\u00e2nien, une m\u00e9ningite, une enc\u00e9phalite ou encore le manque d\u2019oxyg\u00e8ne par suite d\u2019arr\u00eat cardiaque ou d\u2019asphyxie passag\u00e8re peuvent aussi durablement ab\u00eemer le cerveau. Tout espoir n\u2019est cependant pas perdu\u00a0: notre enc\u00e9phale est dou\u00e9 d\u2019une facult\u00e9 remarquable, sa plasticit\u00e9, qui lui permet de se r\u00e9organiser en permanence. Il a n\u00e9anmoins besoin d\u2019un s\u00e9rieux coup de pouce au travers de programmes de r\u00e9\u00e9ducation\u2026<\/p>\n<p class=\"fig-paragraph\">\u00ab\u00a0Plus les l\u00e9sions sont\u2026<\/p>\n<p class=\"fig-premium-paywall__infos\">\n        Cet article est r\u00e9serv\u00e9 aux abonn\u00e9s.        Il vous reste 86% \u00e0 d\u00e9couvrir.\n    <\/p>\n<p>                <img  data- alt=\"Le Figaro\" class=\"fig-img--complete fig-img\"\/><\/p>\n<p class=\"fig-premium-paywall__title\">Vente Flash<\/p>\n<p class=\"fig-premium-paywall__subtitle\">4,99\u20ac par mois pendant 12 mois. Sans engagement<\/p>\n<p class=\"fig-premium-paywall__connect\">\n                D\u00e9j\u00e0 abonn\u00e9\u00a0?                <a class=\"fig-premium-paywall__connect-link\" href=\"https:\/\/connect.lefigaro.fr\/login?client=sante_web&amp;type=main&amp;redirect_uri=https%3A%2F%2Fsante.lefigaro.fr%2Fmedecine%2Faccidents-maladies-comment-le-cerveau-parvient-a-se-reparer-20250815\" data-js-gtm=\"{&quot;customCategorie&quot;: &quot;conversion&quot;, &quot;customAction&quot;: &quot;before_Landing_Connexion_paywall_auto&quot;, &quot;customLabel&quot;: &quot;c2FudGUubGVmaWdhcm8uZnJfXzFmMDRiNTJjLWNkMmMtNmE0Yy1hMzM5LWY1ODA0YmU1NmY0YV9fQXJ0aWNsZQ==_Accidents, maladies... Comment le cerveau parvient \u00e0 se r\u00e9parer_20&quot;, &quot;customIDSPE&quot;: &quot;c2FudGUubGVmaWdhcm8uZnJfXzFmMDRiNTJjLWNkMmMtNmE0Yy1hMzM5LWY1ODA0YmU1NmY0YV9fQXJ0aWNsZQ==&quot;, &quot;event&quot;: &quot;customEventSPE&quot;}\" target=\"_blank\" rel=\"noopener\"><br \/>\n                    Connectez-vous<br \/>\n                <\/a>\n            <\/p>\n","protected":false},"excerpt":{"rendered":"Il existe diff\u00e9rentes m\u00e9thodes pour aider \u00e0 r\u00e9cup\u00e9rer apr\u00e8s des l\u00e9sions c\u00e9r\u00e9brales. a \/ Peakstock &#8211; stock.adobe.com D\u00c9CRYPTAGE&hellip;\n","protected":false},"author":2,"featured_media":321377,"comment_status":"","ping_status":"","sticky":false,"template":"","format":"standard","meta":{"footnotes":""},"categories":[10],"tags":[231,1011,27,72,71],"class_list":{"0":"post-321376","1":"post","2":"type-post","3":"status-publish","4":"format-standard","5":"has-post-thumbnail","7":"category-sante","8":"tag-cerveau","9":"tag-fr","10":"tag-france","11":"tag-health","12":"tag-sante"},"share_on_mastodon":{"url":"https:\/\/pubeurope.com\/@fr\/115034342323047791","error":""},"_links":{"self":[{"href":"https:\/\/www.europesays.com\/fr\/wp-json\/wp\/v2\/posts\/321376","targetHints":{"allow":["GET"]}}],"collection":[{"href":"https:\/\/www.europesays.com\/fr\/wp-json\/wp\/v2\/posts"}],"about":[{"href":"https:\/\/www.europesays.com\/fr\/wp-json\/wp\/v2\/types\/post"}],"author":[{"embeddable":true,"href":"https:\/\/www.europesays.com\/fr\/wp-json\/wp\/v2\/users\/2"}],"replies":[{"embeddable":true,"href":"https:\/\/www.europesays.com\/fr\/wp-json\/wp\/v2\/comments?post=321376"}],"version-history":[{"count":0,"href":"https:\/\/www.europesays.com\/fr\/wp-json\/wp\/v2\/posts\/321376\/revisions"}],"wp:featuredmedia":[{"embeddable":true,"href":"https:\/\/www.europesays.com\/fr\/wp-json\/wp\/v2\/media\/321377"}],"wp:attachment":[{"href":"https:\/\/www.europesays.com\/fr\/wp-json\/wp\/v2\/media?parent=321376"}],"wp:term":[{"taxonomy":"category","embeddable":true,"href":"https:\/\/www.europesays.com\/fr\/wp-json\/wp\/v2\/categories?post=321376"},{"taxonomy":"post_tag","embeddable":true,"href":"https:\/\/www.europesays.com\/fr\/wp-json\/wp\/v2\/tags?post=321376"}],"curies":[{"name":"wp","href":"https:\/\/api.w.org\/{rel}","templated":true}]}}