{"id":321391,"date":"2025-08-15T19:12:18","date_gmt":"2025-08-15T19:12:18","guid":{"rendered":"https:\/\/www.europesays.com\/fr\/321391\/"},"modified":"2025-08-15T19:12:18","modified_gmt":"2025-08-15T19:12:18","slug":"saint-chamond-lentreprise-ecoresponsable-ms42-recrute-dans-le-secteur-de-la-proprete","status":"publish","type":"post","link":"https:\/\/www.europesays.com\/fr\/321391\/","title":{"rendered":"Saint-Chamond. L\u2019entreprise \u00e9coresponsable MS42 recrute dans le secteur de la propret\u00e9"},"content":{"rendered":"<p>Install\u00e9e depuis 2011 dans la commune, MS42, entreprise de propret\u00e9 et de maintenance \u00e0 destination des professionnels, est dirig\u00e9e par deux associ\u00e9s, Olivier Erba et Vincent Fischer. Elle emploie pr\u00e8s de 200 salari\u00e9s, soit l\u2019\u00e9quivalent de 58 temps plein, pour intervenir sur un secteur allant de Roanne jusqu\u2019au Puy-en-Velay et Givors. Nettoyage de locaux, entretien et m\u00e9nage, remise en \u00e9tat apr\u00e8s&#8230;<\/p>\n","protected":false},"excerpt":{"rendered":"Install\u00e9e depuis 2011 dans la commune, MS42, entreprise de propret\u00e9 et de maintenance \u00e0 destination des professionnels, est&hellip;\n","protected":false},"author":2,"featured_media":321392,"comment_status":"","ping_status":"","sticky":false,"template":"","format":"standard","meta":{"footnotes":""},"categories":[9653],"tags":[1111,11,2430,33,7539,1777,674,1011,27,12,25,9669,9670,4001,216],"class_list":{"0":"post-321391","1":"post","2":"type-post","3":"status-publish","4":"format-standard","5":"has-post-thumbnail","7":"category-saint-etienne","8":"tag-actu","9":"tag-actualites","10":"tag-auvergne-rhone-alpes","11":"tag-economie","12":"tag-edition-loire-sud","13":"tag-eu","14":"tag-europe","15":"tag-fr","16":"tag-france","17":"tag-news","18":"tag-republique-francaise","19":"tag-saint-chamond","20":"tag-saint-chamond-ville","21":"tag-saint-etienne","22":"tag-vie-des-entreprises"},"share_on_mastodon":{"url":"https:\/\/pubeurope.com\/@fr\/115034373753426284","error":""},"_links":{"self":[{"href":"https:\/\/www.europesays.com\/fr\/wp-json\/wp\/v2\/posts\/321391","targetHints":{"allow":["GET"]}}],"collection":[{"href":"https:\/\/www.europesays.com\/fr\/wp-json\/wp\/v2\/posts"}],"about":[{"href":"https:\/\/www.europesays.com\/fr\/wp-json\/wp\/v2\/types\/post"}],"author":[{"embeddable":true,"href":"https:\/\/www.europesays.com\/fr\/wp-json\/wp\/v2\/users\/2"}],"replies":[{"embeddable":true,"href":"https:\/\/www.europesays.com\/fr\/wp-json\/wp\/v2\/comments?post=321391"}],"version-history":[{"count":0,"href":"https:\/\/www.europesays.com\/fr\/wp-json\/wp\/v2\/posts\/321391\/revisions"}],"wp:featuredmedia":[{"embeddable":true,"href":"https:\/\/www.europesays.com\/fr\/wp-json\/wp\/v2\/media\/321392"}],"wp:attachment":[{"href":"https:\/\/www.europesays.com\/fr\/wp-json\/wp\/v2\/media?parent=321391"}],"wp:term":[{"taxonomy":"category","embeddable":true,"href":"https:\/\/www.europesays.com\/fr\/wp-json\/wp\/v2\/categories?post=321391"},{"taxonomy":"post_tag","embeddable":true,"href":"https:\/\/www.europesays.com\/fr\/wp-json\/wp\/v2\/tags?post=321391"}],"curies":[{"name":"wp","href":"https:\/\/api.w.org\/{rel}","templated":true}]}}