{"id":321393,"date":"2025-08-15T19:13:14","date_gmt":"2025-08-15T19:13:14","guid":{"rendered":"https:\/\/www.europesays.com\/fr\/321393\/"},"modified":"2025-08-15T19:13:14","modified_gmt":"2025-08-15T19:13:14","slug":"le-bilan-du-sejour-de-jeunes-ukrainiens","status":"publish","type":"post","link":"https:\/\/www.europesays.com\/fr\/321393\/","title":{"rendered":"le bilan du s\u00e9jour de jeunes Ukrainiens"},"content":{"rendered":"<p>Dans la salle des mariages de l\u2019H\u00f4tel de Ville de Saint-\u00c9tienne, les sourires sont de sortie. Apr\u00e8s dix jours pass\u00e9s au Chalet des Alpes, au Bessat, vingt adolescents ukrainiens ont \u00e9t\u00e9 re\u00e7us lundi 12\u00a0ao\u00fbt par Diarra Kane, adjointe au d\u00e9veloppement durable et membre de la d\u00e9l\u00e9gation internationale. L\u2019occasion de dresser le bilan de leur parenth\u00e8se dans le Pilat.<\/p>\n<p>Depuis leur arriv\u00e9e le 4\u00a0ao\u00fbt, ces jeunes \u00e2g\u00e9s de 12 \u00e0 16 ans,&#8230;<\/p>\n","protected":false},"excerpt":{"rendered":"Dans la salle des mariages de l\u2019H\u00f4tel de Ville de Saint-\u00c9tienne, les sourires sont de sortie. Apr\u00e8s dix&hellip;\n","protected":false},"author":2,"featured_media":321394,"comment_status":"","ping_status":"","sticky":false,"template":"","format":"standard","meta":{"footnotes":""},"categories":[9653],"tags":[1111,11,2430,3206,7539,1777,674,1011,27,12,25,4001,7538,104],"class_list":{"0":"post-321393","1":"post","2":"type-post","3":"status-publish","4":"format-standard","5":"has-post-thumbnail","7":"category-saint-etienne","8":"tag-actu","9":"tag-actualites","10":"tag-auvergne-rhone-alpes","11":"tag-defense-guerre-conflit","12":"tag-edition-loire-sud","13":"tag-eu","14":"tag-europe","15":"tag-fr","16":"tag-france","17":"tag-news","18":"tag-republique-francaise","19":"tag-saint-etienne","20":"tag-saint-etienne-ville","21":"tag-societe"},"share_on_mastodon":{"url":"https:\/\/pubeurope.com\/@fr\/115034377793816858","error":""},"_links":{"self":[{"href":"https:\/\/www.europesays.com\/fr\/wp-json\/wp\/v2\/posts\/321393","targetHints":{"allow":["GET"]}}],"collection":[{"href":"https:\/\/www.europesays.com\/fr\/wp-json\/wp\/v2\/posts"}],"about":[{"href":"https:\/\/www.europesays.com\/fr\/wp-json\/wp\/v2\/types\/post"}],"author":[{"embeddable":true,"href":"https:\/\/www.europesays.com\/fr\/wp-json\/wp\/v2\/users\/2"}],"replies":[{"embeddable":true,"href":"https:\/\/www.europesays.com\/fr\/wp-json\/wp\/v2\/comments?post=321393"}],"version-history":[{"count":0,"href":"https:\/\/www.europesays.com\/fr\/wp-json\/wp\/v2\/posts\/321393\/revisions"}],"wp:featuredmedia":[{"embeddable":true,"href":"https:\/\/www.europesays.com\/fr\/wp-json\/wp\/v2\/media\/321394"}],"wp:attachment":[{"href":"https:\/\/www.europesays.com\/fr\/wp-json\/wp\/v2\/media?parent=321393"}],"wp:term":[{"taxonomy":"category","embeddable":true,"href":"https:\/\/www.europesays.com\/fr\/wp-json\/wp\/v2\/categories?post=321393"},{"taxonomy":"post_tag","embeddable":true,"href":"https:\/\/www.europesays.com\/fr\/wp-json\/wp\/v2\/tags?post=321393"}],"curies":[{"name":"wp","href":"https:\/\/api.w.org\/{rel}","templated":true}]}}