{"id":321403,"date":"2025-08-15T19:20:13","date_gmt":"2025-08-15T19:20:13","guid":{"rendered":"https:\/\/www.europesays.com\/fr\/321403\/"},"modified":"2025-08-15T19:20:13","modified_gmt":"2025-08-15T19:20:13","slug":"voici-les-rendez-vous-de-samedi-et-dimanche","status":"publish","type":"post","link":"https:\/\/www.europesays.com\/fr\/321403\/","title":{"rendered":"voici les rendez-vous de samedi et dimanche"},"content":{"rendered":"<p>            Par<br \/>\n        <strong><br \/>\n            <a href=\"https:\/\/actu.fr\/auteur\/fmass\" title=\"Consulter tous les articles de Fabien Massin\" target=\"_blank\" rel=\"noopener\">Fabien Massin<\/a><br \/>\n        <\/strong><\/p>\n<p>        Publi\u00e9 le<\/p>\n<p>            15 ao\u00fbt 2025 \u00e0 17h53        <\/p>\n<p>Nous sommes en plein c\u0153ur de l\u2019\u00e9t\u00e9 et la saison des <a href=\"https:\/\/actu.fr\/tag\/foires-a-tout\" target=\"_blank\" rel=\"noopener\">foires \u00e0 tout<\/a> et<a href=\"https:\/\/actu.fr\/tag\/vide-greniers\" target=\"_blank\" rel=\"noopener\"> vide-greniers<\/a> bat son plein. Amateurs de ce genre de rendez-vous en <a href=\"https:\/\/actu.fr\/normandie\/seine-maritime_76\" target=\"_blank\" rel=\"noopener\">Seine-Maritime<\/a>, voici votre programme du weekend, samedi 16 et dimanche 15 ao\u00fbt 2025.\u00a0<\/p>\n<p>Les rendez-vous de samedi<\/p>\n<p class=\" wall-content\"><strong>\u2022 Campneuseville :<\/strong> foire \u00e0 tout route neuve de 7h \u00e0 18h. Entre 100 et 200 exposants, entr\u00e9e gratuite.\u00a0<\/p>\n<p class=\" wall-content\"><strong>\u2022 Elbeuf :<\/strong> foire \u00e0 tout place du champ de foire de 6h \u00e0 18h. Plus de 300 exposants, entr\u00e9e gratuite.\u00a0<\/p>\n<p class=\" wall-content\"><strong>\u2022 Le Havre :<\/strong> brocante place Perret de 8h \u00e0 14h. Moins de 50 exposants, entr\u00e9e gratuite.\u00a0<\/p>\n<p>Les rendez-vous de dimanche<\/p>\n<p class=\" wall-content\"><strong>\u2022 Azouville-sur-Ry :<\/strong> foire \u00e0 tout Sentier des Passeux de 6h \u00e0 18h. Entre 50 et 100 exposants, entr\u00e9e gratuite.\u00a0<\/p>\n<p class=\" wall-content\"><strong>\u2022 Bois-Himont :<\/strong> foire \u00e0 tout rue de la Pierre-Noire de 8h \u00e0 18h. Entre 50 et 100 exposants, entr\u00e9e gratuite.\u00a0<\/p>\n<p class=\" wall-content\"><strong>\u2022 Elbeuf :<\/strong> foire \u00e0 tout place du champ de foire de 6h \u00e0 18h. Plus de 300 exposants, entr\u00e9e gratuite.\u00a0<\/p>\n<p class=\" wall-content\"><strong>\u2022 Ellecourt :<\/strong> foire \u00e0 tout devant la salle communale de 7h \u00e0 18h. Moins de 50 exposants, entr\u00e9e gratuite.\u00a0<\/p>\n<p class=\" wall-content\"><strong>\u2022 Gaillefontaine :<\/strong> foire \u00e0 tout dans le village de 6h \u00e0 18h. Entre 100 et 200 exposants, entr\u00e9e gratuite.\u00a0<\/p>\n<p class=\" wall-content\"><strong>\u2022 Ganzeville :<\/strong> vide-greniers \u00e0 l\u2019ancienne \u00e9cole rue du moulin de de 8h \u00e0 18h. Moins de 50 exposants, entr\u00e9e 1 euro.\u00a0<\/p>\n<p class=\" wall-content\"><strong>\u2022 Le Mesnil-sous-Jumi\u00e8ges :<\/strong> foire \u00e0 tout place \u00a0Joseph-Lefebvre de 8h \u00e0 18h. Entre 50 et 100 exposants, entr\u00e9e gratuite.\u00a0<\/p>\n<p class=\" wall-content\"><strong>\u2022 Maromme :<\/strong> foire \u00e0 tout au terrain de p\u00e9tanque. Entre 50 et 100 exposants, entr\u00e9e gratuite.\u00a0<\/p>\n<p class=\" wall-content\"><strong>\u2022 Quiberville :<\/strong> vide-greniers rue de la mer de 7h \u00e0 18h. Entre 200 et 300 exposants, entr\u00e9e gratuite.\u00a0<\/p>\n<p class=\" wall-content\"><strong>\u2022 Sandouville :<\/strong> vide-greniers au terrain de foot de 8h \u00e0 18h. Entre 50 et 100 exposants, entr\u00e9e 1 euro.\u00a0<\/p>\n<p>Vous souhaitez annoncer un \u00e9v\u00e9nement festif ou associatif, une initiative locale ? Rendez-vous sur notre plateforme <a href=\"https:\/\/www.infolocale.fr\/decouvrir\/actu\/\" target=\"_blank\" rel=\"noopener\">Infolocale<\/a>.<\/p>\n<p class=\" wall-content\">Suivez toute l\u2019actualit\u00e9 de vos villes et m\u00e9dias favoris en vous inscrivant \u00e0 <a href=\"https:\/\/moncompte.actu.fr\" title=\"D\u00e9couvez Mon Actu\" rel=\"nofollow noopener\" data-trk=\"{&quot;cta&quot;:{&quot;action&quot;:&quot;https:\\\/\\\/moncompte.actu.fr&quot;,&quot;category&quot;:&quot;mon compte&quot;,&quot;from&quot;:&quot;article footer&quot;,&quot;name&quot;:&quot;Mon actu&quot;,&quot;type&quot;:&quot;cta&quot;}}\" target=\"_blank\">Mon Actu<\/a>.<\/p>\n<ul class=\"ac-article-tag wall-content\">\n<li><a href=\"https:\/\/actu.fr\/tag\/foires-a-tout\" data-trk=\"{&quot;cta&quot;:{&quot;action&quot;:&quot;Foires \\u00e0 tout&quot;,&quot;category&quot;:&quot;tag&quot;,&quot;from&quot;:&quot;article footer&quot;,&quot;name&quot;:&quot;Foires \\u00e0 tout&quot;,&quot;type&quot;:&quot;cta&quot;}}\" target=\"_blank\" rel=\"noopener\">#Foires \u00e0 tout<\/a><\/li>\n<li><a href=\"https:\/\/actu.fr\/tag\/vide-greniers\" data-trk=\"{&quot;cta&quot;:{&quot;action&quot;:&quot;Vide-greniers&quot;,&quot;category&quot;:&quot;tag&quot;,&quot;from&quot;:&quot;article footer&quot;,&quot;name&quot;:&quot;Vide-greniers&quot;,&quot;type&quot;:&quot;cta&quot;}}\" target=\"_blank\" rel=\"noopener\">#Vide-greniers<\/a><\/li>\n<\/ul>\n","protected":false},"excerpt":{"rendered":"Par Fabien Massin Publi\u00e9 le 15 ao\u00fbt 2025 \u00e0 17h53 Nous sommes en plein c\u0153ur de l\u2019\u00e9t\u00e9 et&hellip;\n","protected":false},"author":2,"featured_media":321404,"comment_status":"","ping_status":"","sticky":false,"template":"","format":"standard","meta":{"footnotes":""},"categories":[9587],"tags":[1111,11,1777,674,10087,1011,27,1652,12,5161,25,9590,3365],"class_list":{"0":"post-321403","1":"post","2":"type-post","3":"status-publish","4":"format-standard","5":"has-post-thumbnail","7":"category-rouen","8":"tag-actu","9":"tag-actualites","10":"tag-eu","11":"tag-europe","12":"tag-foires-a-tout","13":"tag-fr","14":"tag-france","15":"tag-loisirs-culture","16":"tag-news","17":"tag-normandie","18":"tag-republique-francaise","19":"tag-rouen","20":"tag-vide-greniers"},"share_on_mastodon":{"url":"https:\/\/pubeurope.com\/@fr\/115034405229035828","error":""},"_links":{"self":[{"href":"https:\/\/www.europesays.com\/fr\/wp-json\/wp\/v2\/posts\/321403","targetHints":{"allow":["GET"]}}],"collection":[{"href":"https:\/\/www.europesays.com\/fr\/wp-json\/wp\/v2\/posts"}],"about":[{"href":"https:\/\/www.europesays.com\/fr\/wp-json\/wp\/v2\/types\/post"}],"author":[{"embeddable":true,"href":"https:\/\/www.europesays.com\/fr\/wp-json\/wp\/v2\/users\/2"}],"replies":[{"embeddable":true,"href":"https:\/\/www.europesays.com\/fr\/wp-json\/wp\/v2\/comments?post=321403"}],"version-history":[{"count":0,"href":"https:\/\/www.europesays.com\/fr\/wp-json\/wp\/v2\/posts\/321403\/revisions"}],"wp:featuredmedia":[{"embeddable":true,"href":"https:\/\/www.europesays.com\/fr\/wp-json\/wp\/v2\/media\/321404"}],"wp:attachment":[{"href":"https:\/\/www.europesays.com\/fr\/wp-json\/wp\/v2\/media?parent=321403"}],"wp:term":[{"taxonomy":"category","embeddable":true,"href":"https:\/\/www.europesays.com\/fr\/wp-json\/wp\/v2\/categories?post=321403"},{"taxonomy":"post_tag","embeddable":true,"href":"https:\/\/www.europesays.com\/fr\/wp-json\/wp\/v2\/tags?post=321403"}],"curies":[{"name":"wp","href":"https:\/\/api.w.org\/{rel}","templated":true}]}}