{"id":321405,"date":"2025-08-15T19:21:16","date_gmt":"2025-08-15T19:21:16","guid":{"rendered":"https:\/\/www.europesays.com\/fr\/321405\/"},"modified":"2025-08-15T19:21:16","modified_gmt":"2025-08-15T19:21:16","slug":"en-direct-football-national-2e-journee-le-dfco-et-rouen-a-egalite-a-la-mi-temps","status":"publish","type":"post","link":"https:\/\/www.europesays.com\/fr\/321405\/","title":{"rendered":"En direct Football &#8211; National (2e journ\u00e9e). Le DFCO et Rouen a \u00e9galit\u00e9 \u00e0 la mi-temps"},"content":{"rendered":"<p>&#13;<br \/>\n                                                    En direct&#13;<br \/>\n                        &#13;\n                                            <\/p>\n<p>Pour cette deuxi\u00e8me journ\u00e9e de championnat, le Dijon FCO re\u00e7oit le FC Rouen. Un premier match \u00e0 domicile qui est l&rsquo;occasion de confirmer apr\u00e8s la victoire acquise \u00e0 Orl\u00e9ans (1-2) en ouverture du National. Coup d&rsquo;envoi \u00e0 19h30.\u00a0<\/p>\n<p>&#13;<br \/>\n              Le Bien Public  &#8211; &#13;<br \/>\n        &#13;<br \/>\n          Aujourd&rsquo;hui \u00e0 18:45&#13;<br \/>\n    &#13;<br \/>\n                  | mis \u00e0 jour aujourd&rsquo;hui \u00e0 21:19&#13;<br \/>\n              &#8211; Temps de lecture : &#13;<br \/>\n  &#13;\n<\/p>\n<p>                        &#13;<br \/>\n    &#13;<br \/>\n    &#13;<br \/>\n    <a href=\"https:\/\/cdn-s-www.bienpublic.com\/images\/C4EC1C64-9160-4818-A33F-169F00F00E57\/NW_raw\/photo-vincent-poyer-1755269405.jpg\" title=\"Photo Vincent Poyer\" class=\"chocolat-image GA-tracking\" data-ga_type=\"click\" data-ga_category=\"D\u00e9tail\" data-ga_action=\"zoomer\" data-ga_label=\"aggrandir image\" target=\"_blank\" rel=\"noopener\">&#13;<br \/>\n        <img src=\"https:\/\/www.europesays.com\/fr\/wp-content\/uploads\/2025\/08\/photo-vincent-poyer-1755269405.jpg\"   alt=\"Photo Vincent Poyer\" fetchpriority=\"high\" decoding=\"async\" data-mobile=\"NW_detail_M|1755269405\" data-base=\"NW_detail|1755269405\"\/>&#13;<br \/>\n    <\/a>&#13;<\/p>\n<p>Photo Vincent Poyer<\/p>\n","protected":false},"excerpt":{"rendered":"&#13; En direct&#13; &#13; Pour cette deuxi\u00e8me journ\u00e9e de championnat, le Dijon FCO re\u00e7oit le FC Rouen. Un&hellip;\n","protected":false},"author":2,"featured_media":321406,"comment_status":"","ping_status":"","sticky":false,"template":"","format":"standard","meta":{"footnotes":""},"categories":[9587],"tags":[1111,11,2931,24879,2930,1777,674,107,1701,63,1011,27,12,5161,25,9590,517],"class_list":{"0":"post-321405","1":"post","2":"type-post","3":"status-publish","4":"format-standard","5":"has-post-thumbnail","7":"category-rouen","8":"tag-actu","9":"tag-actualites","10":"tag-cote-dor","11":"tag-dfco-dijon-football-cote-dor","12":"tag-dijon","13":"tag-eu","14":"tag-europe","15":"tag-fil-info","16":"tag-fil-info-sport","17":"tag-football","18":"tag-fr","19":"tag-france","20":"tag-news","21":"tag-normandie","22":"tag-republique-francaise","23":"tag-rouen","24":"tag-sport"},"share_on_mastodon":{"url":"https:\/\/pubeurope.com\/@fr\/115034409418709320","error":""},"_links":{"self":[{"href":"https:\/\/www.europesays.com\/fr\/wp-json\/wp\/v2\/posts\/321405","targetHints":{"allow":["GET"]}}],"collection":[{"href":"https:\/\/www.europesays.com\/fr\/wp-json\/wp\/v2\/posts"}],"about":[{"href":"https:\/\/www.europesays.com\/fr\/wp-json\/wp\/v2\/types\/post"}],"author":[{"embeddable":true,"href":"https:\/\/www.europesays.com\/fr\/wp-json\/wp\/v2\/users\/2"}],"replies":[{"embeddable":true,"href":"https:\/\/www.europesays.com\/fr\/wp-json\/wp\/v2\/comments?post=321405"}],"version-history":[{"count":0,"href":"https:\/\/www.europesays.com\/fr\/wp-json\/wp\/v2\/posts\/321405\/revisions"}],"wp:featuredmedia":[{"embeddable":true,"href":"https:\/\/www.europesays.com\/fr\/wp-json\/wp\/v2\/media\/321406"}],"wp:attachment":[{"href":"https:\/\/www.europesays.com\/fr\/wp-json\/wp\/v2\/media?parent=321405"}],"wp:term":[{"taxonomy":"category","embeddable":true,"href":"https:\/\/www.europesays.com\/fr\/wp-json\/wp\/v2\/categories?post=321405"},{"taxonomy":"post_tag","embeddable":true,"href":"https:\/\/www.europesays.com\/fr\/wp-json\/wp\/v2\/tags?post=321405"}],"curies":[{"name":"wp","href":"https:\/\/api.w.org\/{rel}","templated":true}]}}