{"id":321411,"date":"2025-08-15T19:30:13","date_gmt":"2025-08-15T19:30:13","guid":{"rendered":"https:\/\/www.europesays.com\/fr\/321411\/"},"modified":"2025-08-15T19:30:13","modified_gmt":"2025-08-15T19:30:13","slug":"geispolsheim-chez-tacot-la-passion-du-patrimoine-automobile-se-decline-a-toutes-les-echelles","status":"publish","type":"post","link":"https:\/\/www.europesays.com\/fr\/321411\/","title":{"rendered":"Geispolsheim. Chez Tacot, la passion du patrimoine automobile se d\u00e9cline \u00e0 toutes les \u00e9chelles"},"content":{"rendered":"<p>\u25b6 \u2002 <strong>Une histoire alsacienne.-<\/strong> Tacot mais c\u2019est bien s\u00fbr\u00a0? On est \u00e0 Geispolsheim mais, comme beaucoup de visiteurs, on se souvient de la boutique strasbourgeoise Grand\u2019rue, dans un local de plus de 80 m\u00b2 de surface de vente et 180 m\u00b2 de r\u00e9serves et bureaux. \u00ab\u00a0Notre histoire a d\u00e9but\u00e9 en 1979, rue du Maire-Kuss dans 16\u00a0m\u00b2. On a ferm\u00e9 Grand\u2019rue par manque de place en 2010, mais c\u2019est incroyable comment les gens s\u2019en souviennent encore\u00a0\u00bb, explique Pierre Wattebled, le patron de Tacot, entreprise atypique consacr\u00e9e \u00e0 la miniature automobile de collection. \u00ab\u00a0On avait cr\u00e9\u00e9 le site de vente sur internet en 2002, mais c\u2019\u00e9tait trop t\u00f4t. Les gens ne voulaient pas&#8230;<\/p>\n","protected":false},"excerpt":{"rendered":"\u25b6 \u2002 Une histoire alsacienne.- Tacot mais c\u2019est bien s\u00fbr\u00a0? On est \u00e0 Geispolsheim mais, comme beaucoup de&hellip;\n","protected":false},"author":2,"featured_media":321412,"comment_status":"","ping_status":"","sticky":false,"template":"","format":"standard","meta":{"footnotes":""},"categories":[2820],"tags":[1111,11,2389,1477,646,2649,4406,130,33,2880,1777,674,107,1011,27,4076,775,12,25,4604,640,3089,216],"class_list":{"0":"post-321411","1":"post","2":"type-post","3":"status-publish","4":"format-standard","5":"has-post-thumbnail","7":"category-strasbourg","8":"tag-actu","9":"tag-actualites","10":"tag-alsace","11":"tag-artisanat","12":"tag-automobile","13":"tag-bas-rhin","14":"tag-commerce-et-services","15":"tag-consommation","16":"tag-economie","17":"tag-edition-strasbourg","18":"tag-eu","19":"tag-europe","20":"tag-fil-info","21":"tag-fr","22":"tag-france","23":"tag-geispolsheim","24":"tag-grand-est","25":"tag-news","26":"tag-republique-francaise","27":"tag-selection-abonne","28":"tag-strasbourg","29":"tag-strasbourg-sud","30":"tag-vie-des-entreprises"},"share_on_mastodon":{"url":"https:\/\/pubeurope.com\/@fr\/115034444527873762","error":""},"_links":{"self":[{"href":"https:\/\/www.europesays.com\/fr\/wp-json\/wp\/v2\/posts\/321411","targetHints":{"allow":["GET"]}}],"collection":[{"href":"https:\/\/www.europesays.com\/fr\/wp-json\/wp\/v2\/posts"}],"about":[{"href":"https:\/\/www.europesays.com\/fr\/wp-json\/wp\/v2\/types\/post"}],"author":[{"embeddable":true,"href":"https:\/\/www.europesays.com\/fr\/wp-json\/wp\/v2\/users\/2"}],"replies":[{"embeddable":true,"href":"https:\/\/www.europesays.com\/fr\/wp-json\/wp\/v2\/comments?post=321411"}],"version-history":[{"count":0,"href":"https:\/\/www.europesays.com\/fr\/wp-json\/wp\/v2\/posts\/321411\/revisions"}],"wp:featuredmedia":[{"embeddable":true,"href":"https:\/\/www.europesays.com\/fr\/wp-json\/wp\/v2\/media\/321412"}],"wp:attachment":[{"href":"https:\/\/www.europesays.com\/fr\/wp-json\/wp\/v2\/media?parent=321411"}],"wp:term":[{"taxonomy":"category","embeddable":true,"href":"https:\/\/www.europesays.com\/fr\/wp-json\/wp\/v2\/categories?post=321411"},{"taxonomy":"post_tag","embeddable":true,"href":"https:\/\/www.europesays.com\/fr\/wp-json\/wp\/v2\/tags?post=321411"}],"curies":[{"name":"wp","href":"https:\/\/api.w.org\/{rel}","templated":true}]}}