{"id":321413,"date":"2025-08-15T19:31:13","date_gmt":"2025-08-15T19:31:13","guid":{"rendered":"https:\/\/www.europesays.com\/fr\/321413\/"},"modified":"2025-08-15T19:31:13","modified_gmt":"2025-08-15T19:31:13","slug":"emegha-annonce-ses-grandes-ambitions-pour-la-ligue-conference-c4-strasbourg","status":"publish","type":"post","link":"https:\/\/www.europesays.com\/fr\/321413\/","title":{"rendered":"Emegha annonce ses grandes ambitions pour la Ligue Conf\u00e9rence &#8211; C4 &#8211; Strasbourg"},"content":{"rendered":"<p>Les termes.<\/p>\n<p>Avant de lancer sa troisi\u00e8me saison avec Strasbourg, <strong>Emanuel Emegha<\/strong> a affich\u00e9 en conf\u00e9rence de presse ce vendredi ses ambitions et celles du club. Au sujet de la Ligue Conf\u00e9rence, l\u2019attaquant, qui a inscrit 14 buts lors de l\u2019exercice pr\u00e9c\u00e9dent (TCC), a \u00e9t\u00e9 clair : <strong>\u00ab\u202fOn ne veut pas disputer la Ligue Conf\u00e9rence juste pour y \u00eatre, on veut gagner ! \u202f\u00bb<\/strong><\/p>\n<p>Mais d\u2019abord, une qualification \u00e0 d\u00e9crocher<\/p>\n<p>Si le nouveau capitaine affiche un tel degr\u00e9 de confiance, c\u2019est surtout parce que les Alsaciens ont pu <strong>conserver la majeure partie de leur effectif, qui avait permis de hisser le club \u00e0 la septi\u00e8me place l\u2019ann\u00e9e derni\u00e8re<\/strong>. Mais vu qu\u2019il ne faut pas mettre la charrue avant les b\u0153ufs, l\u2019international n\u00e9erlandais a pr\u00e9cis\u00e9 : \u00ab\u00a0D\u00e9j\u00e0, il faut se qualifier (en barrages contre Br\u00f6ndby, NDLR).\u00a0Mais on ne pense pas du tout \u00e0 une \u00e9limination, on veut juste gagner. On n\u2019en a pas encore parl\u00e9, car on est d\u2019abord concentr\u00e9 sur dimanche pour aller nous imposer \u00e0 Metz.\u00a0\u00bb<strong> L\u2019aller aura lieu \u00e0 La Mainau le jeudi 21 ao\u00fbt \u00e0 20 heures tandis que le retour est programm\u00e9 le jeudi 28 ao\u00fbt au Danemark.<\/strong><\/p>\n<p><a target=\"_blank\" href=\"https:\/\/www.sofoot.com\/articles\/ligue-des-champions-benfica-inflige-un-deuxieme-2-0-a-nice-et-envoie-les-aiglons-en-europa-league\" rel=\"nofollow noopener\">Esp\u00e9rons que cette fois \u00e7a passera.<\/a><\/p>\n","protected":false},"excerpt":{"rendered":"Les termes. Avant de lancer sa troisi\u00e8me saison avec Strasbourg, Emanuel Emegha a affich\u00e9 en conf\u00e9rence de presse&hellip;\n","protected":false},"author":2,"featured_media":321414,"comment_status":"","ping_status":"","sticky":false,"template":"","format":"standard","meta":{"footnotes":""},"categories":[2820],"tags":[1111,47,11,61,69,65,64,1777,674,63,1011,27,775,68,66,12,62,70,25,67,640],"class_list":{"0":"post-321413","1":"post","2":"type-post","3":"status-publish","4":"format-standard","5":"has-post-thumbnail","7":"category-strasbourg","8":"tag-actu","9":"tag-actualite","10":"tag-actualites","11":"tag-actus-football","12":"tag-bundesliga","13":"tag-championnats-europeens","14":"tag-equipe-de-france","15":"tag-eu","16":"tag-europe","17":"tag-football","18":"tag-fr","19":"tag-france","20":"tag-grand-est","21":"tag-ligua","22":"tag-ligue-1","23":"tag-news","24":"tag-news-foot","25":"tag-premier-league","26":"tag-republique-francaise","27":"tag-serie-a","28":"tag-strasbourg"},"share_on_mastodon":{"url":"https:\/\/pubeurope.com\/@fr\/115034448352435429","error":""},"_links":{"self":[{"href":"https:\/\/www.europesays.com\/fr\/wp-json\/wp\/v2\/posts\/321413","targetHints":{"allow":["GET"]}}],"collection":[{"href":"https:\/\/www.europesays.com\/fr\/wp-json\/wp\/v2\/posts"}],"about":[{"href":"https:\/\/www.europesays.com\/fr\/wp-json\/wp\/v2\/types\/post"}],"author":[{"embeddable":true,"href":"https:\/\/www.europesays.com\/fr\/wp-json\/wp\/v2\/users\/2"}],"replies":[{"embeddable":true,"href":"https:\/\/www.europesays.com\/fr\/wp-json\/wp\/v2\/comments?post=321413"}],"version-history":[{"count":0,"href":"https:\/\/www.europesays.com\/fr\/wp-json\/wp\/v2\/posts\/321413\/revisions"}],"wp:featuredmedia":[{"embeddable":true,"href":"https:\/\/www.europesays.com\/fr\/wp-json\/wp\/v2\/media\/321414"}],"wp:attachment":[{"href":"https:\/\/www.europesays.com\/fr\/wp-json\/wp\/v2\/media?parent=321413"}],"wp:term":[{"taxonomy":"category","embeddable":true,"href":"https:\/\/www.europesays.com\/fr\/wp-json\/wp\/v2\/categories?post=321413"},{"taxonomy":"post_tag","embeddable":true,"href":"https:\/\/www.europesays.com\/fr\/wp-json\/wp\/v2\/tags?post=321413"}],"curies":[{"name":"wp","href":"https:\/\/api.w.org\/{rel}","templated":true}]}}