{"id":321420,"date":"2025-08-15T19:42:12","date_gmt":"2025-08-15T19:42:12","guid":{"rendered":"https:\/\/www.europesays.com\/fr\/321420\/"},"modified":"2025-08-15T19:42:12","modified_gmt":"2025-08-15T19:42:12","slug":"bordeaux-avranches-le-groupe-des-girondins-par-bruno-irles","status":"publish","type":"post","link":"https:\/\/www.europesays.com\/fr\/321420\/","title":{"rendered":"Bordeaux-Avranches : le groupe des Girondins par Bruno Irl\u00e8s"},"content":{"rendered":"<p><img decoding=\"async\" src=\"https:\/\/www.europesays.com\/fr\/wp-content\/uploads\/2025\/08\/671_654f6bd6bd8f10315d0a7db305628ae1.jpg\" alt=\"Bordeaux-Avranches : le groupe des Girondins par Bruno Irl\u00e8s\" class=\"img-responsive mt-3\"\/><\/p>\n<p class=\"text-center mb-3\" style=\"font-size: 14px\">\u00a9 Iconsport<\/p>\n<p>Voici les 16 joueurs retenus par l&rsquo;entra\u00eeneur Bruno Irl\u00e8s.<\/p>\n<p><strong>Gardiens<\/strong> : Hoekstra, Diabat\u00e9<\/p>\n<p><strong>D\u00e9fenseurs<\/strong> : Droehnl\u00e9, Jousselin, Vandenabeele, Trichard<\/p>\n<p><strong>Milieux<\/strong> : Ba, Diop, Moreau Nguyen, Ramon, Odru<\/p>\n<p><strong>Attaquants<\/strong> : Etonde, Openda, Rizaldos, Shamal, Villette<\/p>\n<p><strong>Absents<\/strong> : Bahassa (r\u00e9athl\u00e9tisation), Manna\u00ef (r\u00e9athl\u00e9tisation), Ciss\u00e9 (entorse du genou), Merdji (choix), Yamber\u00e9 (choix), Beugre (choix), Agossa (choix), Grillot (suspendu).<\/p>\n<p>\u00a0<\/p>\n<p>\u00c0 lire &gt;&gt; <strong><a href=\"https:\/\/www.webgirondins.com\/actualite-girondins-exclusif-xavier-gravelaine-se-confie-sur-bordeaux-en-n2-et-le-match-face-aux-girondins-130050\" target=\"_blank\" rel=\"noopener\">Exclusif : Xavier Gravelaine se confie sur Bordeaux en N2 et le match face aux Girondins<\/a><\/strong><\/p>\n<p>Notre podcast court :<\/p>\n","protected":false},"excerpt":{"rendered":"\u00a9 Iconsport Voici les 16 joueurs retenus par l&rsquo;entra\u00eeneur Bruno Irl\u00e8s. Gardiens : Hoekstra, Diabat\u00e9 D\u00e9fenseurs : Droehnl\u00e9,&hellip;\n","protected":false},"author":2,"featured_media":292567,"comment_status":"","ping_status":"","sticky":false,"template":"","format":"standard","meta":{"footnotes":""},"categories":[2817],"tags":[1111,11,2865,17295,1997,3211,13767,1777,674,1011,27,1987,2705,45135,3212,3465,3238,12,2219,4789,471,3051,22702,25,3982,2858],"class_list":{"0":"post-321420","1":"post","2":"type-post","3":"status-publish","4":"format-standard","5":"has-post-thumbnail","7":"category-bordeaux","8":"tag-actu","9":"tag-actualites","10":"tag-atlantique","11":"tag-avranches","12":"tag-bordeaux","13":"tag-bruno","14":"tag-cedric","15":"tag-eu","16":"tag-europe","17":"tag-fr","18":"tag-france","19":"tag-girondins","20":"tag-groupe","21":"tag-hengbart","22":"tag-irles","23":"tag-journee","24":"tag-national","25":"tag-news","26":"tag-nouvelle-aquitaine","27":"tag-poule","28":"tag-pour","29":"tag-premiere","30":"tag-recoivent","31":"tag-republique-francaise","32":"tag-samedi","33":"tag-stade"},"share_on_mastodon":{"url":"https:\/\/pubeurope.com\/@fr\/115034491975926812","error":""},"_links":{"self":[{"href":"https:\/\/www.europesays.com\/fr\/wp-json\/wp\/v2\/posts\/321420","targetHints":{"allow":["GET"]}}],"collection":[{"href":"https:\/\/www.europesays.com\/fr\/wp-json\/wp\/v2\/posts"}],"about":[{"href":"https:\/\/www.europesays.com\/fr\/wp-json\/wp\/v2\/types\/post"}],"author":[{"embeddable":true,"href":"https:\/\/www.europesays.com\/fr\/wp-json\/wp\/v2\/users\/2"}],"replies":[{"embeddable":true,"href":"https:\/\/www.europesays.com\/fr\/wp-json\/wp\/v2\/comments?post=321420"}],"version-history":[{"count":0,"href":"https:\/\/www.europesays.com\/fr\/wp-json\/wp\/v2\/posts\/321420\/revisions"}],"wp:featuredmedia":[{"embeddable":true,"href":"https:\/\/www.europesays.com\/fr\/wp-json\/wp\/v2\/media\/292567"}],"wp:attachment":[{"href":"https:\/\/www.europesays.com\/fr\/wp-json\/wp\/v2\/media?parent=321420"}],"wp:term":[{"taxonomy":"category","embeddable":true,"href":"https:\/\/www.europesays.com\/fr\/wp-json\/wp\/v2\/categories?post=321420"},{"taxonomy":"post_tag","embeddable":true,"href":"https:\/\/www.europesays.com\/fr\/wp-json\/wp\/v2\/tags?post=321420"}],"curies":[{"name":"wp","href":"https:\/\/api.w.org\/{rel}","templated":true}]}}