{"id":321421,"date":"2025-08-15T19:43:11","date_gmt":"2025-08-15T19:43:11","guid":{"rendered":"https:\/\/www.europesays.com\/fr\/321421\/"},"modified":"2025-08-15T19:43:11","modified_gmt":"2025-08-15T19:43:11","slug":"gravement-brule-dans-lincendie-de-sa-maison-un-homme-de-70-ans-heliporte-vers-toulouse","status":"publish","type":"post","link":"https:\/\/www.europesays.com\/fr\/321421\/","title":{"rendered":"Gravement br\u00fbl\u00e9 dans l&rsquo;incendie de sa maison, un homme de 70 ans h\u00e9liport\u00e9 vers Toulouse"},"content":{"rendered":"<p>            Par<br \/>\n        <strong><br \/>\n            <a href=\"https:\/\/actu.fr\/auteur\/marie-lamarque\" title=\"Consulter tous les articles de Marie Lamarque\" rel=\"nofollow noopener\" target=\"_blank\">Marie Lamarque<\/a><br \/>\n        <\/strong><\/p>\n<p>        Publi\u00e9 le<\/p>\n<p>            15 ao\u00fbt 2025 \u00e0 20h22        <\/p>\n<p><a href=\"https:\/\/actu.fr\/occitanie\/foix_09122\/des-temperatures-exceptionnelles-annoncees-en-occitanie-quand-va-s-arreter-la-canicule_63033854.html\" rel=\"nofollow noopener\" target=\"_blank\">En pleine canicule<\/a>, avec des temp\u00e9ratures \u00e9lev\u00e9es partout en Occitanie, <a href=\"https:\/\/actu.fr\/occitanie\/lacabarede_81121\/l-un-des-plus-grands-feux-de-l-ete-se-reactive-dans-le-tarn-les-pompiers-alertent_63042155.html\" rel=\"nofollow noopener\" target=\"_blank\">plusieurs incendies<\/a> se sont d\u00e9clar\u00e9s ce vendredi 15 ao\u00fbt 2025. Les pompiers ont notamment \u00e9t\u00e9 appel\u00e9s pour un feu survenu dans la commune de <strong>Berdoues<\/strong>, <a href=\"https:\/\/actu.fr\/occitanie\/gers_32\" rel=\"nofollow noopener\" target=\"_blank\">dans le Gers<\/a>, ce vendredi 15 ao\u00fbt 2025. <strong>Trois personnes ont \u00e9t\u00e9 bless\u00e9es<\/strong>.<\/p>\n<p>    <a href=\"https:\/\/www.google.com\/maps\/embed?pb=!1m18!1m12!1m3!1d23164.973683858458!2d0.3797728470387895!3d43.468494243405765!2m3!1f0!2f0!3f0!3m2!1i1024!2i768!4f13.1!3m3!1m2!1s0x12a9bd8752fdf501%3A0xf017291a2121138a!2s32300%20Berdoues!5e0!3m2!1sfr!2sfr!4v1755280908954!5m2!1sfr!2sfr\" title=\"Ouvrie le lien\" rel=\"nofollow noopener\" target=\"_blank\">Cliquez ici pour visualiser le contenu<\/a><\/p>\n<p>La maison d\u00e9truite par les flammes<\/p>\n<p class=\" wall-content\">Le feu s\u2019est d\u00e9clar\u00e9 dans <strong>une maison de 300 m\u00b2 qui a \u00e9t\u00e9 enti\u00e8rement d\u00e9truite<\/strong> par les flammes. Trois hectares de terrain ont \u00e9t\u00e9 touch\u00e9s.\u00a0<\/p>\n<p>    <img   decoding=\"async\" loading=\"lazy\" src=\"https:\/\/www.europesays.com\/fr\/wp-content\/uploads\/2025\/08\/incendie-gers-pompiers-1-960x640.jpg\" alt=\"La maison a \u00e9t\u00e9 d\u00e9truite par les flammes.\" width=\"960\" height=\"640\"\/><br \/>\n    La maison a \u00e9t\u00e9 d\u00e9truite par les flammes. (\u00a9SDIS 32)Un homme h\u00e9liport\u00e9 vers Toulouse<\/p>\n<p class=\" wall-content\">Les pompiers ont pris en charge <strong>trois personnes bless\u00e9es<\/strong> dans l\u2019incendie. Parmi elles, le propri\u00e9taire de la maison, un homme de 70 ans, <strong>gravement br\u00fbl\u00e9<\/strong>. Il a \u00e9t\u00e9 h\u00e9liport\u00e9 vers l\u2019h\u00f4pital de Purpan, \u00e0 Toulouse.<\/p>\n<p>Vid\u00e9os : en ce moment sur Actu<\/p>\n<p class=\" wall-content\">Deux femmes, l\u2019une habitant la maison, et l\u2019autre voisine, \u00e2g\u00e9es de 70 et 79 ans, ont re\u00e7u des soins sur les lieux. Elles \u00e9taient d\u00e9shydrat\u00e9es et en \u00e9tat de choc.<\/p>\n<p>53 pompiers engag\u00e9s<\/p>\n<p class=\" wall-content\">Deux habitations menac\u00e9es par le feu ont pu \u00eatre prot\u00e9g\u00e9es. \u00c0 19h, les op\u00e9rations \u00e9taient encore en cours afin de noyer le feu.<\/p>\n<p class=\" wall-content\"><strong>53 pompiers ont \u00e9t\u00e9 mobilis\u00e9s<\/strong> en tout.<\/p>\n<p>    <a href=\"https:\/\/www.facebook.com\/plugins\/post.php?href=https%3A%2F%2Fwww.facebook.com%2Fsdis32%2Fposts%2Fpfbid02QATiB175xFevq61Fntyi7xuYEdXauxDc5cm1b4No4ySKkkZdqAQLguvLjYzwYiwPl&amp;show_text=true&amp;width=350\" title=\"Ouvrie le lien\" rel=\"nofollow noopener\" target=\"_blank\">Cliquez ici pour visualiser le contenu<\/a><\/p>\n<p class=\" wall-content\">Suivez toute l\u2019actualit\u00e9 de vos villes et m\u00e9dias favoris en vous inscrivant \u00e0 <a href=\"https:\/\/moncompte.actu.fr\" title=\"D\u00e9couvez Mon Actu\" rel=\"nofollow noopener\" data-trk=\"{&quot;cta&quot;:{&quot;action&quot;:&quot;https:\\\/\\\/moncompte.actu.fr&quot;,&quot;category&quot;:&quot;mon compte&quot;,&quot;from&quot;:&quot;article footer&quot;,&quot;name&quot;:&quot;Mon actu&quot;,&quot;type&quot;:&quot;cta&quot;}}\" target=\"_blank\">Mon Actu<\/a>.<\/p>\n","protected":false},"excerpt":{"rendered":"Par Marie Lamarque Publi\u00e9 le 15 ao\u00fbt 2025 \u00e0 20h22 En pleine canicule, avec des temp\u00e9ratures \u00e9lev\u00e9es partout&hellip;\n","protected":false},"author":2,"featured_media":321422,"comment_status":"","ping_status":"","sticky":false,"template":"","format":"standard","meta":{"footnotes":""},"categories":[2816],"tags":[1111,11,1777,674,118,1011,27,1310,12,2680,1311,25,2312],"class_list":{"0":"post-321421","1":"post","2":"type-post","3":"status-publish","4":"format-standard","5":"has-post-thumbnail","7":"category-toulouse","8":"tag-actu","9":"tag-actualites","10":"tag-eu","11":"tag-europe","12":"tag-faits-divers","13":"tag-fr","14":"tag-france","15":"tag-incendie","16":"tag-news","17":"tag-occitanie","18":"tag-pompiers","19":"tag-republique-francaise","20":"tag-toulouse"},"share_on_mastodon":{"url":"https:\/\/pubeurope.com\/@fr\/115034495673587480","error":""},"_links":{"self":[{"href":"https:\/\/www.europesays.com\/fr\/wp-json\/wp\/v2\/posts\/321421","targetHints":{"allow":["GET"]}}],"collection":[{"href":"https:\/\/www.europesays.com\/fr\/wp-json\/wp\/v2\/posts"}],"about":[{"href":"https:\/\/www.europesays.com\/fr\/wp-json\/wp\/v2\/types\/post"}],"author":[{"embeddable":true,"href":"https:\/\/www.europesays.com\/fr\/wp-json\/wp\/v2\/users\/2"}],"replies":[{"embeddable":true,"href":"https:\/\/www.europesays.com\/fr\/wp-json\/wp\/v2\/comments?post=321421"}],"version-history":[{"count":0,"href":"https:\/\/www.europesays.com\/fr\/wp-json\/wp\/v2\/posts\/321421\/revisions"}],"wp:featuredmedia":[{"embeddable":true,"href":"https:\/\/www.europesays.com\/fr\/wp-json\/wp\/v2\/media\/321422"}],"wp:attachment":[{"href":"https:\/\/www.europesays.com\/fr\/wp-json\/wp\/v2\/media?parent=321421"}],"wp:term":[{"taxonomy":"category","embeddable":true,"href":"https:\/\/www.europesays.com\/fr\/wp-json\/wp\/v2\/categories?post=321421"},{"taxonomy":"post_tag","embeddable":true,"href":"https:\/\/www.europesays.com\/fr\/wp-json\/wp\/v2\/tags?post=321421"}],"curies":[{"name":"wp","href":"https:\/\/api.w.org\/{rel}","templated":true}]}}