{"id":321425,"date":"2025-08-15T19:46:10","date_gmt":"2025-08-15T19:46:10","guid":{"rendered":"https:\/\/www.europesays.com\/fr\/321425\/"},"modified":"2025-08-15T19:46:10","modified_gmt":"2025-08-15T19:46:10","slug":"losc-lille-j1-sept-absents-chez-les-dogues-pour-affronter-le-stade-brestois-29","status":"publish","type":"post","link":"https:\/\/www.europesays.com\/fr\/321425\/","title":{"rendered":"LOSC Lille &#8211; J1 : Sept absents chez les Dogues pour affronter le Stade Brestois 29"},"content":{"rendered":"<p><strong data-start=\"1836\" data-end=\"2005\">Ce vendredi, Bruno<br \/>\nGenesio a pris la parole en conf\u00e9rence de presse \u00e0 l\u2019approche de<br \/>\nStade Brestois 29 \u2013 LOSC Lille pr\u00e9vu le 17 ao\u00fbt 2025. Bilan des<br \/>\nforces lilloises.<\/strong><\/p>\n<p data-start=\"129\" data-end=\"1025\">Pour leur entr\u00e9e en lice en<br \/>\nLigue 1 ce dimanche \u00e0 Brest (15h), les Dogues devront faire sans<br \/>\nplusieurs joueurs. Bruno Genesio a dress\u00e9 la liste des absents lors<br \/>\nde sa premi\u00e8re conf\u00e9rence de presse de la saison.<br \/>\n<strong data-start=\"340\" data-end=\"358\">Osame Sahraoui<\/strong>,<br \/>\ntouch\u00e9 au pied, est forfait. <strong data-start=\"389\" data-end=\"404\">A\u00efssa Mandi<\/strong> souffre de douleurs aux adducteurs apr\u00e8s<br \/>\navoir quitt\u00e9 pr\u00e9matur\u00e9ment le match amical disput\u00e9 \u00e0 Londres.<br \/>\n<strong data-start=\"508\" data-end=\"532\">Marc-Aur\u00e8le<br \/>\nCaillard<\/strong> est g\u00ean\u00e9 au coude et devrait manquer la<br \/>\ncomp\u00e9tition \u00ab pendant quelques temps \u00bb. <strong data-start=\"613\" data-end=\"629\">Ethan Mbapp\u00e9<\/strong> poursuit sa r\u00e9\u00e9ducation \u00e0<br \/>\nClairefontaine, tandis que <strong data-start=\"683\" data-end=\"699\">Tiago Santos<\/strong> a vu sa reprise retard\u00e9e par une angine<br \/>\n; son retour \u00e0 l\u2019entra\u00eenement avec le groupe est esp\u00e9r\u00e9 la semaine<br \/>\nprochaine. \u00c0 ces forfaits s\u2019ajoute la suspension de<br \/>\n<strong data-start=\"859\" data-end=\"877\">Thomas Meunier<\/strong><br \/>\npour accumulation de cartons jaunes. Enfin, <strong data-start=\"922\" data-end=\"939\">Edon Zhegrova<\/strong>, toujours absent de<br \/>\nl\u2019entra\u00eenement, ne devrait pas \u00eatre du d\u00e9placement en Bretagne.<\/p>\n","protected":false},"excerpt":{"rendered":"Ce vendredi, Bruno Genesio a pris la parole en conf\u00e9rence de presse \u00e0 l\u2019approche de Stade Brestois 29&hellip;\n","protected":false},"author":2,"featured_media":321426,"comment_status":"","ping_status":"","sticky":false,"template":"","format":"standard","meta":{"footnotes":""},"categories":[2815],"tags":[1111,11,1777,674,1011,27,811,1307,12,25],"class_list":{"0":"post-321425","1":"post","2":"type-post","3":"status-publish","4":"format-standard","5":"has-post-thumbnail","7":"category-lille","8":"tag-actu","9":"tag-actualites","10":"tag-eu","11":"tag-europe","12":"tag-fr","13":"tag-france","14":"tag-hauts-de-france","15":"tag-lille","16":"tag-news","17":"tag-republique-francaise"},"share_on_mastodon":{"url":"https:\/\/pubeurope.com\/@fr\/115034507451708147","error":""},"_links":{"self":[{"href":"https:\/\/www.europesays.com\/fr\/wp-json\/wp\/v2\/posts\/321425","targetHints":{"allow":["GET"]}}],"collection":[{"href":"https:\/\/www.europesays.com\/fr\/wp-json\/wp\/v2\/posts"}],"about":[{"href":"https:\/\/www.europesays.com\/fr\/wp-json\/wp\/v2\/types\/post"}],"author":[{"embeddable":true,"href":"https:\/\/www.europesays.com\/fr\/wp-json\/wp\/v2\/users\/2"}],"replies":[{"embeddable":true,"href":"https:\/\/www.europesays.com\/fr\/wp-json\/wp\/v2\/comments?post=321425"}],"version-history":[{"count":0,"href":"https:\/\/www.europesays.com\/fr\/wp-json\/wp\/v2\/posts\/321425\/revisions"}],"wp:featuredmedia":[{"embeddable":true,"href":"https:\/\/www.europesays.com\/fr\/wp-json\/wp\/v2\/media\/321426"}],"wp:attachment":[{"href":"https:\/\/www.europesays.com\/fr\/wp-json\/wp\/v2\/media?parent=321425"}],"wp:term":[{"taxonomy":"category","embeddable":true,"href":"https:\/\/www.europesays.com\/fr\/wp-json\/wp\/v2\/categories?post=321425"},{"taxonomy":"post_tag","embeddable":true,"href":"https:\/\/www.europesays.com\/fr\/wp-json\/wp\/v2\/tags?post=321425"}],"curies":[{"name":"wp","href":"https:\/\/api.w.org\/{rel}","templated":true}]}}