{"id":321427,"date":"2025-08-15T19:47:10","date_gmt":"2025-08-15T19:47:10","guid":{"rendered":"https:\/\/www.europesays.com\/fr\/321427\/"},"modified":"2025-08-15T19:47:10","modified_gmt":"2025-08-15T19:47:10","slug":"dans-les-rues-du-panier-la-procession-de-lassomption-partagee-entre-les-generations","status":"publish","type":"post","link":"https:\/\/www.europesays.com\/fr\/321427\/","title":{"rendered":"Dans les rues du Panier, la procession de l\u2019Assomption partag\u00e9e entre les g\u00e9n\u00e9rations"},"content":{"rendered":"<p>Sur le parvis de <a href=\"https:\/\/www.laprovence.com\/article\/edition-marseille\/4324915\/la-cathedrale-de-la-major-porte-de-lorient.html\" target=\"_blank\" rel=\"noopener\">La Major <\/a>(2e), ce vendredi 15\u00a0ao\u00fbt au soir, des hommes ou femmes seules, des familles avec de jeunes enfants, patientent sous les arches. Comme Antoinette et Erik, qui se retrouvent chaque 15\u00a0ao\u00fbt depuis quatre ans pour c\u00e9l\u00e9brer <a href=\"https:\/\/www.laprovence.com\/article\/region\/1806624341595\/la-procession-aux-flambeaux-de-l-assomption-jusqua-notre-dame-de-la-garde-attire-la-foule-a-marseille\" target=\"_blank\" rel=\"noopener\">l\u2019Assomption, cette f\u00eate qui symbolise \u00ab\u00a0l\u2019entr\u00e9e au ciel de la Vierge Marie\u00a0\u00bb<\/a>.\u00a0Elle, 80\u00a0ans, est une fervente croyante. Lui, la quarantaine, la consid\u00e8re comme sa \u00ab\u00a0maman de c\u0153ur\u00a0\u00bb. Voisins aux R\u00e9form\u00e9s, elle regardait les messes sur les cha\u00eenes italiennes le dimanche pendant qu\u2019Erik insistait pour qu\u2019elle l\u2019accompagne \u00e0 la messe. Un jour, elle accepte et leur rituel commence par l\u2019Assomption \u00e0 La Major. \u00ab\u00a0C\u2019est \u00e7a, le catholicisme\u00a0: le partage, l\u2019aum\u00f4ne, l\u2019amour\u00a0\u00bb, confie Erik, la main sur le c\u0153ur.<\/p>\n","protected":false},"excerpt":{"rendered":"Sur le parvis de La Major (2e), ce vendredi 15\u00a0ao\u00fbt au soir, des hommes ou femmes seules, des&hellip;\n","protected":false},"author":2,"featured_media":321428,"comment_status":"","ping_status":"","sticky":false,"template":"","format":"standard","meta":{"footnotes":""},"categories":[2814],"tags":[17,1111,11,1446,1777,674,1011,27,45911,151,884,12,9444,45909,882,16,25,16915],"class_list":{"0":"post-321427","1":"post","2":"type-post","3":"status-publish","4":"format-standard","5":"has-post-thumbnail","7":"category-marseille","8":"tag-17","9":"tag-actu","10":"tag-actualites","11":"tag-dans","12":"tag-eu","13":"tag-europe","14":"tag-fr","15":"tag-france","16":"tag-lassomption","17":"tag-les","18":"tag-marseille","19":"tag-news","20":"tag-panier","21":"tag-procession","22":"tag-provence-alpes-cote-dazur","23":"tag-region","24":"tag-republique-francaise","25":"tag-rues"},"share_on_mastodon":{"url":"https:\/\/pubeurope.com\/@fr\/115034511365270364","error":""},"_links":{"self":[{"href":"https:\/\/www.europesays.com\/fr\/wp-json\/wp\/v2\/posts\/321427","targetHints":{"allow":["GET"]}}],"collection":[{"href":"https:\/\/www.europesays.com\/fr\/wp-json\/wp\/v2\/posts"}],"about":[{"href":"https:\/\/www.europesays.com\/fr\/wp-json\/wp\/v2\/types\/post"}],"author":[{"embeddable":true,"href":"https:\/\/www.europesays.com\/fr\/wp-json\/wp\/v2\/users\/2"}],"replies":[{"embeddable":true,"href":"https:\/\/www.europesays.com\/fr\/wp-json\/wp\/v2\/comments?post=321427"}],"version-history":[{"count":0,"href":"https:\/\/www.europesays.com\/fr\/wp-json\/wp\/v2\/posts\/321427\/revisions"}],"wp:featuredmedia":[{"embeddable":true,"href":"https:\/\/www.europesays.com\/fr\/wp-json\/wp\/v2\/media\/321428"}],"wp:attachment":[{"href":"https:\/\/www.europesays.com\/fr\/wp-json\/wp\/v2\/media?parent=321427"}],"wp:term":[{"taxonomy":"category","embeddable":true,"href":"https:\/\/www.europesays.com\/fr\/wp-json\/wp\/v2\/categories?post=321427"},{"taxonomy":"post_tag","embeddable":true,"href":"https:\/\/www.europesays.com\/fr\/wp-json\/wp\/v2\/tags?post=321427"}],"curies":[{"name":"wp","href":"https:\/\/api.w.org\/{rel}","templated":true}]}}