{"id":321438,"date":"2025-08-15T19:55:10","date_gmt":"2025-08-15T19:55:10","guid":{"rendered":"https:\/\/www.europesays.com\/fr\/321438\/"},"modified":"2025-08-15T19:55:10","modified_gmt":"2025-08-15T19:55:10","slug":"lappartement-de-liliane-gainsbourg-ravage-par-les-flammes-a-boulogne-la-soeur-de-lartiste-hospitalisee","status":"publish","type":"post","link":"https:\/\/www.europesays.com\/fr\/321438\/","title":{"rendered":"L\u2019appartement de Liliane Gainsbourg ravag\u00e9 par les flammes\u00a0\u00e0 Boulogne\u00a0: la s\u0153ur de l\u2019artiste hospitalis\u00e9e"},"content":{"rendered":"<p class=\"paragraph text_align_left lp-f-body-02\">Elle est \u00e2g\u00e9e de 97 ans. Ce vendredi matin, Liliane Gainsbourg, la discr\u00e8te s\u0153ur jumelle de <a href=\"https:\/\/www.leparisien.fr\/culture-loisirs\/serge-gainsbourg-on-a-visite-sa-mythique-maison-rue-de-verneuil-avant-son-ouverture-au-public-13-09-2023-WRWSIB25TZHMFCK52FUXSEJHZY.php\" target=\"_blank\" rel=\"noreferrer noopener\">Serge Gainsbourg<\/a>, a \u00e9t\u00e9 transport\u00e9e en urgence absolue \u00e0 l\u2019h\u00f4pital Ambroise-Par\u00e9, apr\u00e8s un violent incendie dans son appartement, situ\u00e9 au 4e \u00e9tage d\u2019un immeuble de Boulogne-Billancourt.<\/p>\n<p class=\"paragraph text_align_left lp-f-body-02\">C\u2019est avec des br\u00fblures au niveau des bras et des jambes et en d\u00e9tresse respiratoire cons\u00e9cutive \u00e0 l\u2019inhalation des fum\u00e9es que la s\u0153ur du c\u00e9l\u00e8bre artiste a \u00e9t\u00e9 prise en charge par les secours. La cons\u00e9quence d\u2019un incendie qui s\u2019est d\u00e9clar\u00e9 en fin de matin\u00e9e dans l\u2019appartement de la nonag\u00e9naire.<\/p>\n<p class=\"paragraph text_align_left lp-f-body-02\">Un incendie, qui a mobilis\u00e9 une quinzaine de v\u00e9hicules de sapeurs-pompiers. \u00ab Rapidement ma\u00eetris\u00e9es \u00bb par les soldats du feu, selon la brigade des sapeurs-pompiers de Paris, les flammes ont malgr\u00e9 tout presque int\u00e9gralement ravag\u00e9 l\u2019appartement de Liliane Gainsbourg.<\/p>\n<p class=\"paragraph text_align_left lp-f-body-02\">L\u2019origine de l\u2019incendie reste \u00e0 d\u00e9terminer mais un dysfonctionnement au niveau d\u2019un grille-pain \u00e9lectrique pourrait \u00eatre la cause du sinistre. Outre Liliane Gainsbourg, une autre victime a \u00e9t\u00e9 prise en charge par les services de secours. Il s\u2019agit de la gardienne de l\u2019immeuble, elle aussi en d\u00e9tresse respiratoire apr\u00e8s avoir inhal\u00e9 des fum\u00e9es.<\/p>\n","protected":false},"excerpt":{"rendered":"Elle est \u00e2g\u00e9e de 97 ans. Ce vendredi matin, Liliane Gainsbourg, la discr\u00e8te s\u0153ur jumelle de Serge Gainsbourg,&hellip;\n","protected":false},"author":2,"featured_media":137382,"comment_status":"","ping_status":"","sticky":false,"template":"","format":"standard","meta":{"footnotes":""},"categories":[1888],"tags":[11,1777,674,118,1011,27,3314,1944,12,626,25],"class_list":{"0":"post-321438","1":"post","2":"type-post","3":"status-publish","4":"format-standard","5":"has-post-thumbnail","7":"category-paris","8":"tag-actualites","9":"tag-eu","10":"tag-europe","11":"tag-faits-divers","12":"tag-fr","13":"tag-france","14":"tag-hauts-de-seine","15":"tag-ma-ville","16":"tag-news","17":"tag-paris","18":"tag-republique-francaise"},"share_on_mastodon":{"url":"https:\/\/pubeurope.com\/@fr\/115034542819921965","error":""},"_links":{"self":[{"href":"https:\/\/www.europesays.com\/fr\/wp-json\/wp\/v2\/posts\/321438","targetHints":{"allow":["GET"]}}],"collection":[{"href":"https:\/\/www.europesays.com\/fr\/wp-json\/wp\/v2\/posts"}],"about":[{"href":"https:\/\/www.europesays.com\/fr\/wp-json\/wp\/v2\/types\/post"}],"author":[{"embeddable":true,"href":"https:\/\/www.europesays.com\/fr\/wp-json\/wp\/v2\/users\/2"}],"replies":[{"embeddable":true,"href":"https:\/\/www.europesays.com\/fr\/wp-json\/wp\/v2\/comments?post=321438"}],"version-history":[{"count":0,"href":"https:\/\/www.europesays.com\/fr\/wp-json\/wp\/v2\/posts\/321438\/revisions"}],"wp:featuredmedia":[{"embeddable":true,"href":"https:\/\/www.europesays.com\/fr\/wp-json\/wp\/v2\/media\/137382"}],"wp:attachment":[{"href":"https:\/\/www.europesays.com\/fr\/wp-json\/wp\/v2\/media?parent=321438"}],"wp:term":[{"taxonomy":"category","embeddable":true,"href":"https:\/\/www.europesays.com\/fr\/wp-json\/wp\/v2\/categories?post=321438"},{"taxonomy":"post_tag","embeddable":true,"href":"https:\/\/www.europesays.com\/fr\/wp-json\/wp\/v2\/tags?post=321438"}],"curies":[{"name":"wp","href":"https:\/\/api.w.org\/{rel}","templated":true}]}}