{"id":321439,"date":"2025-08-15T19:56:18","date_gmt":"2025-08-15T19:56:18","guid":{"rendered":"https:\/\/www.europesays.com\/fr\/321439\/"},"modified":"2025-08-15T19:56:18","modified_gmt":"2025-08-15T19:56:18","slug":"un-homme-poignarde-dans-le-18e-un-suspect-en-garde-a-vue-2","status":"publish","type":"post","link":"https:\/\/www.europesays.com\/fr\/321439\/","title":{"rendered":"Un homme poignard\u00e9 dans le 18e, un suspect en garde \u00e0 vue"},"content":{"rendered":"<p>Ce sont des passants qui ont d\u00e9couvert le corps, vers minuit. Un homme est d\u00e9c\u00e9d\u00e9 dans la nuit de jeudi \u00e0 vendredi apr\u00e8s avoir re\u00e7u plusieurs coups de couteau \u00e0 hauteur du <a href=\"https:\/\/s-pass.org\/de\/observatoire\/64188\/boulevard-de-la-chapelle-75018-1.html\" rel=\"nofollow noopener\" target=\"_blank\" class=\"c-link c-link--is-underlined\">boulevard de la Chapelle<\/a>, \u00e0 Paris, rapporte <a href=\"https:\/\/www.leparisien.fr\/faits-divers\/paris-un-homme-poignarde-a-mort-rue-marx-dormoy-15-08-2025-CSJUOS6HMBDCNP34BOCGWUHX5Q.php\" rel=\"nofollow noopener\" target=\"_blank\" class=\"c-link c-link--is-underlined\">Le Parisien<\/a>. Les secours sont imm\u00e9diatement intervenus mais ne sont pas parvenus \u00e0 r\u00e9animer la victime qui souffrait de plusieurs plaies, au niveau du ventre notamment.<\/p>\n<p>Selon les premiers \u00e9l\u00e9ments de l\u2019enqu\u00eate, l\u2019homicide serait survenu non loin de l\u00e0, dans le 18e\u00a0arrondissement. La vid\u00e9osurveillance a capt\u00e9 la sc\u00e8ne et permis de confondre un suspect. Ce dernier a finalement \u00e9t\u00e9 arr\u00eat\u00e9 par la police peu de temps apr\u00e8s. Il avait encore du sang sur les mains. Il a \u00e9t\u00e9 plac\u00e9 en garde \u00e0 vue.<\/p>\n<p>Une enqu\u00eate a \u00e9videmment \u00e9t\u00e9 ouverte, elle devra d\u00e9terminer le mobile du passage \u00e0 l\u2019acte et l\u2019\u00e9ventuelle pr\u00e9m\u00e9ditation.<\/p>\n","protected":false},"excerpt":{"rendered":"Ce sont des passants qui ont d\u00e9couvert le corps, vers minuit. Un homme est d\u00e9c\u00e9d\u00e9 dans la nuit&hellip;\n","protected":false},"author":2,"featured_media":321440,"comment_status":"","ping_status":"","sticky":false,"template":"","format":"standard","meta":{"footnotes":""},"categories":[1888],"tags":[47,11,7623,1777,674,118,1011,27,2683,662,777,12,626,25],"class_list":{"0":"post-321439","1":"post","2":"type-post","3":"status-publish","4":"format-standard","5":"has-post-thumbnail","7":"category-paris","8":"tag-actualite","9":"tag-actualites","10":"tag-coup-de-couteau","11":"tag-eu","12":"tag-europe","13":"tag-faits-divers","14":"tag-fr","15":"tag-france","16":"tag-homicide","17":"tag-ile-de-france","18":"tag-meurtre","19":"tag-news","20":"tag-paris","21":"tag-republique-francaise"},"share_on_mastodon":{"url":"https:\/\/pubeurope.com\/@fr\/115034546820999812","error":""},"_links":{"self":[{"href":"https:\/\/www.europesays.com\/fr\/wp-json\/wp\/v2\/posts\/321439","targetHints":{"allow":["GET"]}}],"collection":[{"href":"https:\/\/www.europesays.com\/fr\/wp-json\/wp\/v2\/posts"}],"about":[{"href":"https:\/\/www.europesays.com\/fr\/wp-json\/wp\/v2\/types\/post"}],"author":[{"embeddable":true,"href":"https:\/\/www.europesays.com\/fr\/wp-json\/wp\/v2\/users\/2"}],"replies":[{"embeddable":true,"href":"https:\/\/www.europesays.com\/fr\/wp-json\/wp\/v2\/comments?post=321439"}],"version-history":[{"count":0,"href":"https:\/\/www.europesays.com\/fr\/wp-json\/wp\/v2\/posts\/321439\/revisions"}],"wp:featuredmedia":[{"embeddable":true,"href":"https:\/\/www.europesays.com\/fr\/wp-json\/wp\/v2\/media\/321440"}],"wp:attachment":[{"href":"https:\/\/www.europesays.com\/fr\/wp-json\/wp\/v2\/media?parent=321439"}],"wp:term":[{"taxonomy":"category","embeddable":true,"href":"https:\/\/www.europesays.com\/fr\/wp-json\/wp\/v2\/categories?post=321439"},{"taxonomy":"post_tag","embeddable":true,"href":"https:\/\/www.europesays.com\/fr\/wp-json\/wp\/v2\/tags?post=321439"}],"curies":[{"name":"wp","href":"https:\/\/api.w.org\/{rel}","templated":true}]}}