{"id":321443,"date":"2025-08-15T19:58:12","date_gmt":"2025-08-15T19:58:12","guid":{"rendered":"https:\/\/www.europesays.com\/fr\/321443\/"},"modified":"2025-08-15T19:58:12","modified_gmt":"2025-08-15T19:58:12","slug":"lukraine-dit-avoir-repris-des-villages-de-lest-ou-moscou-avait-reussi-une-percee","status":"publish","type":"post","link":"https:\/\/www.europesays.com\/fr\/321443\/","title":{"rendered":"L&rsquo;Ukraine dit avoir repris des villages de l&rsquo;Est o\u00f9 Moscou avait r\u00e9ussi une perc\u00e9e"},"content":{"rendered":"<p>L&rsquo;Ukraine a repris six villages d&rsquo;un secteur strat\u00e9gique de l&rsquo;est dont <a href=\"https:\/\/www.laprovence.com\/article\/france-monde\/2046596828340114\/guerre-en-ukraine-la-russie-revendique-la-prise-de-deux-localites-dans-un-secteur-strategique-dans-lest\" target=\"_blank\" rel=\"noopener\">des unit\u00e9s russes s&rsquo;\u00e9taient empar\u00e9s ces derniers jours<\/a>, lors d&rsquo;une avanc\u00e9e particuli\u00e8rement rapide, a annonc\u00e9 un corps de l&rsquo;arm\u00e9e ukrainienne vendredi, Donald Trump et Vladimir Poutine devant se rencontrer en Alaska.<\/p>\n<p>Le 1er corps de la garde nationale Azov a d\u00e9clar\u00e9 que les troupes ukrainiennes \u00e9taient parvenues \u00e0 \u00ab\u00a0stopper l&rsquo;avanc\u00e9e de l&rsquo;ennemi\u00a0\u00bb dans la zone de Pokrovsk, ville mini\u00e8re \u00e9picentre des combats, et que six villages avaient \u00e9t\u00e9 repris.<\/p>\n","protected":false},"excerpt":{"rendered":"L&rsquo;Ukraine a repris six villages d&rsquo;un secteur strat\u00e9gique de l&rsquo;est dont des unit\u00e9s russes s&rsquo;\u00e9taient empar\u00e9s ces derniers&hellip;\n","protected":false},"author":2,"featured_media":321444,"comment_status":"","ping_status":"","sticky":false,"template":"","format":"standard","meta":{"footnotes":""},"categories":[1590],"tags":[17,11,6661,154,2827,1777,674,329,5493,33844,12,13253,220,6317],"class_list":{"0":"post-321443","1":"post","2":"type-post","3":"status-publish","4":"format-standard","5":"has-post-thumbnail","7":"category-ukraine","8":"tag-17","9":"tag-actualites","10":"tag-avoir","11":"tag-des","12":"tag-dit","13":"tag-eu","14":"tag-europe","15":"tag-france-monde","16":"tag-lukraine","17":"tag-lest","18":"tag-news","19":"tag-repris","20":"tag-ukraine","21":"tag-villages"},"share_on_mastodon":{"url":"https:\/\/pubeurope.com\/@fr\/115034554542107989","error":""},"_links":{"self":[{"href":"https:\/\/www.europesays.com\/fr\/wp-json\/wp\/v2\/posts\/321443","targetHints":{"allow":["GET"]}}],"collection":[{"href":"https:\/\/www.europesays.com\/fr\/wp-json\/wp\/v2\/posts"}],"about":[{"href":"https:\/\/www.europesays.com\/fr\/wp-json\/wp\/v2\/types\/post"}],"author":[{"embeddable":true,"href":"https:\/\/www.europesays.com\/fr\/wp-json\/wp\/v2\/users\/2"}],"replies":[{"embeddable":true,"href":"https:\/\/www.europesays.com\/fr\/wp-json\/wp\/v2\/comments?post=321443"}],"version-history":[{"count":0,"href":"https:\/\/www.europesays.com\/fr\/wp-json\/wp\/v2\/posts\/321443\/revisions"}],"wp:featuredmedia":[{"embeddable":true,"href":"https:\/\/www.europesays.com\/fr\/wp-json\/wp\/v2\/media\/321444"}],"wp:attachment":[{"href":"https:\/\/www.europesays.com\/fr\/wp-json\/wp\/v2\/media?parent=321443"}],"wp:term":[{"taxonomy":"category","embeddable":true,"href":"https:\/\/www.europesays.com\/fr\/wp-json\/wp\/v2\/categories?post=321443"},{"taxonomy":"post_tag","embeddable":true,"href":"https:\/\/www.europesays.com\/fr\/wp-json\/wp\/v2\/tags?post=321443"}],"curies":[{"name":"wp","href":"https:\/\/api.w.org\/{rel}","templated":true}]}}