{"id":321447,"date":"2025-08-15T20:00:15","date_gmt":"2025-08-15T20:00:15","guid":{"rendered":"https:\/\/www.europesays.com\/fr\/321447\/"},"modified":"2025-08-15T20:00:15","modified_gmt":"2025-08-15T20:00:15","slug":"le-royaume-uni-pret-a-envoyer-ses-troupes-en-ukraine-en-cas-de-cessez-le-feu","status":"publish","type":"post","link":"https:\/\/www.europesays.com\/fr\/321447\/","title":{"rendered":"Le Royaume-Uni pr\u00eat \u00e0 envoyer ses troupes en Ukraine en cas de cessez-le-feu"},"content":{"rendered":"<p>Le secr\u00e9taire britannique \u00e0 la D\u00e9fense, John Healy, a d\u00e9clar\u00e9 que la rencontre entre Donald Trump et Vladimir Poutine \u00ab pourrait constituer un premier pas \u00bb vers la paix, assurant que le Royaume-Uni \u00e9tait pr\u00eat \u00e0 envoyer des troupes en Ukraine en cas de cessez-le-feu.<\/p>\n<p style=\"text-align: justify;\">Comme le rapporte Ukrinform, ces informations ont \u00e9t\u00e9 rapport\u00e9es par la BBC.<\/p>\n<p style=\"text-align: justify;\">Le ministre britannique de la D\u00e9fense a indiqu\u00e9 que le Royaume-Uni \u00e9tait pr\u00eat \u00e0 envoyer des troupes en Ukraine pour renforcer le cessez-le-feu s\u2019il \u00e9tait conclu. Il a \u00e9galement soulign\u00e9 que le gouvernement britannique \u00e9tait pr\u00eat \u00e0 \u00ab renforcer les sanctions \u00e9conomiques et la pression sur Poutine s\u2019il d\u00e9montrait aujourd\u2019hui en Alaska qu\u2019il n\u2019\u00e9tait pas vraiment s\u00e9rieux \u00bb.<\/p>\n<p style=\"text-align: justify;\">M. Healy a aussi d\u00e9menti l&rsquo;affirmation selon laquelle le r\u00f4le du Royaume-Uni serait d&rsquo;\u00ab observer et d&rsquo;attendre \u00bb.<\/p>\n<p style=\"text-align: justify;\">\u00ab Non, le r\u00f4le de la Grande-Bretagne consiste \u00e0 soutenir l&rsquo;Ukraine sur le champ de bataille et dans les n\u00e9gociations, et \u00e0 se pr\u00e9parer, comme nous l&rsquo;avons fait jusqu&rsquo;\u00e0 pr\u00e9sent, en dirigeant trente autres pays dans la planification militaire d&rsquo;un cessez-le-feu et du maintien de la paix dans le cadre de ce que nous appelons la Coalition des volontaires \u00bb, a affirm\u00e9 le ministre.<\/p>\n<p style=\"text-align: justify;\">Il a d\u00e9clar\u00e9 que plus de 200 planificateurs militaires de la Coalition travaillaient depuis quelques mois \u00e0 l&rsquo;\u00e9laboration d&rsquo;un plan de cessez-le-feu d\u00e9taill\u00e9. La force multinationale \u00e9tait \u00ab pr\u00eate \u00e0 op\u00e9rer d\u00e8s le premier jour \u00bb et les plans militaires \u00e9taient en place, a ajout\u00e9 le chef de la d\u00e9fense britannique.<\/p>\n<p style=\"text-align: justify;\">\u00ab Nous sommes pr\u00eats \u00e0 envoyer des soldats britanniques en Ukraine, en partie pour rassurer les Ukrainiens, mais aussi pour assurer la s\u00e9curit\u00e9 a\u00e9rienne et maritime et pour renforcer les forces arm\u00e9es ukrainiennes, car le meilleur moyen de dissuader la Russie de toute nouvelle agression contre l&rsquo;Ukraine est que l&rsquo;Ukraine soit capable de se d\u00e9fendre \u00bb, a ajout\u00e9 M. Healy.<\/p>\n<p style=\"text-align: justify;\">Pour rappel, Donald Trump et Poutine pr\u00e9voient de se rencontrer le vendredi 15 ao\u00fbt \u00e0 Anchorage, la plus grande ville de l&rsquo;Alaska. La rencontre est pr\u00e9vue \u00e0 11 h 00 heure locale (22 h 00 heure de Kyiv).<\/p>\n<p style=\"text-align: justify;\">Photo\u00a0: Bureau du Pr\u00e9sident de l&rsquo;Ukraine<\/p>\n","protected":false},"excerpt":{"rendered":"Le secr\u00e9taire britannique \u00e0 la D\u00e9fense, John Healy, a d\u00e9clar\u00e9 que la rencontre entre Donald Trump et Vladimir&hellip;\n","protected":false},"author":2,"featured_media":321448,"comment_status":"","ping_status":"","sticky":false,"template":"","format":"standard","meta":{"footnotes":""},"categories":[1588],"tags":[11,1777,674,12,473,1853,1851,1850,1852],"class_list":{"0":"post-321447","1":"post","2":"type-post","3":"status-publish","4":"format-standard","5":"has-post-thumbnail","7":"category-royaume-uni","8":"tag-actualites","9":"tag-eu","10":"tag-europe","11":"tag-news","12":"tag-royaume-uni","13":"tag-royaume-uni-de-grande-bretagne-et-dirlande-du-nord","14":"tag-uk","15":"tag-united-kingdom","16":"tag-united-kingdom-of-great-britain-and-northern-ireland"},"share_on_mastodon":{"url":"https:\/\/pubeurope.com\/@fr\/115034562492662304","error":""},"_links":{"self":[{"href":"https:\/\/www.europesays.com\/fr\/wp-json\/wp\/v2\/posts\/321447","targetHints":{"allow":["GET"]}}],"collection":[{"href":"https:\/\/www.europesays.com\/fr\/wp-json\/wp\/v2\/posts"}],"about":[{"href":"https:\/\/www.europesays.com\/fr\/wp-json\/wp\/v2\/types\/post"}],"author":[{"embeddable":true,"href":"https:\/\/www.europesays.com\/fr\/wp-json\/wp\/v2\/users\/2"}],"replies":[{"embeddable":true,"href":"https:\/\/www.europesays.com\/fr\/wp-json\/wp\/v2\/comments?post=321447"}],"version-history":[{"count":0,"href":"https:\/\/www.europesays.com\/fr\/wp-json\/wp\/v2\/posts\/321447\/revisions"}],"wp:featuredmedia":[{"embeddable":true,"href":"https:\/\/www.europesays.com\/fr\/wp-json\/wp\/v2\/media\/321448"}],"wp:attachment":[{"href":"https:\/\/www.europesays.com\/fr\/wp-json\/wp\/v2\/media?parent=321447"}],"wp:term":[{"taxonomy":"category","embeddable":true,"href":"https:\/\/www.europesays.com\/fr\/wp-json\/wp\/v2\/categories?post=321447"},{"taxonomy":"post_tag","embeddable":true,"href":"https:\/\/www.europesays.com\/fr\/wp-json\/wp\/v2\/tags?post=321447"}],"curies":[{"name":"wp","href":"https:\/\/api.w.org\/{rel}","templated":true}]}}