{"id":321449,"date":"2025-08-15T20:01:15","date_gmt":"2025-08-15T20:01:15","guid":{"rendered":"https:\/\/www.europesays.com\/fr\/321449\/"},"modified":"2025-08-15T20:01:15","modified_gmt":"2025-08-15T20:01:15","slug":"pourquoi-lallemagne-cree-un-conseil-national-de-securite","status":"publish","type":"post","link":"https:\/\/www.europesays.com\/fr\/321449\/","title":{"rendered":"Pourquoi l&rsquo;Allemagne cr\u00e9e un Conseil national de s\u00e9curit\u00e9"},"content":{"rendered":"<p>Si le Conseil national de s\u00e9curit\u00e9 (NSR) existait, le chancelier f\u00e9d\u00e9ral allemand Friedrich Merz ne serait peut-\u00eatre pas le seul \u00e0 \u00eatre critiqu\u00e9 pour avoir <a href=\"https:\/\/fr.news.yahoo.com\/berlin-suspend-livraison-certaines-armes-174400312.html\" data-ylk=\"slk:suspendu les livraisons d&#039;armes \u00e0 Isra\u00ebl;elm:context_link;itc:0;sec:content-canvas;outcm:mb_qualified_link;_E:mb_qualified_link;ct:story;\" class=\"link  yahoo-link\" target=\"_blank\" rel=\"noopener\">suspendu les livraisons d&rsquo;armes \u00e0 Isra\u00ebl<\/a>.<\/p>\n<p>\u00ab\u00a0La d\u00e9cision aurait probablement \u00e9t\u00e9 mieux pr\u00e9par\u00e9e et la coordination plus souple\u00a0\u00bb, estime Aylin Matl\u00e9, experte en s\u00e9curit\u00e9 et d\u00e9fense \u00e0 la Soci\u00e9t\u00e9 allemande de politique \u00e9trang\u00e8re (DGAP).<\/p>\n<p>Une soixantaine de pays dans le monde disposent d&rsquo;instances similaires au Conseil national de s\u00e9curit\u00e9 pr\u00e9vu en Allemagne. Le NSR allemand doit permettre au gouvernement f\u00e9d\u00e9ral d&rsquo;\u00eatre plus efficace en temps de crise.<\/p>\n<p>L&rsquo;accord conclu entre les conservateurs de la CDU\/CSU et les socio-d\u00e9mocrates du SPD sur la cr\u00e9ation du Conseil national de s\u00e9curit\u00e9 met fin \u00e0 des d\u00e9cennies de discussions. Cela s&rsquo;explique d&rsquo;une part par le fait que l&rsquo;Allemagne \u00e9tait rarement sollicit\u00e9e pour jouer un r\u00f4le de premier plan et pouvait donc se permettre des processus de concertation plus lents. D&rsquo;autre part, les questions de s\u00e9curit\u00e9 ont r\u00e9guli\u00e8rement donn\u00e9 lieu \u00e0 des blocages politiques au sein des gouvernements de coalition ces derni\u00e8res ann\u00e9es, rendant n\u00e9cessaire un processus d\u00e9cisionnel plus efficace.<\/p>\n<p>Quelles sont les missions du NSR ?<\/p>\n<p>Le NSR a \u00e9t\u00e9 inscrit dans l&rsquo;accord de coalition et est consid\u00e9r\u00e9 comme le projet favori du chancelier. D\u00e8s la premi\u00e8re r\u00e9union du cabinet apr\u00e8s la pause estivale, fin ao\u00fbt, le gouvernement f\u00e9d\u00e9ral souhaite d\u00e9cider de la cr\u00e9ation de ce nouvel organe. Selon des sources gouvernementales, le NSR devrait commencer ses travaux en octobre.<\/p>\n<p>La t\u00e2che principale du Conseil national de s\u00e9curit\u00e9 sera de regrouper et de coordonner toutes les informations et analyses pertinentes en un seul endroit afin de permettre une prise de d\u00e9cision plus rapide sur une base aussi large que possible.<\/p>\n<p><img class=\"caas-img caas-lazy has-preview\" alt=\"La guerre men\u00e9e par la Russie contre l'Ukraine \u2013 ici, des soldats ukrainiens pr\u00e8s de Donetsk \u2013 a mis davantage l'accent sur les questions de s\u00e9curit\u00e9&lt;span class=&quot;copyright&quot;&gt;Roman Chop\/AP Photo\/dpa\/picture alliance&lt;\/span&gt;\" data-src=\"https:\/\/www.europesays.com\/fr\/wp-content\/uploads\/2025\/08\/61c9c35b9adb82094cfa9c6dc1bf42ed.jpeg\"\/><\/p>\n<p>La guerre men\u00e9e par la Russie contre l&rsquo;Ukraine \u2013 ici, des soldats ukrainiens pr\u00e8s de Donetsk \u2013 a mis davantage l&rsquo;accent sur les questions de s\u00e9curit\u00e9Roman Chop\/AP Photo\/dpa\/picture alliance<\/p>\n<p>Le NSR doit se r\u00e9unir r\u00e9guli\u00e8rement et se charger \u00e9galement de la \u00ab\u00a0pr\u00e9vision et planification strat\u00e9giques\u00a0\u00bb. Il s&rsquo;agit ainsi de poursuivre ce que le gouvernement pr\u00e9c\u00e9dent avait d\u00e9j\u00e0 commenc\u00e9 ces derni\u00e8res ann\u00e9es. L\u2019ancienne coalition feu tricolore compos\u00e9e des sociaux-d\u00e9mocrates, des lib\u00e9raux et des Verts a r\u00e9dig\u00e9 une strat\u00e9gie de s\u00e9curit\u00e9 nationale. Le nouveau gouvernement souhaite d\u00e9sormais mettre l&rsquo;accent sur ses propres priorit\u00e9s et d\u00e9velopper cette strat\u00e9gie, en impliquant \u00ab\u00a0des cercles de r\u00e9flexion et en \u00e9changeant en permanence avec les conseils de s\u00e9curit\u00e9 nationale des Etats alli\u00e9s\u00a0\u00bb, selon le plan.<\/p>\n<p>Une autre t\u00e2che importante du NSR consistera \u00e0 \u00e9laborer des sc\u00e9narios et des exercices pour les situations de crise, par exemple sous forme de simulations de crise pour les d\u00e9tournements d&rsquo;avions ou les attentats.<\/p>\n<p>Qui pour si\u00e9ger au NSR ?<\/p>\n<p>Le Conseil national de s\u00e9curit\u00e9 sera pr\u00e9sid\u00e9 par le chancelier f\u00e9d\u00e9ral. Outre le chef de la chancellerie, qui est responsable de la coordination des services secrets, huit autres minist\u00e8res seront repr\u00e9sent\u00e9s en tant que membres permanents au sein du NSR : les minist\u00e8res des Affaires \u00e9trang\u00e8res, de l&rsquo;Int\u00e9rieur, de la D\u00e9fense, des Finances, de l&rsquo;Economie, de la Justice, du D\u00e9veloppement et du Num\u00e9rique. <\/p>\n<p>Si la situation l&rsquo;exige, d&rsquo;autres membres du gouvernement f\u00e9d\u00e9ral ou des repr\u00e9sentants des Etats-r\u00e9gions peuvent \u00e9galement \u00eatre consult\u00e9s. Des repr\u00e9sentants d&rsquo;autres pays, de l&rsquo;Otan et de l&rsquo;UE pourraient \u00e9galement \u00eatre pr\u00e9sents si n\u00e9cessaire, ainsi que des chefs d&rsquo;agences de s\u00e9curit\u00e9, des experts de cercles de r\u00e9flexion et du secteur priv\u00e9.<\/p>\n<p>Avec le NSR, deux instances disparaissent : le Conseil f\u00e9d\u00e9ral de s\u00e9curit\u00e9, qui autorisait jusqu&rsquo;\u00e0 pr\u00e9sent principalement les exportations d&rsquo;armes allemandes, et le Cabinet de s\u00e9curit\u00e9, au sein duquel la Chancellerie \u00e9changeait avec les minist\u00e8res sur des questions importantes. A l&rsquo;avenir, ces deux t\u00e2ches seront assum\u00e9es par la nouvelle instance. Le Conseil national de s\u00e9curit\u00e9 se r\u00e9unira \u00e0 huis clos, mais ses d\u00e9cisions seront rendues publiques.<\/p>\n","protected":false},"excerpt":{"rendered":"Si le Conseil national de s\u00e9curit\u00e9 (NSR) existait, le chancelier f\u00e9d\u00e9ral allemand Friedrich Merz ne serait peut-\u00eatre pas&hellip;\n","protected":false},"author":2,"featured_media":321450,"comment_status":"","ping_status":"","sticky":false,"template":"","format":"standard","meta":{"footnotes":""},"categories":[1587],"tags":[11,672,1804,45925,45924,1805,1803,1777,674,1801,1326,45926,12,45927,1802],"class_list":{"0":"post-321449","1":"post","2":"type-post","3":"status-publish","4":"format-standard","5":"has-post-thumbnail","7":"category-allemagne","8":"tag-actualites","9":"tag-allemagne","10":"tag-bundesrepublik-deutschland","11":"tag-chancelier-federal","12":"tag-conseil-national","13":"tag-de","14":"tag-deutschland","15":"tag-eu","16":"tag-europe","17":"tag-germany","18":"tag-gouvernement-federal","19":"tag-gouvernements-de-coalition","20":"tag-news","21":"tag-processus-decisionnel","22":"tag-republique-federale-dallemagne"},"share_on_mastodon":{"url":"https:\/\/pubeurope.com\/@fr\/115034566422223391","error":""},"_links":{"self":[{"href":"https:\/\/www.europesays.com\/fr\/wp-json\/wp\/v2\/posts\/321449","targetHints":{"allow":["GET"]}}],"collection":[{"href":"https:\/\/www.europesays.com\/fr\/wp-json\/wp\/v2\/posts"}],"about":[{"href":"https:\/\/www.europesays.com\/fr\/wp-json\/wp\/v2\/types\/post"}],"author":[{"embeddable":true,"href":"https:\/\/www.europesays.com\/fr\/wp-json\/wp\/v2\/users\/2"}],"replies":[{"embeddable":true,"href":"https:\/\/www.europesays.com\/fr\/wp-json\/wp\/v2\/comments?post=321449"}],"version-history":[{"count":0,"href":"https:\/\/www.europesays.com\/fr\/wp-json\/wp\/v2\/posts\/321449\/revisions"}],"wp:featuredmedia":[{"embeddable":true,"href":"https:\/\/www.europesays.com\/fr\/wp-json\/wp\/v2\/media\/321450"}],"wp:attachment":[{"href":"https:\/\/www.europesays.com\/fr\/wp-json\/wp\/v2\/media?parent=321449"}],"wp:term":[{"taxonomy":"category","embeddable":true,"href":"https:\/\/www.europesays.com\/fr\/wp-json\/wp\/v2\/categories?post=321449"},{"taxonomy":"post_tag","embeddable":true,"href":"https:\/\/www.europesays.com\/fr\/wp-json\/wp\/v2\/tags?post=321449"}],"curies":[{"name":"wp","href":"https:\/\/api.w.org\/{rel}","templated":true}]}}