{"id":321453,"date":"2025-08-15T20:03:10","date_gmt":"2025-08-15T20:03:10","guid":{"rendered":"https:\/\/www.europesays.com\/fr\/321453\/"},"modified":"2025-08-15T20:03:10","modified_gmt":"2025-08-15T20:03:10","slug":"ignazio-cassis-plus-linsecurite-globale-est-grande-plus-le-paquet-daccords-avec-lue-est-essentiel","status":"publish","type":"post","link":"https:\/\/www.europesays.com\/fr\/321453\/","title":{"rendered":"Ignazio Cassis: \u00abPlus l\u2019ins\u00e9curit\u00e9 globale est grande, plus le paquet d\u2019accords avec l\u2019UE est essentiel\u00bb"},"content":{"rendered":"<p>Le chef du D\u00e9partement des affaires \u00e9trang\u00e8res, Ignazio Cassis, critiqu\u00e9 par l\u2019UDC pour son absence sur le dossier des taxes douani\u00e8res am\u00e9ricaines et pris \u00e0 partie sur la situation \u00e0 Gaza, s\u2019explique. Il refuse de personnaliser l\u2019action du Conseil f\u00e9d\u00e9ral et d\u00e9fend une autre approche, m\u00eame si celle-ci est \u00abmoins sexy\u00bb.<\/p>\n<p><strong>Le Temps: A la suite du camouflet de Donald Trump, l\u2019Union europ\u00e9enne (UE) est-elle la solution pour la Suisse?<\/strong><\/p>\n","protected":false},"excerpt":{"rendered":"Le chef du D\u00e9partement des affaires \u00e9trang\u00e8res, Ignazio Cassis, critiqu\u00e9 par l\u2019UDC pour son absence sur le dossier&hellip;\n","protected":false},"author":2,"featured_media":321454,"comment_status":"","ping_status":"","sticky":false,"template":"","format":"standard","meta":{"footnotes":""},"categories":[1586],"tags":[11,1777,674,1779,1011,27,12,301,25,1778,364],"class_list":{"0":"post-321453","1":"post","2":"type-post","3":"status-publish","4":"format-standard","5":"has-post-thumbnail","7":"category-europe","8":"tag-actualites","9":"tag-eu","10":"tag-europe","11":"tag-european-union","12":"tag-fr","13":"tag-france","14":"tag-news","15":"tag-premium","16":"tag-republique-francaise","17":"tag-ue","18":"tag-union-europeenne"},"share_on_mastodon":{"url":"https:\/\/pubeurope.com\/@fr\/115034574302197514","error":""},"_links":{"self":[{"href":"https:\/\/www.europesays.com\/fr\/wp-json\/wp\/v2\/posts\/321453","targetHints":{"allow":["GET"]}}],"collection":[{"href":"https:\/\/www.europesays.com\/fr\/wp-json\/wp\/v2\/posts"}],"about":[{"href":"https:\/\/www.europesays.com\/fr\/wp-json\/wp\/v2\/types\/post"}],"author":[{"embeddable":true,"href":"https:\/\/www.europesays.com\/fr\/wp-json\/wp\/v2\/users\/2"}],"replies":[{"embeddable":true,"href":"https:\/\/www.europesays.com\/fr\/wp-json\/wp\/v2\/comments?post=321453"}],"version-history":[{"count":0,"href":"https:\/\/www.europesays.com\/fr\/wp-json\/wp\/v2\/posts\/321453\/revisions"}],"wp:featuredmedia":[{"embeddable":true,"href":"https:\/\/www.europesays.com\/fr\/wp-json\/wp\/v2\/media\/321454"}],"wp:attachment":[{"href":"https:\/\/www.europesays.com\/fr\/wp-json\/wp\/v2\/media?parent=321453"}],"wp:term":[{"taxonomy":"category","embeddable":true,"href":"https:\/\/www.europesays.com\/fr\/wp-json\/wp\/v2\/categories?post=321453"},{"taxonomy":"post_tag","embeddable":true,"href":"https:\/\/www.europesays.com\/fr\/wp-json\/wp\/v2\/tags?post=321453"}],"curies":[{"name":"wp","href":"https:\/\/api.w.org\/{rel}","templated":true}]}}