{"id":321460,"date":"2025-08-15T20:07:23","date_gmt":"2025-08-15T20:07:23","guid":{"rendered":"https:\/\/www.europesays.com\/fr\/321460\/"},"modified":"2025-08-15T20:07:23","modified_gmt":"2025-08-15T20:07:23","slug":"seul-leader-rasmus-hojgaard-envoie-un-message-fort-a-luke-donald-adrien-saddier-sinvite-a-la-lutte","status":"publish","type":"post","link":"https:\/\/www.europesays.com\/fr\/321460\/","title":{"rendered":"Seul leader, Rasmus H\u00f8jgaard envoie un message fort \u00e0 Luke Donald. Adrien Saddier s\u2019invite \u00e0 la lutte !"},"content":{"rendered":"<p>\t\t\t\t\t\t<img width=\"770\" height=\"557\" src=\"https:\/\/www.europesays.com\/fr\/wp-content\/uploads\/2025\/08\/rasmushojgaard-770x557.jpeg\" class=\"img-responsive wp-post-image\" alt=\"\" decoding=\"async\" fetchpriority=\"high\"  \/>\t\t\t\t\t<\/p>\n<p>\t\t\t\t\t\t Partager cet article <\/p>\n<p class=\"screen-reader-text juiz_sps_maybe_hidden_text\">Partager la publication \u00ab\u00a0Seul leader, Rasmus H\u00f8jgaard envoie un message fort \u00e0 Luke Donald. Adrien Saddier s\u2019invite \u00e0 la lutte !\u00a0\u00bb<\/p>\n<p><strong>D\u00e9cha\u00een\u00e9 ce vendredi \u00e0 Copenhague avec une carte de 64 (-7) \u00e9galant le record de la veille r\u00e9alis\u00e9 par l\u2019Anglais Marco Penge, Rasmus H\u00f8jgaard (photo) s\u2019empare \u00e0 -12 (130) des commandes du Danish Golf Championship. De retour aux affaires apr\u00e8s trois semaines de repos, Adrien Saddier pointe \u00e0 la 4e place \u00e0 -6 (136). \u00a0<\/strong><\/p>\n<p>\t\t\t\t\t<a id=\"181434\" href=\"https:\/\/www.omegaeuropeanmasters.com\/fr\/tickets\/tickets\" target=\"_blank\" rel=\"sponsorised nofollow noopener\"><img fetchpriority=\"high\" decoding=\"async\" src=\"https:\/\/www.europesays.com\/fr\/wp-content\/uploads\/2025\/08\/omegamasters-e02-billetterie-om25-1170x275-1.jpg\" class=\"img-responsive\" alt=\"\"\/><\/a><\/p>\n<p><strong>L.V.<\/strong><\/p>\n<p>Certainement motiv\u00e9 par <a href=\"https:\/\/www.golfplanete.com\/actualites\/video-deux-eagles-en-deux-trous-pour-nicolai-hojgaard\/\" target=\"_blank\" rel=\"noopener nofollow\">les deux incroyables eagles claqu\u00e9s en trois trous<\/a> par son fr\u00e8re jumeau, <strong>Nicolai<\/strong>, jeudi lors du premier tour du <strong>Danish Golf Championship<\/strong>, <strong>Rasmus H\u00f8jgaard<\/strong> a d\u00e9cid\u00e9 \u00e0 son tour de faire le show ce vendredi au <strong>Fures\u00f8 Golf Klub<\/strong> de Copenhague. \u00a0<\/p>\n<p><a href=\"https:\/\/www.europeantour.com\/dpworld-tour\/danish-golf-championship-2025\/leaderboard?round=2\" target=\"_blank\" rel=\"noopener nofollow\">Retrouvez le classement complet et les tee times du 3e tour<\/a><\/p>\n<p>Parti du trou n\u00b010, le Danois \u00e2g\u00e9 de 24 ans a r\u00e9alis\u00e9 une journ\u00e9e faste avec notamment un encha\u00eenement incroyable entre les trous 18 et 4 avec un eagle et quatre birdies cons\u00e9cutifs. Son 64 (-7) du jour, <a href=\"https:\/\/www.golfplanete.com\/actualites\/langlais-marco-penge-soffre-la-tete-et-un-potentiel-record-a-10-000-dollars\/\" target=\"_blank\" rel=\"noopener nofollow\">record du parcours \u00e9gal\u00e9 apr\u00e8s celui de l\u2019Anglais Marco Penge la veille<\/a>, lui offre le commandement du tournoi \u00e0 -12 (130). Il devance de deux coups ce m\u00eame <strong>Marco Penge<\/strong>, moins en r\u00e9ussite qu\u2019il y a vingt-quatre heures avec son 68 (-3).<\/p>\n<blockquote class=\"twitter-tweet\">\n<p dir=\"ltr\" lang=\"en\">A statement second round \u2b50\ufe0f<a href=\"https:\/\/twitter.com\/hashtag\/DanishGolf?src=hash&amp;ref_src=twsrc%5Etfw\" rel=\"nofollow noopener\" target=\"_blank\">#DanishGolf<\/a> <a href=\"https:\/\/t.co\/DLmasdIekR\" rel=\"nofollow\">https:\/\/t.co\/DLmasdIekR<\/a> <a href=\"https:\/\/t.co\/Xiw6mb6tp4\" rel=\"nofollow\">pic.twitter.com\/Xiw6mb6tp4<\/a><\/p>\n<p>\u2014 DP World Tour (@DPWorldTour) <a href=\"https:\/\/twitter.com\/DPWorldTour\/status\/1956316562471715046?ref_src=twsrc%5Etfw\" rel=\"nofollow noopener\" target=\"_blank\">August 15, 2025<\/a><\/p>\n<\/blockquote>\n<p>\t\t\t\t\t<a id=\"179399\" href=\"https:\/\/www.terre-blanche.com\/landing\/summer-deals?mtm_campaign=summer_deals_golf_planet_juil_2025&amp;mtm_medium=display&amp;mtm_source=golf_planet&amp;mtm_content=_CTA_&amp;mtm_group=trafic\" target=\"_blank\" rel=\"sponsorised nofollow noopener\"><img decoding=\"async\" src=\"data:image\/svg+xml,%3Csvg%20xmlns=\" http:=\"\" class=\"img-responsive\" alt=\"\" data-lazy-src=\"https:\/\/www.europesays.com\/fr\/wp-content\/uploads\/2025\/07\/terreblanche-e01-summer-deals-1170x275-1.gif\"\/><\/a><\/p>\n<p>\u00ab Je me sentais visiblement bien sur le terrain, analyse apr\u00e8s coup celui qui s\u2019\u00e9tait d\u00e9j\u00e0 impos\u00e9 dans son tournoi national en 2023 (c\u2019\u00e9tait \u00e0 Fars\u00f8). J\u2019essayais de faire le plus de birdies possibles et, avec les encouragements du public, je voulais prolonger cela le plus longtemps possible. L\u2019ambiance a \u00e9t\u00e9 g\u00e9niale toute la journ\u00e9e ! \u00bb<\/p>\n<p>\t\t\t\t\t<a id=\"181452\" href=\"https:\/\/www.fourseasonsmegevecollectionproam.com\/\" target=\"_blank\" rel=\"sponsorised nofollow noopener\"><img decoding=\"async\" src=\"data:image\/svg+xml,%3Csvg%20xmlns=\" http:=\"\" class=\"img-responsive\" alt=\"\" data-lazy-src=\"https:\/\/www.europesays.com\/fr\/wp-content\/uploads\/2025\/08\/swing-e05-proam-megeve25-1170x275-1.gif\"\/><\/a><br \/>\nDans la zone de l\u2019European Ranking<\/p>\n<p>79e au classement mondial, Rasmus H\u00f8jgaard, qui a termin\u00e9 85e de la <strong>FedEx Cup<\/strong> \u00e0 l\u2019issue de la saison r\u00e9guli\u00e8re du <strong>PGA Tour<\/strong>, lorgne sur une \u00ab qualification \u00bb pour la 45e <strong>Ryder Cup<\/strong> pr\u00e9vue du 26 au 28 septembre \u00e0 <a href=\"https:\/\/www.golfplanete.com\/actualites\/video-ce-teaser-de-bethpage-black-qui-donne-deja-tres-envie\/\" target=\"_blank\" rel=\"noopener nofollow\">Bethpage Black<\/a>. <a href=\"https:\/\/www.rydercup.com\/eu-rankings\" target=\"_blank\" rel=\"noopener nofollow\">8e au Ranking europ\u00e9en<\/a> et toujours dans le coup pour finir dans les six premiers qualifi\u00e9s aux points, il envoie ici indiscutablement un message fort \u00e0 <strong>Luke Donald<\/strong>.<\/p>\n<p>Un Ranking qui d\u00e9livrera d\u2019ailleurs son verdict dans une semaine du c\u00f4t\u00e9 du <strong>Belfry<\/strong> au soir du 4e tour du <strong>British Masters<\/strong>. Avant d\u2019attendre le 1er septembre au lendemain de l\u2019<strong>Omega European Masters<\/strong> les six choix du capitaine europ\u00e9en\u2026 \u00a0<\/p>\n<p>\t\t\t\t\t<a id=\"180479\" href=\"https:\/\/www.swing.fr\/voyage\/35-14eme-edition-des-doubles-gosset-by-beachcomber\" target=\"_blank\" rel=\"sponsorised nofollow noopener\"><img decoding=\"async\" src=\"data:image\/svg+xml,%3Csvg%20xmlns=\" http:=\"\" class=\"img-responsive\" alt=\"\" data-lazy-src=\"https:\/\/www.europesays.com\/fr\/wp-content\/uploads\/2025\/07\/beachcomber-e01-doubles-gosset-26-1170x275-1.jpg\"\/><\/a><br \/>\nDes vacances b\u00e9n\u00e9fiques pour Adrien Saddier<\/p>\n<p>Le week-end s\u2019annonce forc\u00e9ment palpitant d\u2019autant plus que <strong>Adrien Saddier<\/strong> s\u2019est invit\u00e9 \u00e0 la f\u00eate. De retour \u00e0 la comp\u00e9tition apr\u00e8s trois semaines de repos, le Haut-Savoyard a offert un jeu hyper solide sous les yeux de ses partenaires, Marco Penge et l\u2019Allemand <strong>Nicolai Von Dellingshausen<\/strong>. Son 66 (-5) lui permet ainsi de gagner 38 rangs au leaderboard et d\u2019occuper d\u00e9sormais la 4e place \u00e0 -6 (136), juste derri\u00e8re le Canadien <strong>Aaron Cockerill<\/strong>, seul troisi\u00e8me \u00e0 -7 (135), et \u00e0 \u00e9galit\u00e9 avec l\u2019Autrichien de l\u2019<strong>HotelPlanner Tour<\/strong> (ex-<strong>Challenge Tour<\/strong>), <strong>Maximilian Steinlechner<\/strong>, et un autre danois, <strong>Niklas N\u00f8rgaard<\/strong>, qui a pour l\u2019instant effectu\u00e9 la majorit\u00e9 de sa saison 2025 sur le PGA Tour.<\/p>\n<p>Trois autres Fran\u00e7ais franchissent le cut fix\u00e9 \u00e0 -1. <strong>Julien Guerrier<\/strong> est 18e \u00e0 -3 (139). <strong>Fr\u00e9d\u00e9ric Lacroix<\/strong>, le tenant du titre, et <strong>Jeong weon Ko<\/strong> suivent \u00e0 -2 (140), en 30e position. Longtemps du bon c\u00f4t\u00e9 de la fronti\u00e8re gr\u00e2ce \u00e0 un excellent 67 (-4), <strong>Cl\u00e9ment Sordet<\/strong>, malgr\u00e9 un bond au leaderboard (+71), \u00e9choue \u00e0 la\u2026 67e place, dans le par total !<\/p>\n<p>\t\t\t\t\t<a id=\"181417\" href=\"https:\/\/cabotbordeaux.com\/fr\/booking\/training-golf\" target=\"_blank\" rel=\"sponsorised nofollow noopener\"><img decoding=\"async\" src=\"data:image\/svg+xml,%3Csvg%20xmlns=\" http:=\"\" class=\"img-responsive\" alt=\"\" data-lazy-src=\"https:\/\/www.europesays.com\/fr\/wp-content\/uploads\/2025\/08\/cabot-e04-stage-septembre-1170x275-1.gif\"\/><\/a><br \/>\nLe leaderboard<\/p>\n<p><img loading=\"lazy\" decoding=\"async\" class=\"alignnone wp-image-182372 size-large\" src=\"data:image\/svg+xml,%3Csvg%20xmlns=\" http:=\"\" alt=\"\" width=\"770\" height=\"497\" data-lazy- data-lazy- data-lazy-src=\"https:\/\/www.europesays.com\/fr\/wp-content\/uploads\/2025\/08\/capture1-5-770x497.jpg\"\/><\/p>\n<p><img loading=\"lazy\" decoding=\"async\" class=\"alignnone wp-image-182373 size-large\" src=\"data:image\/svg+xml,%3Csvg%20xmlns=\" http:=\"\" alt=\"\" width=\"770\" height=\"40\" data-lazy- data-lazy- data-lazy-src=\"https:\/\/www.europesays.com\/fr\/wp-content\/uploads\/2025\/08\/capture2-3-770x40.jpg\"\/><\/p>\n<p>\t\t\t\t\t<a id=\"181972\" href=\"https:\/\/www.azurgolftravel.com\/proamdepalsoct25\" target=\"_blank\" rel=\"sponsorised nofollow noopener\"><img decoding=\"async\" src=\"data:image\/svg+xml,%3Csvg%20xmlns=\" http:=\"\" class=\"img-responsive\" alt=\"\" data-lazy-src=\"https:\/\/www.europesays.com\/fr\/wp-content\/uploads\/2025\/08\/azurgolftravel-e01-proam-catalogne-1170x275-1.jpeg\"\/><\/a><br \/>\nLe leaderboard des autres Fran\u00e7ais<\/p>\n<p><img loading=\"lazy\" decoding=\"async\" class=\"alignnone wp-image-182374 size-large\" src=\"data:image\/svg+xml,%3Csvg%20xmlns=\" http:=\"\" alt=\"\" width=\"770\" height=\"441\" data-lazy- data-lazy- data-lazy-src=\"https:\/\/www.europesays.com\/fr\/wp-content\/uploads\/2025\/08\/capture3-2-770x441.jpg\"\/><\/p>\n<p>\t\t\t\t\t<a id=\"179385\" href=\"https:\/\/tickets.europeantour.com\/eut\/#\/c6906933-bb43-434b-a22d-0ae172a572d4\/shop\/custom-pack?fac=EUT&amp;locale=fr&amp;skin=pgaetodf&amp;utm_campaign=ODF&amp;utm_content=Ticketing&amp;utm_medium=Web&amp;utm_source=Partner&amp;utm_term=PavonGolfPlanete\" target=\"_blank\" rel=\"sponsorised nofollow noopener\"><img decoding=\"async\" src=\"data:image\/svg+xml,%3Csvg%20xmlns=\" http:=\"\" class=\"img-responsive\" alt=\"\" data-lazy-src=\"https:\/\/www.europesays.com\/fr\/wp-content\/uploads\/2025\/07\/opendefrance-e03-plateau-1407-1170x275-1.jpg\"\/><\/a><\/p>\n<p>Photo : Getty Images<\/p>\n<p>\t\t\t<script async src=\"https:\/\/platform.twitter.com\/widgets.js\" charset=\"utf-8\"><\/script><\/p>\n","protected":false},"excerpt":{"rendered":"Partager cet article Partager la publication \u00ab\u00a0Seul leader, Rasmus H\u00f8jgaard envoie un message fort \u00e0 Luke Donald. Adrien&hellip;\n","protected":false},"author":2,"featured_media":321461,"comment_status":"","ping_status":"","sticky":false,"template":"","format":"standard","meta":{"footnotes":""},"categories":[1418],"tags":[1011,27,1472,60],"class_list":{"0":"post-321460","1":"post","2":"type-post","3":"status-publish","4":"format-standard","5":"has-post-thumbnail","7":"category-golf","8":"tag-fr","9":"tag-france","10":"tag-golf","11":"tag-sports"},"share_on_mastodon":{"url":"https:\/\/pubeurope.com\/@fr\/115034590010028057","error":""},"_links":{"self":[{"href":"https:\/\/www.europesays.com\/fr\/wp-json\/wp\/v2\/posts\/321460","targetHints":{"allow":["GET"]}}],"collection":[{"href":"https:\/\/www.europesays.com\/fr\/wp-json\/wp\/v2\/posts"}],"about":[{"href":"https:\/\/www.europesays.com\/fr\/wp-json\/wp\/v2\/types\/post"}],"author":[{"embeddable":true,"href":"https:\/\/www.europesays.com\/fr\/wp-json\/wp\/v2\/users\/2"}],"replies":[{"embeddable":true,"href":"https:\/\/www.europesays.com\/fr\/wp-json\/wp\/v2\/comments?post=321460"}],"version-history":[{"count":0,"href":"https:\/\/www.europesays.com\/fr\/wp-json\/wp\/v2\/posts\/321460\/revisions"}],"wp:featuredmedia":[{"embeddable":true,"href":"https:\/\/www.europesays.com\/fr\/wp-json\/wp\/v2\/media\/321461"}],"wp:attachment":[{"href":"https:\/\/www.europesays.com\/fr\/wp-json\/wp\/v2\/media?parent=321460"}],"wp:term":[{"taxonomy":"category","embeddable":true,"href":"https:\/\/www.europesays.com\/fr\/wp-json\/wp\/v2\/categories?post=321460"},{"taxonomy":"post_tag","embeddable":true,"href":"https:\/\/www.europesays.com\/fr\/wp-json\/wp\/v2\/tags?post=321460"}],"curies":[{"name":"wp","href":"https:\/\/api.w.org\/{rel}","templated":true}]}}