{"id":321462,"date":"2025-08-15T20:09:13","date_gmt":"2025-08-15T20:09:13","guid":{"rendered":"https:\/\/www.europesays.com\/fr\/321462\/"},"modified":"2025-08-15T20:09:13","modified_gmt":"2025-08-15T20:09:13","slug":"patrice-collazo-detaille-la-grosse-problematique-rencontree-par-le-rugby-en-region-parisienne-en-dehors-du-club-les-joueurs-ne-vivent-plus-le-rugby","status":"publish","type":"post","link":"https:\/\/www.europesays.com\/fr\/321462\/","title":{"rendered":"Patrice Collazo d\u00e9taille la grosse probl\u00e9matique rencontr\u00e9e par le rugby en r\u00e9gion Parisienne : \u00ab\u00a0En dehors du club, les joueurs ne vivent plus le rugby !\u00a0\u00bb"},"content":{"rendered":"<p>La saison 2024-2025 restera comme l\u2019une des plus sombres de l\u2019\u00e8re Lorenzetti. Jamais, depuis sa mont\u00e9e en Top 14, le Racing 92 n\u2019avait chut\u00e9 aussi bas, terminant \u00e0 une 10e place indigne de son standing.<\/p>\n<p>Le pr\u00e9sident Jacky Lorenzetti, connu pour sa fid\u00e9lit\u00e9, a m\u00eame d\u00fb se r\u00e9soudre \u00e0 \u00e9carter Stuart Lancaster en cours de route.<\/p>\n<p><strong>Un \u00e9lectrochoc n\u00e9cessaire<\/strong><\/p>\n<p>Malgr\u00e9 la signature de l\u2019ic\u00f4ne Owen Farrell, le club francilien a longtemps flirt\u00e9 avec la zone rouge.<\/p>\n<p><strong>Patrice Collazo, arriv\u00e9 pour sauver les meubles, r\u00e9sume via Midi Olympique :<\/strong><\/p>\n<p>\u00ab\u00a0Quand on s\u2019est r\u00e9unis en fin de saison pour faire le bilan avec Jacky Lorenzetti et le pr\u00e9sident Arnaud Tourtoulou, on a dress\u00e9 un constat et on s\u2019est pos\u00e9 la question de savoir ce qu\u2019on voulait pour le Racing dans le futur. Quelles \u00e9taient les envies de Jacky Lorenzetti et qu\u2019est ce qu\u2019on pouvait mettre en place pour commencer \u00e0 amorcer quelque chose qui sera le Racing de demain. On voulait des recrues adapt\u00e9es au nouveau projet. Aujourd\u2019hui, on veut renvoyer l\u2019image d\u2019un collectif, m\u00eame si on a la chance d\u2019avoir quelques individualit\u00e9s, quelques facteurs X. \u00bb<\/p>\n<p><strong>Un retour aux fondations<\/strong><\/p>\n<p>Fid\u00e8le \u00e0 sa r\u00e9putation de b\u00e2tisseur, Collazo veut poser des bases solides. Premi\u00e8re \u00e9tape : muscler le pack d\u2019avants.<\/p>\n<p>\u00ab Un bon recrutement, c\u2019est quoi ? C\u2019est un recrutement qui gagne. Je pense qu\u2019il \u00e9tait important aujourd\u2019hui que le Racing se mette en ordre de marche collectivement. Nous ne voulons plus \u00eatre d\u00e9pendants d\u2019un joueur. Oui, il y a des temps de passage \u00e0 respecter, des \u00e9tapes qui sont importantes. L\u2019ann\u00e9e derni\u00e8re, le Racing ne s\u2019est pas qualifi\u00e9 pour la premi\u00e8re fois depuis qu\u2019il est en Top 14. Mais aujourd\u2019hui, est-ce que se qualifier est une fin en soi ou est-ce que l\u2019on doit travailler au quotidien pour p\u00e9renniser le club au plus haut niveau ?\u00a0\u00bb<\/p>\n<p><strong>Recrutement cibl\u00e9 et valeurs fortes<\/strong><\/p>\n<p>Pour Collazo, la priorit\u00e9 est claire : \u00ab Nous ne voulons plus \u00eatre d\u00e9pendants d\u2019un joueur. Le club a donc mis\u00e9 sur des valeurs s\u00fbres et sur l\u2019avenir. \u00bb L\u2019objectif \u00e0 court terme est de retrouver une place dans le Top 6, mais le manager garde une vision \u00e0 long terme : b\u00e2tir un groupe solide, homog\u00e8ne et durable.<\/p>\n<p><strong>Une exigence non n\u00e9gociable<\/strong><\/p>\n<p>Le message est limpide : l\u2019investissement total est attendu de tous, joueurs comme staff. \u00ab C\u2019est le prix \u00e0 payer pour se remettre au niveau et viser \u00e0 nouveau le haut du tableau \u00bb, conclut Collazo, conscient que cette saison pourrait bien marquer le v\u00e9ritable tournant de l\u2019\u00e8re Racing.<\/p>\n<p><strong>Pour conclure, Patrice Collazo \u00e9voque la probl\u00e9matique du rugby en r\u00e9gion Parisienne. Extrait:<\/strong><\/p>\n<p>\u00ab Notre probl\u00e9matique est tr\u00e8s parisienne. En dehors du club, les joueurs ne vivent plus le rugby. C\u2019est li\u00e9 \u00e0 la topographie et \u00e0 l\u2019\u00e9chelle de la ville. Plus la ville est grande, plus les joueurs sont \u00e9parpill\u00e9s quand ils quittent le club. Qu\u2019est ce qui les ram\u00e8ne au rugby ? Pas grand chose. Chacun part de son c\u00f4t\u00e9. Vivre le club au quotidien, pour moi et le staff, c\u2019est primordial. C\u2019est sur quoi on a mis l\u2019accent d\u00e9j\u00e0 en fin de saison derni\u00e8re et ce sur quoi on insiste depuis la reprise et qui est non n\u00e9gociable !\u00a0\u00bb<\/p>\n","protected":false},"excerpt":{"rendered":"La saison 2024-2025 restera comme l\u2019une des plus sombres de l\u2019\u00e8re Lorenzetti. Jamais, depuis sa mont\u00e9e en Top&hellip;\n","protected":false},"author":2,"featured_media":321463,"comment_status":"","ping_status":"","sticky":false,"template":"","format":"standard","meta":{"footnotes":""},"categories":[1416],"tags":[1011,27,479,1468,60],"class_list":{"0":"post-321462","1":"post","2":"type-post","3":"status-publish","4":"format-standard","5":"has-post-thumbnail","7":"category-rugby","8":"tag-fr","9":"tag-france","10":"tag-rugby","11":"tag-rugby-football","12":"tag-sports"},"share_on_mastodon":{"url":"https:\/\/pubeurope.com\/@fr\/115034597869409076","error":""},"_links":{"self":[{"href":"https:\/\/www.europesays.com\/fr\/wp-json\/wp\/v2\/posts\/321462","targetHints":{"allow":["GET"]}}],"collection":[{"href":"https:\/\/www.europesays.com\/fr\/wp-json\/wp\/v2\/posts"}],"about":[{"href":"https:\/\/www.europesays.com\/fr\/wp-json\/wp\/v2\/types\/post"}],"author":[{"embeddable":true,"href":"https:\/\/www.europesays.com\/fr\/wp-json\/wp\/v2\/users\/2"}],"replies":[{"embeddable":true,"href":"https:\/\/www.europesays.com\/fr\/wp-json\/wp\/v2\/comments?post=321462"}],"version-history":[{"count":0,"href":"https:\/\/www.europesays.com\/fr\/wp-json\/wp\/v2\/posts\/321462\/revisions"}],"wp:featuredmedia":[{"embeddable":true,"href":"https:\/\/www.europesays.com\/fr\/wp-json\/wp\/v2\/media\/321463"}],"wp:attachment":[{"href":"https:\/\/www.europesays.com\/fr\/wp-json\/wp\/v2\/media?parent=321462"}],"wp:term":[{"taxonomy":"category","embeddable":true,"href":"https:\/\/www.europesays.com\/fr\/wp-json\/wp\/v2\/categories?post=321462"},{"taxonomy":"post_tag","embeddable":true,"href":"https:\/\/www.europesays.com\/fr\/wp-json\/wp\/v2\/tags?post=321462"}],"curies":[{"name":"wp","href":"https:\/\/api.w.org\/{rel}","templated":true}]}}