{"id":321466,"date":"2025-08-15T20:12:14","date_gmt":"2025-08-15T20:12:14","guid":{"rendered":"https:\/\/www.europesays.com\/fr\/321466\/"},"modified":"2025-08-15T20:12:14","modified_gmt":"2025-08-15T20:12:14","slug":"johann-zarco-soulage-de-retrouver-la-forme-a-spielberg","status":"publish","type":"post","link":"https:\/\/www.europesays.com\/fr\/321466\/","title":{"rendered":"Johann Zarco soulag\u00e9 de retrouver la forme \u00e0 Spielberg"},"content":{"rendered":"<p>La huiti\u00e8me place de <a href=\"https:\/\/fr.motorsport.com\/driver\/johann-zarco\/96107\/\" target=\"_blank\" rel=\"noopener\">Johann Zarco<\/a>, synonyme de passage en Q2 pour la suite du Grand Prix d&rsquo;Autriche, est venue r\u00e9compenser une journ\u00e9e auparavant compliqu\u00e9e pour le Fran\u00e7ais. Insatisfait du comportement de sa Honda lors de la premi\u00e8re s\u00e9ance d&rsquo;essais libres, il a peu \u00e0 peu regagn\u00e9 des sensations, jusqu&rsquo;\u00e0 trouver le d\u00e9clic apr\u00e8s le drapeau rouge provoqu\u00e9 en Essais par <a href=\"https:\/\/fr.motorsport.com\/driver\/fabio-quartararo\/109400\/\" target=\"_blank\" rel=\"noopener\">Fabio Quartararo<\/a>. Il a toutefois trembl\u00e9 jusqu&rsquo;au bout avant de valider son ticket.<\/p>\n<p>\u00ab\u00a0J&rsquo;\u00e9tais content du chrono mais les autres am\u00e9liorent \u00e9norm\u00e9ment, et quand j&rsquo;ai essay\u00e9 d&rsquo;am\u00e9liorer sur mon troisi\u00e8me pneu tendre, mon frein arri\u00e8re n&rsquo;a plus fonctionn\u00e9, et j&rsquo;ai eu peur de perdre ce top 10\u00a0\u00bb, explique Johann Zarco. \u00ab\u00a0Je suis content que \u00e7a ait tenu, content de me confirmer \u00e0 moi-m\u00eame que j&rsquo;ai besoin de sensations sur la moto et que, quand \u00e7a r\u00e9pond mieux, je me fais plaisir dessus. Ce n&rsquo;\u00e9tait pas le cas ce matin.\u00a0\u00bb<\/p>\n<p>\u00ab\u00a0En essais, on a gal\u00e9r\u00e9, on a fait des changements sur la moto, elle s&rsquo;est mise \u00e0 vibrer&#8230; mais pas de panique ! Heureusement, presque, qu&rsquo;il y a eu le drapeau rouge pour se poser, repartir, prendre peu \u00e0 peu les sensations, et \u00e7a a quand m\u00eame progress\u00e9. La moto a commenc\u00e9 \u00e0 mieux r\u00e9pondre, et j&rsquo;arrive \u00e0 jouer avec. L&rsquo;adh\u00e9rence a \u00e9galement progress\u00e9 l&rsquo;apr\u00e8s-midi, et \u00e7a m&rsquo;a aid\u00e9.\u00a0\u00bb<\/p>\n<p>\u00ab\u00a0Il y a un nouveau car\u00e9nage, que je n&rsquo;ai pas senti au niveau du feeling, mais qui a \u00e9t\u00e9 valid\u00e9 par tout le monde, et sur les donn\u00e9es les ing\u00e9nieurs voient des bonnes choses. \u00c7a nous permet de moins faire chauffer la moto, ce qui est pas mal pour le moteur. Apr\u00e8s, il y a pas mal de progr\u00e8s \u00e9lectroniques que l&rsquo;on avait valid\u00e9s pendant les tests, mais que Honda ne voulait utiliser que maintenant.\u00a0\u00bb<\/p>\n<blockquote>\n<p>Je veux reprendre une vraie pente de sportif MotoGP.<\/p>\n<\/blockquote>\n<p>   <img decoding=\"async\" draggable=\"false\" src=\"https:\/\/www.europesays.com\/fr\/wp-content\/uploads\/2025\/08\/1755288734_213_johann-zarco-team-lcr-honda.jpg\" alt=\"Johann Zarco lors des essais du GP d'Autriche.\" width=\"1200\" height=\"800\" loading=\"lazy\"\/> <\/p>\n<p class=\"title\">Johann Zarco lors des essais du GP d&rsquo;Autriche.<\/p>\n<p class=\"photographer\">Photo de: Gold and Goose Photography \/ LAT Images \/ via Getty Images<\/p>\n<p>Apr\u00e8s une passe difficile juste avant la pause estivale, Johann Zarco accueille aussi ce premier r\u00e9sultat tr\u00e8s encourageant comme un soulagement, et comme un marqueur dans sa volont\u00e9 de reprendre la main physiquement.\u00a0<\/p>\n<p>\u00ab\u00a0Je crois que la fin de la premi\u00e8re moiti\u00e9 de saison, \u00e0 un moment \u00e7a a \u00e9t\u00e9 dur parce que j&rsquo;\u00e9tais fatigu\u00e9\u00a0\u00bb, admet-il. \u00ab\u00a0Je me suis rendu compte que je n&rsquo;\u00e9tais plus dans la bonne zone de forme. Depuis Suzuka, je veux reprendre une vraie pente de sportif MotoGP. Il faut encore prendre l&rsquo;Autriche comme une phase d&rsquo;entra\u00eenement pour \u00eatre plus fort en septembre.\u00a0\u00bb<\/p>\n<p>Estimant que l&rsquo;acc\u00e8s direct \u00e0 la Q2 lui permet d&rsquo;aborder la journ\u00e9e de samedi plus sereinement, Johann Zarco se concentre d\u00e9sormais sur ce qui reste \u00e0 ses yeux le gros point faible de sa machine, \u00e0 savoir\u00a0\u00ab\u00a0les phases de freinage\u00a0\u00bb en vue du sprint et de la course. \u00ab\u00a0Se battre avec les autres reste ce qu&rsquo;il y a de plus difficile sur cette moto, c&rsquo;est ce qui m&rsquo;inqui\u00e8te le plus pour le moment\u00a0\u00bb, pr\u00e9vient le pilote tricolore.\u00a0<\/p>\n<p>Lire aussi :<\/p>\n<p>Dans cet article<\/p>\n<p>Soyez le premier inform\u00e9 et souscrivez aux alertes mails pour recevoir les infos en temps r\u00e9el<\/p>\n<p>    S&rsquo;abonner aux alertes de news<\/p>\n","protected":false},"excerpt":{"rendered":"La huiti\u00e8me place de Johann Zarco, synonyme de passage en Q2 pour la suite du Grand Prix d&rsquo;Autriche,&hellip;\n","protected":false},"author":2,"featured_media":321467,"comment_status":"","ping_status":"","sticky":false,"template":"","format":"standard","meta":{"footnotes":""},"categories":[1413],"tags":[1011,27,34489,1741,45928,1457,1456,1458,34490,60,3771],"class_list":{"0":"post-321466","1":"post","2":"type-post","3":"status-publish","4":"format-standard","5":"has-post-thumbnail","7":"category-moto","8":"tag-fr","9":"tag-france","10":"tag-gp-dautriche","11":"tag-johann-zarco","12":"tag-johann-zarco-soulagu00e9-de-retrouver-la-forme-u00e0-spielberg","13":"tag-moto","14":"tag-motocycle","15":"tag-motogp","16":"tag-red-bull-ring","17":"tag-sports","18":"tag-team-lcr"},"share_on_mastodon":{"url":"https:\/\/pubeurope.com\/@fr\/115034609679056610","error":""},"_links":{"self":[{"href":"https:\/\/www.europesays.com\/fr\/wp-json\/wp\/v2\/posts\/321466","targetHints":{"allow":["GET"]}}],"collection":[{"href":"https:\/\/www.europesays.com\/fr\/wp-json\/wp\/v2\/posts"}],"about":[{"href":"https:\/\/www.europesays.com\/fr\/wp-json\/wp\/v2\/types\/post"}],"author":[{"embeddable":true,"href":"https:\/\/www.europesays.com\/fr\/wp-json\/wp\/v2\/users\/2"}],"replies":[{"embeddable":true,"href":"https:\/\/www.europesays.com\/fr\/wp-json\/wp\/v2\/comments?post=321466"}],"version-history":[{"count":0,"href":"https:\/\/www.europesays.com\/fr\/wp-json\/wp\/v2\/posts\/321466\/revisions"}],"wp:featuredmedia":[{"embeddable":true,"href":"https:\/\/www.europesays.com\/fr\/wp-json\/wp\/v2\/media\/321467"}],"wp:attachment":[{"href":"https:\/\/www.europesays.com\/fr\/wp-json\/wp\/v2\/media?parent=321466"}],"wp:term":[{"taxonomy":"category","embeddable":true,"href":"https:\/\/www.europesays.com\/fr\/wp-json\/wp\/v2\/categories?post=321466"},{"taxonomy":"post_tag","embeddable":true,"href":"https:\/\/www.europesays.com\/fr\/wp-json\/wp\/v2\/tags?post=321466"}],"curies":[{"name":"wp","href":"https:\/\/api.w.org\/{rel}","templated":true}]}}