{"id":321474,"date":"2025-08-15T20:16:09","date_gmt":"2025-08-15T20:16:09","guid":{"rendered":"https:\/\/www.europesays.com\/fr\/321474\/"},"modified":"2025-08-15T20:16:09","modified_gmt":"2025-08-15T20:16:09","slug":"gabriel-attal-et-joyce-jonathan-les-deux-ex-se-retrouvent-dans-la-piscine","status":"publish","type":"post","link":"https:\/\/www.europesays.com\/fr\/321474\/","title":{"rendered":"Gabriel Attal et Joyce Jonathan : les deux ex se retrouvent dans la piscine"},"content":{"rendered":"<p>      R\u00e9sum\u00e9<\/p>\n<p>Joyce Jonathan et Gabriel Attal, amis d\u2019enfance et complices, se retrouvent pour des vacances partag\u00e9es loin de leurs carri\u00e8res respectives.<\/p>\n<p>        Sommaire<\/p>\n<p>De copains d&rsquo;enfance \u00e0 amis de longue date, il n&rsquo;y a qu&rsquo;un pas. <strong>Et visiblement, Joyce Jonathan et Gabriel Attal l&rsquo;ont franchi<\/strong>. La chanteuse et l&rsquo;ex-Premier ministre <a href=\"https:\/\/www.public.fr\/joyce-jonathan-et-gabriel-attal-les-deux-ex-se-retrouvent-en-chanson-et-cest-a-croquer\" target=\"_blank\" rel=\"noopener\">se connaissent depuis leur plus tendre enfance<\/a>, et ont partag\u00e9 de jolis moments ensemble. Scolaris\u00e9s \u00e0 l&rsquo;\u00c9cole alsacienne o\u00f9 ils ont \u00e9galement fr\u00e9quent\u00e9 l&rsquo;avocat et activiste <a href=\"https:\/\/www.public.fr\/en-direct-cyril-hanouna-accuse-par-juan-branco-de-prendre-de-la-cocaine-explose-et-fracasse-son-invite\" target=\"_blank\" rel=\"noopener\">Juan Branco<\/a>, les deux y \u00e9taient m\u00eame amoureux lorsqu&rsquo;ils \u00e9taient tr\u00e8s jeunes. <strong>Une petite amourette qui n&rsquo;a jamais compt\u00e9<\/strong> et qui rappelle simplement de jolis souvenirs enfantins, mais qui a toutefois permis aux deux de consolider une amiti\u00e9 au fil des ann\u00e9es.<\/p>\n<p>Ainsi, loin de la politique et de la sc\u00e8ne, Gabriel Attal pour la premi\u00e8re, et Joyce Jonathan pour la seconde, <strong>profitent de vacances bien m\u00e9rit\u00e9es<\/strong>. Avant une rentr\u00e9e bien charg\u00e9 et l&rsquo;horizon de la pr\u00e9sidentielle 2027 qui se pr\u00e9pare activement, l&rsquo;ex-Premier ministre d&rsquo;Emmanuel Macron profite de journ\u00e9es farniente <strong>aux c\u00f4t\u00e9s de son amie d&rsquo;enfance<\/strong>. Et c&rsquo;est en story Instagram que les deux amis ont immortalis\u00e9e leurs retrouvailles !<\/p>\n<p>Gabriel Attal et Joyce Jonathan ne se sont jamais vraiment quitt\u00e9s<\/p>\n<p>En effet, en ce vendredi 15 ao\u00fbt, la chanteuse r\u00e9v\u00e9l\u00e9e par Micha\u00ebl Goldman il y a plus de quinze ans et l&rsquo;homme politique <strong>profitent de la chaleur caniculaire qui touche tout le pays<\/strong>. Les deux amis partagent la piscine de l&rsquo;amiti\u00e9, et sont plus complices que jamais. \u00ab\u00a0Retrouver l&rsquo;unique Gabriel Attal apr\u00e8s un dej magique\u00a0\u00bb commente ainsi Joyce Jonathan. Les deux amis ont effectu\u00e9 d\u00e9jeun\u00e9 au Regalia, <strong>un restaurant spa h\u00f4tel de Porto-Vecchio en Corse<\/strong>. <\/p>\n<p>Apr\u00e8s avoir fr\u00e9quent\u00e9 la m\u00eame ann\u00e9e l&rsquo;\u00c9cole alsacienne, Joyce Jonathan et Gabriel Attal ont pris deux chemins diff\u00e9rents. En 2007, alors \u00e2g\u00e9 de 18 ans, Gabriel Attal a rejoint le prestigieux Institut d&rsquo;\u00e9tudes politiques de Paris, <strong>o\u00f9 a il obtenu six ans plus tard son master 2 en affaires publiques<\/strong>. <a href=\"https:\/\/www.public.fr\/yvan-attal-et-gabriel-attal-cousins-la-drole-de-confidence-de-l-acteur-sur-le-pere-du-premier-ministre\" target=\"_blank\" rel=\"noopener\">Fils de l&rsquo;avocat et producteur de cin\u00e9ma Yves Attal<\/a>, il s&rsquo;\u00e9tait \u00e9galement tourn\u00e9 vers le th\u00e9\u00e2tre, qu&rsquo;il a pratiqu\u00e9 pendant plus de dix ans.<\/p>\n<p>Joyce Jonathan, de son c\u00f4t\u00e9, s&rsquo;est construite toute seule. Autodidacte, elle a appris seule le piano d\u00e8s l&rsquo;\u00e2ge de 7 ans. A 16 ans, elle poste une vid\u00e9o sur le site MySpace, et contacte Michael Goldman. Ce dernier, <a href=\"https:\/\/vsd.fr\/82801-jean-jacques-goldman-son-fils-michael-toujours-a-la-tete-de-la-star-academy\/\" target=\"_blank\" rel=\"noopener\">actuellement parrain de la Star Academy<\/a>, <strong>n&rsquo;est autre que le fondateur de MyMajorCompany<\/strong>, qui permet de se lancer via le don d&rsquo;internautes. Elle parvient \u00e0 lever 70 000 euros, et peut produire son album. <strong>Le succ\u00e8s est au rendez-vous<\/strong> et Joyce Jonathan d\u00e9marre alors sa carri\u00e8re.<\/p>\n<blockquote class=\"twitter-tweet\"><p>&#13;<\/p>\n<p>Tweet relatif \u00e0 Gabriel Attal et Joyce Jonathan : les deux ex se retrouvent dans la piscine<\/p>\n<p>&#13;<br \/>\n        <a href=\"https:\/\/twitter.com\/GAttalActu\/status\/1956361639315316991%20\" target=\"_blank\" rel=\"noopener\">&#13;<br \/>\n            Voir cette publication sur Twitter&#13;<br \/>\n        <\/a>&#13;\n    <\/p><\/blockquote>\n<p>      Mentionn\u00e9s dans cet article<\/p>\n<p>      Sur le m\u00eame sujet<\/p>\n<p>  <script async src=\"https:\/\/platform.twitter.com\/widgets.js\" charset=\"utf-8\"><\/script><\/p>\n","protected":false},"excerpt":{"rendered":"R\u00e9sum\u00e9 Joyce Jonathan et Gabriel Attal, amis d\u2019enfance et complices, se retrouvent pour des vacances partag\u00e9es loin de&hellip;\n","protected":false},"author":2,"featured_media":321475,"comment_status":"","ping_status":"","sticky":false,"template":"","format":"standard","meta":{"footnotes":""},"categories":[1359],"tags":[7006,1193,58,59,2883,1011,27,4410,17032,973,5922,2528],"class_list":{"0":"post-321474","1":"post","2":"type-post","3":"status-publish","4":"format-standard","5":"has-post-thumbnail","7":"category-people","8":"tag-amitie","9":"tag-couple","10":"tag-divertissement","11":"tag-entertainment","12":"tag-ete","13":"tag-fr","14":"tag-france","15":"tag-gabriel-attal","16":"tag-joyce-jonathan","17":"tag-people","18":"tag-piscine","19":"tag-vacances"},"share_on_mastodon":{"url":"https:\/\/pubeurope.com\/@fr\/115034625423671545","error":""},"_links":{"self":[{"href":"https:\/\/www.europesays.com\/fr\/wp-json\/wp\/v2\/posts\/321474","targetHints":{"allow":["GET"]}}],"collection":[{"href":"https:\/\/www.europesays.com\/fr\/wp-json\/wp\/v2\/posts"}],"about":[{"href":"https:\/\/www.europesays.com\/fr\/wp-json\/wp\/v2\/types\/post"}],"author":[{"embeddable":true,"href":"https:\/\/www.europesays.com\/fr\/wp-json\/wp\/v2\/users\/2"}],"replies":[{"embeddable":true,"href":"https:\/\/www.europesays.com\/fr\/wp-json\/wp\/v2\/comments?post=321474"}],"version-history":[{"count":0,"href":"https:\/\/www.europesays.com\/fr\/wp-json\/wp\/v2\/posts\/321474\/revisions"}],"wp:featuredmedia":[{"embeddable":true,"href":"https:\/\/www.europesays.com\/fr\/wp-json\/wp\/v2\/media\/321475"}],"wp:attachment":[{"href":"https:\/\/www.europesays.com\/fr\/wp-json\/wp\/v2\/media?parent=321474"}],"wp:term":[{"taxonomy":"category","embeddable":true,"href":"https:\/\/www.europesays.com\/fr\/wp-json\/wp\/v2\/categories?post=321474"},{"taxonomy":"post_tag","embeddable":true,"href":"https:\/\/www.europesays.com\/fr\/wp-json\/wp\/v2\/tags?post=321474"}],"curies":[{"name":"wp","href":"https:\/\/api.w.org\/{rel}","templated":true}]}}