{"id":321478,"date":"2025-08-15T20:18:11","date_gmt":"2025-08-15T20:18:11","guid":{"rendered":"https:\/\/www.europesays.com\/fr\/321478\/"},"modified":"2025-08-15T20:18:11","modified_gmt":"2025-08-15T20:18:11","slug":"vandoeuvre-les-nancy-une-guinguette-et-des-echanges-pour-dialoguer-avec-michel-bussi-autour-de-ses-romans","status":"publish","type":"post","link":"https:\/\/www.europesays.com\/fr\/321478\/","title":{"rendered":"Vand\u0153uvre-l\u00e8s-Nancy. Une guinguette et des \u00e9changes pour dialoguer avec Michel Bussi autour de ses romans"},"content":{"rendered":"<p>Dans le cadre des \u00e9crivains dans les quartiers, convention \u00e9tablie entre Batig\u00e8re et la M\u00e9tropole, le bailleur social sera partenaire, pour la 15e ann\u00e9e cons\u00e9cutive, de la m\u00e9diath\u00e8que Jules-Verne et la MJC CS Nomade, \u00ab\u00a0pour une rencontre privil\u00e9gi\u00e9e avec l\u2019un des auteurs les plus lus en France, Michel Bussi, se r\u00e9jouit Nicolas Kwiatkowski, directeur de Batig\u00e8re. Un \u00e9crivain prolifique, ma\u00eetre du polar, mais surtout un homme accessible, chaleureux, qui aime se rapprocher de son public\u00a0\u00bb.<\/p>\n<p>  Des ouvrages pour (re) d\u00e9couvrir l\u2019auteur avant de le rencontrer<\/p>\n<p>D\u00e8s \u00e0 pr\u00e9sent, des ouvrages de l\u2019auteur (romans en \u00e9dition classique, gros caract\u00e8res, livres audio, bandes dessin\u00e9es) \u00ab\u00a0sont mis \u00e0 disposition pour permettre aux lecteurs de d\u00e9couvrir ou red\u00e9couvrir l\u2019auteur avant de pouvoir le rencontrer et dialoguer avec lui\u00a0\u00bb, pr\u00e9cise Vincent Tisot, directeur de la m\u00e9diath\u00e8que.<\/p>\n<p>Cette rencontre se d\u00e9roulera le 12\u00a0septembre \u00e0 16\u00a0h \u00e0 la sortie des \u00e9coles au square Louvain. Pour l\u2019occasion, il sera transform\u00e9 en guinguette par la MJC CS Nomade. Jeunes et moins jeunes pourront rencontrer Michel Bussi, lui poser des questions sur son m\u00e9tier, sa passion de l\u2019\u00e9criture ou encore ses sources d\u2019inspiration. Un moment convivial, anim\u00e9 par les b\u00e9n\u00e9voles autour d\u2019un caf\u00e9, avant une d\u00e9ambulation jusqu\u2019\u00e0 la m\u00e9diath\u00e8que.<\/p>\n<p>\u00c0 17\u00a0h\u00a030, dans la salle de lecture de la m\u00e9diath\u00e8que, l\u2019auteur prendra place face aux lecteurs pour un \u00e9change plus approfondi.<\/p>\n<p>David Garcia-Parilla et Justine Lanieu, m\u00e9diath\u00e9caires, aux c\u00f4t\u00e9s de Michel Bussi pr\u00e9senteront son dernier roman \u00ab\u00a0Les Ombres du monde\u00a0\u00bb, en librairie d\u00e8s ce jeudi 14\u00a0ao\u00fbt. Un ouvrage singulier dans sa carri\u00e8re\u00a0: l\u2019intrigue \u00e0 travers trois g\u00e9n\u00e9rations de Rwandais dans leur pays actuel, abordant la m\u00e9moire du g\u00e9nocide tutsi avec sensibilit\u00e9 et p\u00e9dagogie. Un r\u00e9cit ancr\u00e9 dans la r\u00e9alit\u00e9, loin d\u2019un simple d\u00e9cor de fiction.<\/p>\n<p>  Des podcasts sur RTL et des livres \u00e0 la m\u00e9diath\u00e8que<\/p>\n<p>Pour St\u00e9phanie Miroult, directrice de la MJC CS Nomade, cette manifestation est une \u00ab\u00a0rencontre en deux temps\u00a0: la guinguette pour le lien direct avec la population, puis l\u2019entretien \u00e0 la m\u00e9diath\u00e8que pour approcher l\u2019auteur au plus pr\u00e8s\u00a0\u00bb.<\/p>\n<p>La journ\u00e9e se conclura par une s\u00e9ance de d\u00e9dicaces, laissant \u00e0 chacun un souvenir unique.<\/p>\n<p>Et pour prolonger le plaisir, on peut retrouver Michel Bussi chaque jour sur RTL, dans son podcast \u00ab\u00a0Des livres et des voyages\u00a0\u00bb, invitation permanente \u00e0 l\u2019\u00e9vasion litt\u00e9raire, mais aussi emprunter ses ouvrages \u00e0 la m\u00e9diath\u00e8que.<\/p>\n","protected":false},"excerpt":{"rendered":"Dans le cadre des \u00e9crivains dans les quartiers, convention \u00e9tablie entre Batig\u00e8re et la M\u00e9tropole, le bailleur social&hellip;\n","protected":false},"author":2,"featured_media":321479,"comment_status":"","ping_status":"","sticky":false,"template":"","format":"standard","meta":{"footnotes":""},"categories":[1357],"tags":[1379,1687,58,1704,59,1011,27,1380,2410,6364,5711],"class_list":{"0":"post-321478","1":"post","2":"type-post","3":"status-publish","4":"format-standard","5":"has-post-thumbnail","7":"category-livres","8":"tag-books","9":"tag-culture-loisirs","10":"tag-divertissement","11":"tag-edition-nancy-et-agglomeration","12":"tag-entertainment","13":"tag-fr","14":"tag-france","15":"tag-livres","16":"tag-livres-bd","17":"tag-metropole-du-grand-nancy-54b1","18":"tag-vandoeuvre-les-nancy"},"share_on_mastodon":{"url":"https:\/\/pubeurope.com\/@fr\/115034633235874225","error":""},"_links":{"self":[{"href":"https:\/\/www.europesays.com\/fr\/wp-json\/wp\/v2\/posts\/321478","targetHints":{"allow":["GET"]}}],"collection":[{"href":"https:\/\/www.europesays.com\/fr\/wp-json\/wp\/v2\/posts"}],"about":[{"href":"https:\/\/www.europesays.com\/fr\/wp-json\/wp\/v2\/types\/post"}],"author":[{"embeddable":true,"href":"https:\/\/www.europesays.com\/fr\/wp-json\/wp\/v2\/users\/2"}],"replies":[{"embeddable":true,"href":"https:\/\/www.europesays.com\/fr\/wp-json\/wp\/v2\/comments?post=321478"}],"version-history":[{"count":0,"href":"https:\/\/www.europesays.com\/fr\/wp-json\/wp\/v2\/posts\/321478\/revisions"}],"wp:featuredmedia":[{"embeddable":true,"href":"https:\/\/www.europesays.com\/fr\/wp-json\/wp\/v2\/media\/321479"}],"wp:attachment":[{"href":"https:\/\/www.europesays.com\/fr\/wp-json\/wp\/v2\/media?parent=321478"}],"wp:term":[{"taxonomy":"category","embeddable":true,"href":"https:\/\/www.europesays.com\/fr\/wp-json\/wp\/v2\/categories?post=321478"},{"taxonomy":"post_tag","embeddable":true,"href":"https:\/\/www.europesays.com\/fr\/wp-json\/wp\/v2\/tags?post=321478"}],"curies":[{"name":"wp","href":"https:\/\/api.w.org\/{rel}","templated":true}]}}