{"id":321482,"date":"2025-08-15T20:20:10","date_gmt":"2025-08-15T20:20:10","guid":{"rendered":"https:\/\/www.europesays.com\/fr\/321482\/"},"modified":"2025-08-15T20:20:10","modified_gmt":"2025-08-15T20:20:10","slug":"marine-star-academy-se-devoile-pour-la-premiere-fois-en-bikini-et-fait-sensation","status":"publish","type":"post","link":"https:\/\/www.europesays.com\/fr\/321482\/","title":{"rendered":"Marine (Star Academy) se d\u00e9voile pour la premi\u00e8re fois en bikini et fait sensation"},"content":{"rendered":"<p>      R\u00e9sum\u00e9<\/p>\n<p>Marine Delplace, gagnante de la Star Academy, profite enfin de ses vacances \u00e0 Eygui\u00e8res apr\u00e8s une ann\u00e9e intense entre concerts, sorties d&rsquo;album et pr\u00e9parations pour la rentr\u00e9e.<\/p>\n<p>        Sommaire<\/p>\n<p><strong>Depuis onze mois, Marine Delplace n&rsquo;a plus de vie<\/strong>. En int\u00e9grant le ch\u00e2teau de la Star Academy en octobre dernier, la chanteuse n&rsquo;imaginait pas une seule seconde que sa vie allait autant \u00eatre boulevers\u00e9e. <strong>Victorieuse du programme en janvier face \u00e0 Ebony<\/strong>, Marine est depuis devenue un visage \u00e0 part enti\u00e8re de la sc\u00e8ne francophone. La jeune femme, qui sera tr\u00e8s probablement nomm\u00e9e aux NRJ Music Awards en novembre prochain, <a href=\"https:\/\/vsd.fr\/81421-tournee-de-la-star-academy-pourquoi-les-candidats-redoutent-tant-la-fin\/\" target=\"_blank\" rel=\"noopener\">encha\u00eene les concerts et les tubes<\/a>. Son premier album, C\u0153ur maladroit, s&rsquo;est d\u00e9j\u00e0 \u00e9coul\u00e9 <strong>\u00e0 plusieurs dizaines de milliers d&rsquo;exemplaires<\/strong>.<\/p>\n<p>Comme elle le r\u00e9v\u00e9lait dans une interview \u00e0 T\u00e9l\u00e9-Loisirs il y a quelques semaines, <strong>Marine n&rsquo;a pas revu son Nord natal depuis la Star Ac<\/strong>. Elle n&rsquo;y est revenue qu&rsquo;\u00e0 une seule reprise, et n&rsquo;a d\u00e9sormais plus le temps de voir ses proches. \u00ab\u00a0Parfois, ma famille me manque. Je regrette surtout de ne plus avoir du tout de temps pour mes proches pour l\u2019instant. J\u2019ai d\u00fb rentrer une fois chez mes parents depuis la finale. <strong>Je rate des anniversaires, des f\u00eates, des th\u00e8ses de mes copains dentistes<\/strong>\u00a0\u00bb avait-elle ainsi d\u00e9plor\u00e9.<\/p>\n<p>Marine en concert ce soir sur TF1&#8230; depuis sa piscine !<\/p>\n<p><strong>Mais en ce 15 ao\u00fbt, Marine peut enfin souffler<\/strong>. Avant une rentr\u00e9e bien charg\u00e9e, avec notamment le lancement de <a href=\"https:\/\/www.public.fr\/houcine-camara-hysterique-en-decouvrant-les-nouvelles-promotions-de-la-star-academy-nikos-on-ne-le-tutoie-pas\" target=\"_blank\" rel=\"noopener\">la nouvelle saison de la Star Academy<\/a> auquel elle va forc\u00e9ment devoir contribuer, la chanteuse est enfin en vacances ! Comme le t\u00e9moignent les clich\u00e9s d\u00e9voil\u00e9s sur Instagram, la chanteuse <strong>se ressource<\/strong> <strong>\u00e0 Eygui\u00e8res (Bouches-du-Rh\u00f4ne)<\/strong>.<\/p>\n<p>Sous un soleil de plomb, Marine profite de la piscine, <strong>et appara\u00eet avec un bikini 100% noir<\/strong>. Dans les rues d&rsquo;Eygui\u00e8res, c&rsquo;est une large robe d&rsquo;\u00e9t\u00e9 que la chanteuse a choisie, orn\u00e9e d&rsquo;un haut blanc et d&rsquo;une casquette Ralph Lauren. Accompagn\u00e9e de tous ses proches, <a href=\"https:\/\/www.public.fr\/tag\/marine-delplace\" target=\"_blank\" rel=\"noopener\">la gagnante de la Star Ac<\/a> peut enfin profiter d&rsquo;eux, mais aussi d&rsquo;elle-m\u00eame&#8230; \u00ab\u00a0Rien ne vaut les vacances en jet2\u00a0\u00bb s&rsquo;amuse la jeune femme. <strong>Am\u00e9lie Neten lui souhaite de belles vacances<\/strong>&#8230; et nous aussi !<\/p>\n<p>      Mentionn\u00e9s dans cet article<\/p>\n<p>      Sur le m\u00eame sujet<\/p>\n","protected":false},"excerpt":{"rendered":"R\u00e9sum\u00e9 Marine Delplace, gagnante de la Star Academy, profite enfin de ses vacances \u00e0 Eygui\u00e8res apr\u00e8s une ann\u00e9e&hellip;\n","protected":false},"author":2,"featured_media":321483,"comment_status":"","ping_status":"","sticky":false,"template":"","format":"standard","meta":{"footnotes":""},"categories":[1355],"tags":[58,59,2883,1011,27,8520,1361,873,5095,2528],"class_list":{"0":"post-321482","1":"post","2":"type-post","3":"status-publish","4":"format-standard","5":"has-post-thumbnail","7":"category-musique","8":"tag-divertissement","9":"tag-entertainment","10":"tag-ete","11":"tag-fr","12":"tag-france","13":"tag-marine-delplace","14":"tag-music","15":"tag-musique","16":"tag-star-academy","17":"tag-vacances"},"share_on_mastodon":{"url":"https:\/\/pubeurope.com\/@fr\/115034641058307600","error":""},"_links":{"self":[{"href":"https:\/\/www.europesays.com\/fr\/wp-json\/wp\/v2\/posts\/321482","targetHints":{"allow":["GET"]}}],"collection":[{"href":"https:\/\/www.europesays.com\/fr\/wp-json\/wp\/v2\/posts"}],"about":[{"href":"https:\/\/www.europesays.com\/fr\/wp-json\/wp\/v2\/types\/post"}],"author":[{"embeddable":true,"href":"https:\/\/www.europesays.com\/fr\/wp-json\/wp\/v2\/users\/2"}],"replies":[{"embeddable":true,"href":"https:\/\/www.europesays.com\/fr\/wp-json\/wp\/v2\/comments?post=321482"}],"version-history":[{"count":0,"href":"https:\/\/www.europesays.com\/fr\/wp-json\/wp\/v2\/posts\/321482\/revisions"}],"wp:featuredmedia":[{"embeddable":true,"href":"https:\/\/www.europesays.com\/fr\/wp-json\/wp\/v2\/media\/321483"}],"wp:attachment":[{"href":"https:\/\/www.europesays.com\/fr\/wp-json\/wp\/v2\/media?parent=321482"}],"wp:term":[{"taxonomy":"category","embeddable":true,"href":"https:\/\/www.europesays.com\/fr\/wp-json\/wp\/v2\/categories?post=321482"},{"taxonomy":"post_tag","embeddable":true,"href":"https:\/\/www.europesays.com\/fr\/wp-json\/wp\/v2\/tags?post=321482"}],"curies":[{"name":"wp","href":"https:\/\/api.w.org\/{rel}","templated":true}]}}