{"id":321496,"date":"2025-08-15T20:28:12","date_gmt":"2025-08-15T20:28:12","guid":{"rendered":"https:\/\/www.europesays.com\/fr\/321496\/"},"modified":"2025-08-15T20:28:12","modified_gmt":"2025-08-15T20:28:12","slug":"au-moins-1-760-palestiniens-ont-ete-tues-depuis-fin-mai-en-cherchant-de-laide","status":"publish","type":"post","link":"https:\/\/www.europesays.com\/fr\/321496\/","title":{"rendered":"Au moins 1.760 Palestiniens ont \u00e9t\u00e9 tu\u00e9s depuis fin mai en cherchant de l\u2019aide"},"content":{"rendered":"<p>Le bilan est terrifiant et ne cesse de s\u2019alourdir. Au moins 1.760 Palestiniens ont \u00e9t\u00e9 tu\u00e9s depuis fin mai dans la bande de Gaza, la plupart par l\u2019arm\u00e9e isra\u00e9lienne, simplement en cherchant de l\u2019aide humanitaire, a affirm\u00e9 vendredi le Bureau des droits de l&rsquo;homme de l\u2019ONU pour ce territoire palestinien.<\/p>\n<p>Selon un porte-parole de la D\u00e9fense civile de Gaza, Mahmoud Bassal, au moins 31 personnes ont par ailleurs \u00e9t\u00e9 tu\u00e9es vendredi par des frappes isra\u00e9liennes dans le territoire, dont 12 qui attendaient une aide humanitaire. Interrog\u00e9e, l\u2019arm\u00e9e isra\u00e9lienne a d\u00e9clar\u00e9 que ses troupes cherchaient \u00e0 \u00ab\u00a0d\u00e9manteler les capacit\u00e9s militaires du Hamas\u00a0\u00bb, ajoutant que ses forces prenaient des pr\u00e9cautions \u00ab\u00a0pour r\u00e9duire les dommages caus\u00e9s aux civils\u00a0\u00bb.<\/p>\n<p>Un millier de morts pr\u00e8s de sites g\u00e9r\u00e9s par GHF<\/p>\n<p>Compte tenu des restrictions impos\u00e9es aux m\u00e9dias par Isra\u00ebl dans la bande de Gaza et des difficult\u00e9s d\u2019acc\u00e8s sur le terrain, l\u2019AFP n\u2019est pas en mesure de v\u00e9rifier de mani\u00e8re ind\u00e9pendante les bilans et affirmations des diff\u00e9rentes parties.<\/p>\n<\/p>\n<p>Entre le 27\u00a0mai et le 13\u00a0ao\u00fbt, le Bureau de l\u2019ONU pour les territoires palestiniens \u00ab\u00a0a enregistr\u00e9 au moins 1.760 Palestiniens tu\u00e9s en cherchant de l\u2019aide\u00a0: 994 \u00e0 proximit\u00e9 des <a href=\"https:\/\/www.20minutes.fr\/monde\/israel\/4160307-20250625-sait-fondation-humanitaire-gaza-chargee-distribution-alimentaire-critiquee-onu\" class=\"c-link c-link--is-underlined\" target=\"_blank\" rel=\"noopener\">sites de la Fondation Humanitaire de Gaza<\/a> (GHF, soutenue par les Etats-Unis et Isra\u00ebl) et 766 le long des itin\u00e9raires des convois d\u2019approvisionnement\u00a0\u00bb, indique un communiqu\u00e9. \u00ab\u00a0La majorit\u00e9 ont \u00e9t\u00e9 tu\u00e9s par l\u2019arm\u00e9e isra\u00e9lienne\u00a0\u00bb, estime l\u2019agence onusienne.<\/p>\n<p>Isra\u00ebl veut prendre le contr\u00f4le de la ville de Gaza<\/p>\n<p>Le Premier ministre isra\u00e9lien Benyamin Netanyahou a r\u00e9cemment dit que l\u2019arm\u00e9e contr\u00f4lait d\u00e9sormais environ les trois-quarts de la bande de Gaza, o\u00f9 les quelque deux millions d\u2019habitants assi\u00e9g\u00e9s sont menac\u00e9s de famine selon l\u2019ONU. L\u2019arm\u00e9e se pr\u00e9pare \u00e0 prendre le contr\u00f4le de la ville de Gaza et de camps de r\u00e9fugi\u00e9s voisins avec notamment le but affich\u00e9 de vaincre le Hamas et lib\u00e9rer les otages isra\u00e9liens.<\/p>\n<p>L\u2019attaque du 7\u00a0octobre 2023 a entra\u00een\u00e9 c\u00f4t\u00e9 isra\u00e9lien la mort de 1.219 personnes, en majorit\u00e9 des civils, selon un d\u00e9compte de l\u2019AFP \u00e9tabli \u00e0 partir de donn\u00e9es officielles. Sur les 251 otages captur\u00e9s le jour de l\u2019attaque, 49 sont toujours d\u00e9tenus \u00e0 Gaza dont 27 d\u00e9clar\u00e9s morts par l\u2019arm\u00e9e. Les repr\u00e9sailles isra\u00e9liennes ont fait 61.827 morts \u00e0 Gaza, majoritairement des civils, selon les donn\u00e9es du minist\u00e8re de la Sant\u00e9 du Hamas, jug\u00e9es fiables par l\u2019<a href=\"https:\/\/www.20minutes.fr\/monde\/onu\/\" class=\"c-link c-link--is-underlined\" target=\"_blank\" rel=\"noopener\">ONU<\/a>.<\/p>\n","protected":false},"excerpt":{"rendered":"Le bilan est terrifiant et ne cesse de s\u2019alourdir. Au moins 1.760 Palestiniens ont \u00e9t\u00e9 tu\u00e9s depuis fin&hellip;\n","protected":false},"author":2,"featured_media":321497,"comment_status":"","ping_status":"","sticky":false,"template":"","format":"standard","meta":{"footnotes":""},"categories":[5],"tags":[47,11,7613,3259,1011,27,665,3519,14,664,74,12,3518,7612,28],"class_list":{"0":"post-321496","1":"post","2":"type-post","3":"status-publish","4":"format-standard","5":"has-post-thumbnail","7":"category-international","8":"tag-actualite","9":"tag-actualites","10":"tag-conflit-au-proche-orient","11":"tag-conflit-israelo-palestinien","12":"tag-fr","13":"tag-france","14":"tag-gaza","15":"tag-hamas","16":"tag-international","17":"tag-israel","18":"tag-monde","19":"tag-news","20":"tag-palestine","21":"tag-proche-orient","22":"tag-world"},"share_on_mastodon":{"url":"https:\/\/pubeurope.com\/@fr\/115034672757058664","error":""},"_links":{"self":[{"href":"https:\/\/www.europesays.com\/fr\/wp-json\/wp\/v2\/posts\/321496","targetHints":{"allow":["GET"]}}],"collection":[{"href":"https:\/\/www.europesays.com\/fr\/wp-json\/wp\/v2\/posts"}],"about":[{"href":"https:\/\/www.europesays.com\/fr\/wp-json\/wp\/v2\/types\/post"}],"author":[{"embeddable":true,"href":"https:\/\/www.europesays.com\/fr\/wp-json\/wp\/v2\/users\/2"}],"replies":[{"embeddable":true,"href":"https:\/\/www.europesays.com\/fr\/wp-json\/wp\/v2\/comments?post=321496"}],"version-history":[{"count":0,"href":"https:\/\/www.europesays.com\/fr\/wp-json\/wp\/v2\/posts\/321496\/revisions"}],"wp:featuredmedia":[{"embeddable":true,"href":"https:\/\/www.europesays.com\/fr\/wp-json\/wp\/v2\/media\/321497"}],"wp:attachment":[{"href":"https:\/\/www.europesays.com\/fr\/wp-json\/wp\/v2\/media?parent=321496"}],"wp:term":[{"taxonomy":"category","embeddable":true,"href":"https:\/\/www.europesays.com\/fr\/wp-json\/wp\/v2\/categories?post=321496"},{"taxonomy":"post_tag","embeddable":true,"href":"https:\/\/www.europesays.com\/fr\/wp-json\/wp\/v2\/tags?post=321496"}],"curies":[{"name":"wp","href":"https:\/\/api.w.org\/{rel}","templated":true}]}}