{"id":321498,"date":"2025-08-15T20:29:10","date_gmt":"2025-08-15T20:29:10","guid":{"rendered":"https:\/\/www.europesays.com\/fr\/321498\/"},"modified":"2025-08-15T20:29:10","modified_gmt":"2025-08-15T20:29:10","slug":"un-homme-de-21-ans-retrouve-mort-dans-le-quartier-maurepas-a-rennes","status":"publish","type":"post","link":"https:\/\/www.europesays.com\/fr\/321498\/","title":{"rendered":"un homme de 21 ans retrouv\u00e9 mort dans le quartier Maurepas \u00e0 Rennes"},"content":{"rendered":"<p>            Par<br \/>\n        <strong><br \/>\n            <a href=\"https:\/\/actu.fr\/auteur\/clemence-pays02-actu-fr\" title=\"Consulter tous les articles de Cl\u00e9mence Pays\" rel=\"nofollow noopener\" target=\"_blank\">Cl\u00e9mence Pays<\/a><br \/>\n        <\/strong><\/p>\n<p>        Publi\u00e9 le<\/p>\n<p>            15 ao\u00fbt 2025 \u00e0 19h02        <\/p>\n<p>Le calme de la nuit a \u00e9t\u00e9 rompu au petit matin, ce vendredi 15\u00a0ao\u00fbt 2025 \u00e0 <a href=\"https:\/\/actu.fr\/rennes\/\" rel=\"nofollow noopener\" target=\"_blank\">Rennes<\/a>. <strong>Un homme a \u00e9t\u00e9 retrouv\u00e9 \u00ab\u2009inanim\u00e9 et ensanglant\u00e9\u2009\u00bb<\/strong> vers 5h, par des passants, au 1, boulevard Emmanuel-Mounier, \u00e0 deux pas de la place du Gros-Ch\u00eane, \u00e0 Maurepas, indique le procureur de la R\u00e9publique adjoint, Jean-Marie Blin, contact\u00e9 par actu Rennes, confirmant <a href=\"https:\/\/www.ouest-france.fr\/societe\/faits-divers\/meurtre-dun-homme-de-25-ans-a-rennes-oh-mon-dieu-mais-cest-quoi-tout-ce-sang-1fedded0-79af-11f0-a327-6ebe5461832d\" rel=\"nofollow noopener\" target=\"_blank\">Ouest-France<\/a>.<\/p>\n<p class=\" wall-content\">Les t\u00e9moins de cette macabre d\u00e9couverte ont alors appel\u00e9 les services de police. Arriv\u00e9s sur place, les forces de l\u2019ordre ont relev\u00e9 que la victime \u00ab\u2009pr\u00e9sentait des <strong>plaies par arme blanche<\/strong> notamment aux jambes et \u00e0 la poitrine\u2009\u00bb, pr\u00e9cise Jean-Marie Blin. Malheureusement, les secours \u00e9galement mobilis\u00e9s n\u2019ont pu r\u00e9animer la victime et n\u2019ont pu que constater son <strong>d\u00e9c\u00e8s sur place.<\/strong><\/p>\n<p>    <a href=\"https:\/\/www.google.com\/maps\/embed?pb=!1m18!1m12!1m3!1d2028.5898386661618!2d-1.6676600247388451!3d48.12616095195741!2m3!1f0!2f0!3f0!3m2!1i1024!2i768!4f13.1!3m3!1m2!1s0x480ede42ce74c787%3A0x3e1a63be20421be3!2sLe%20Gl%C3%A9nan%2C%201%20Bd%20Emmanuel%20Mounier%2C%2035700%20Rennes!5e1!3m2!1sfr!2sfr!4v1755277021024!5m2!1sfr!2sfr\" title=\"Ouvrie le lien\" rel=\"nofollow noopener\" target=\"_blank\">Cliquez ici pour visualiser le contenu<\/a><\/p>\n<p class=\" wall-content\">\u00ab\u2009Les services de police avaient re\u00e7u un appel quelques instants avant leur intervention signalant <strong>un homme poursuivi par une dizaine d\u2019autres personnes.<\/strong> Un voisin aurait entendu quelqu\u2019un crier <strong>\u2018tue-le, tue-le\u2019<\/strong>\u00bb, relate le parquet.<\/p>\n<p>Une dizaine de personnes en cause<\/p>\n<p class=\" wall-content\">L\u2019homme d\u00e9c\u00e9d\u00e9 \u00e9tait \u00e2g\u00e9 de<strong> 21\u00a0ans<\/strong> et \u00ab\u2009demeurait dans l\u2019agglom\u00e9ration rennaise\u2009\u00bb, poursuit le procureur de la R\u00e9publique adjoint.<\/p>\n<blockquote class=\"ac-article-quote wall-content\">\n<p>Il avait d\u00e9j\u00e0 \u00e9t\u00e9 mis en cause dans des affaires li\u00e9es \u00e0 des infractions de la l\u00e9gislation sur les stup\u00e9fiants et condamn\u00e9 en 2022 \u00e0 une peine de 6 mois d&#8217;emprisonnement assorti d&rsquo;un sursis probatoire pour des faits de d\u00e9tention et cession de stup\u00e9fiants et d&rsquo;usage de stup\u00e9fiants.<\/p>\n<p>    <strong>Jean-Marie Blin<\/strong><br \/>\n        Procureur de la R\u00e9publique adjoint au parquet de Rennes    <\/p><\/blockquote>\n<p class=\" wall-content\">Selon les premi\u00e8res constatations sur la sc\u00e8ne de crime, les enqu\u00eateurs supposent que \u00ab\u2009les faits sont <strong>en lien avec l\u2019activit\u00e9 d\u2019un point de revente de stup\u00e9fiants<\/strong> proche du lieu de d\u00e9couverte du corps\u2009\u00bb.<\/p>\n<p>Plusieurs fusillades dans le quartier<\/p>\n<p class=\" wall-content\">Pour rappel, le quartier de Maurepas \u2013 <a href=\"https:\/\/actu.fr\/bretagne\/rennes_35238\/rennes-un-blesse-par-balle-apres-des-coups-de-feu-en-pleine-journee-a-maurepas_61669071.html\" rel=\"nofollow noopener\" target=\"_blank\">et notamment le secteur du Gros-Ch\u00eane<\/a> \u2013 a \u00e9t\u00e9 le th\u00e9\u00e2tre de nombreuses violences telles que des fusillades et coups de feu <a href=\"https:\/\/actu.fr\/bretagne\/rennes_35238\/rennes-plusieurs-coups-de-feu-entendus-a-maurepas-des-investigations-en-cours_61450607.html\" rel=\"nofollow noopener\" target=\"_blank\">depuis ao\u00fbt\u00a02024<\/a>.<\/p>\n<p class=\" wall-content\">Samedi 26\u00a0octobre, <a href=\"https:\/\/actu.fr\/bretagne\/rennes_35238\/fusillade-a-rennes-de-nouveaux-tirs-a-maurepas-une-intervention-de-police-en-cours_61789796.html\" rel=\"nofollow noopener\" target=\"_blank\">deux bandes rivales s\u2019\u00e9taient violemment affront\u00e9es avec des armes \u00e0 feu, conduisant \u00e0 une importante op\u00e9ration de police<\/a>.<\/p>\n<p class=\" wall-content\">Plus tard dans la soir\u00e9e, une voiture avait \u00e9t\u00e9 la cible de tirs d\u2019armes \u00e0 feu, \u00e0 Pac\u00e9. <a href=\"https:\/\/actu.fr\/bretagne\/rennes_35238\/pres-de-rennes-un-enfant-de-cinq-ans-blesse-par-balle-a-l-arriere-d-une-voiture-entre-la-vie-et-la-mort_61791191.html\" rel=\"nofollow noopener\" target=\"_blank\">Un enfant de 5\u00a0ans avait \u00e9t\u00e9 tr\u00e8s gravement bless\u00e9 apr\u00e8s avoir \u00e9t\u00e9 touch\u00e9 \u00e0 la t\u00eate<\/a>. \u00c0 Maurepas, le lundi suivant,<a href=\"https:\/\/actu.fr\/bretagne\/rennes_35238\/attaquer-les-reseaux-la-ou-ca-fait-mal-a-rennes-le-nouveau-prefet-investit-le-quartier-maurepas_61797552.html\" rel=\"nofollow noopener\" target=\"_blank\"> le pr\u00e9fet Amaury de Saint-Quentin s\u2019\u00e9tait rendu dans le quartier<\/a> pour soutenir la police et la CRS 82 exceptionnellement d\u00e9ploy\u00e9e. Le vendredi 1er\u00a0novembre, <a href=\"https:\/\/actu.fr\/bretagne\/rennes_35238\/bruno-retailleau-a-rennes-ce-qu-il-faut-retenir-de-la-visite-du-ministre-de-l-interieur_61815508.html\" rel=\"nofollow noopener\" target=\"_blank\">le ministre de l\u2019Int\u00e9rieur, Bruno Retailleau s\u2019\u00e9tait \u00e0 son tour rendu sur place<\/a>.<\/p>\n<p class=\" wall-content\">En d\u00e9cembre, Fr\u00e9d\u00e9ric Teillet, procureur de la R\u00e9publique de Rennes, annon\u00e7ait <a href=\"https:\/\/actu.fr\/bretagne\/rennes_35238\/rennes-fusillades-a-maurepas-dix-personnes-interpellees-et-des-armes-retrouvees_61969054.html\" rel=\"nofollow noopener\" target=\"_blank\">l\u2019arrestation d\u2019une dizaine de personnes li\u00e9es aux fusillades de l\u2019\u00e9t\u00e9 2024<\/a>.<\/p>\n<p class=\" wall-content\">Les tirs s\u2019\u00e9taient calm\u00e9s un temps dans le quartier, qui a de nouveau \u00e9t\u00e9 <a href=\"https:\/\/actu.fr\/bretagne\/rennes_35238\/rennes-de-nouveaux-coups-de-feu-tires-dans-le-quartier-maurepas-ce-qu-il-faut-savoir_62809014.html\" rel=\"nofollow noopener\" target=\"_blank\">le th\u00e9\u00e2tre de violences le 22\u00a0juin 2025<\/a>.<\/p>\n<p class=\" wall-content\">Suivez toute l\u2019actualit\u00e9 de vos villes et m\u00e9dias favoris en vous inscrivant \u00e0 <a href=\"https:\/\/moncompte.actu.fr\" title=\"D\u00e9couvez Mon Actu\" rel=\"nofollow noopener\" data-trk=\"{&quot;cta&quot;:{&quot;action&quot;:&quot;https:\\\/\\\/moncompte.actu.fr&quot;,&quot;category&quot;:&quot;mon compte&quot;,&quot;from&quot;:&quot;article footer&quot;,&quot;name&quot;:&quot;Mon actu&quot;,&quot;type&quot;:&quot;cta&quot;}}\" target=\"_blank\">Mon Actu<\/a>.<\/p>\n","protected":false},"excerpt":{"rendered":"Par Cl\u00e9mence Pays Publi\u00e9 le 15 ao\u00fbt 2025 \u00e0 19h02 Le calme de la nuit a \u00e9t\u00e9 rompu&hellip;\n","protected":false},"author":2,"featured_media":321499,"comment_status":"","ping_status":"","sticky":false,"template":"","format":"standard","meta":{"footnotes":""},"categories":[4],"tags":[11,118,1011,27,22320,777,12,1072,25],"class_list":{"0":"post-321498","1":"post","2":"type-post","3":"status-publish","4":"format-standard","5":"has-post-thumbnail","7":"category-france","8":"tag-actualites","9":"tag-faits-divers","10":"tag-fr","11":"tag-france","12":"tag-maurepas","13":"tag-meurtre","14":"tag-news","15":"tag-police","16":"tag-republique-francaise"},"share_on_mastodon":{"url":"https:\/\/pubeurope.com\/@fr\/115034676543821175","error":""},"_links":{"self":[{"href":"https:\/\/www.europesays.com\/fr\/wp-json\/wp\/v2\/posts\/321498","targetHints":{"allow":["GET"]}}],"collection":[{"href":"https:\/\/www.europesays.com\/fr\/wp-json\/wp\/v2\/posts"}],"about":[{"href":"https:\/\/www.europesays.com\/fr\/wp-json\/wp\/v2\/types\/post"}],"author":[{"embeddable":true,"href":"https:\/\/www.europesays.com\/fr\/wp-json\/wp\/v2\/users\/2"}],"replies":[{"embeddable":true,"href":"https:\/\/www.europesays.com\/fr\/wp-json\/wp\/v2\/comments?post=321498"}],"version-history":[{"count":0,"href":"https:\/\/www.europesays.com\/fr\/wp-json\/wp\/v2\/posts\/321498\/revisions"}],"wp:featuredmedia":[{"embeddable":true,"href":"https:\/\/www.europesays.com\/fr\/wp-json\/wp\/v2\/media\/321499"}],"wp:attachment":[{"href":"https:\/\/www.europesays.com\/fr\/wp-json\/wp\/v2\/media?parent=321498"}],"wp:term":[{"taxonomy":"category","embeddable":true,"href":"https:\/\/www.europesays.com\/fr\/wp-json\/wp\/v2\/categories?post=321498"},{"taxonomy":"post_tag","embeddable":true,"href":"https:\/\/www.europesays.com\/fr\/wp-json\/wp\/v2\/tags?post=321498"}],"curies":[{"name":"wp","href":"https:\/\/api.w.org\/{rel}","templated":true}]}}