{"id":321514,"date":"2025-08-15T20:39:27","date_gmt":"2025-08-15T20:39:27","guid":{"rendered":"https:\/\/www.europesays.com\/fr\/321514\/"},"modified":"2025-08-15T20:39:27","modified_gmt":"2025-08-15T20:39:27","slug":"arrete-reglement-de-circulation-a-rouen-du-18-aout-au-19-septembre-2025-actualites-2","status":"publish","type":"post","link":"https:\/\/www.europesays.com\/fr\/321514\/","title":{"rendered":"Arr\u00eat\u00e9 : r\u00e9glement de circulation \u00e0 Rouen du 18 ao\u00fbt au 19 septembre 2025 &#8211; Actualit\u00e9s"},"content":{"rendered":"<p>Un arr\u00eat\u00e9 pr\u00e9fectoral a \u00e9t\u00e9 pris concernant des travaux de d\u00e9molition d&rsquo;appontements \u00e0 Rouen, entrainant la fermeture d&rsquo;une partie du Boulevard Emile Duchemin du 18 ao\u00fbt au septembre 19 septembre 2025. Des d\u00e9viations seront mises en place et la circulation locale sera maintenue.<\/p>\n<p>Pour plus de d\u00e9tails sur les mesures prises, t\u00e9l\u00e9chargez l&rsquo;arr\u00eat\u00e9 complet : <b>    <a href=\"https:\/\/www.seine-maritime.gouv.fr\/contenu\/telechargement\/68803\/485773\/file\/2025.08.14%20AP%20travaux%20Bvd%20Emile%20Duchemin.pdf\" id=\"9deaea3773fdc2549a2fdb0c2824c94b\" rel=\"noopener external nofollow\" title=\"Visiter le site https:\/\/www.seine-maritime.gouv.fr\/contenu\/telechargement\/68803\/485773\/file\/2025.08.14%20AP%20travaux%20Bvd%20Emile%20Duchemin.pdf - nouvelle fen\u00eatre\" target=\"_blank\" class=\"fr-link\">Arr\u00eat\u00e9 portant r\u00e8glement particulier pour la circulation sur la commune de Rouen du 18 ao\u00fbt au 19 septembre 2025.<\/a><\/b><\/p>\n","protected":false},"excerpt":{"rendered":"Un arr\u00eat\u00e9 pr\u00e9fectoral a \u00e9t\u00e9 pris concernant des travaux de d\u00e9molition d&rsquo;appontements \u00e0 Rouen, entrainant la fermeture d&rsquo;une&hellip;\n","protected":false},"author":2,"featured_media":321515,"comment_status":"","ping_status":"","sticky":false,"template":"","format":"standard","meta":{"footnotes":""},"categories":[9587],"tags":[1111,11,1777,674,1011,27,12,5161,25,9590],"class_list":{"0":"post-321514","1":"post","2":"type-post","3":"status-publish","4":"format-standard","5":"has-post-thumbnail","7":"category-rouen","8":"tag-actu","9":"tag-actualites","10":"tag-eu","11":"tag-europe","12":"tag-fr","13":"tag-france","14":"tag-news","15":"tag-normandie","16":"tag-republique-francaise","17":"tag-rouen"},"share_on_mastodon":{"url":"https:\/\/pubeurope.com\/@fr\/115034715803248144","error":""},"_links":{"self":[{"href":"https:\/\/www.europesays.com\/fr\/wp-json\/wp\/v2\/posts\/321514","targetHints":{"allow":["GET"]}}],"collection":[{"href":"https:\/\/www.europesays.com\/fr\/wp-json\/wp\/v2\/posts"}],"about":[{"href":"https:\/\/www.europesays.com\/fr\/wp-json\/wp\/v2\/types\/post"}],"author":[{"embeddable":true,"href":"https:\/\/www.europesays.com\/fr\/wp-json\/wp\/v2\/users\/2"}],"replies":[{"embeddable":true,"href":"https:\/\/www.europesays.com\/fr\/wp-json\/wp\/v2\/comments?post=321514"}],"version-history":[{"count":0,"href":"https:\/\/www.europesays.com\/fr\/wp-json\/wp\/v2\/posts\/321514\/revisions"}],"wp:featuredmedia":[{"embeddable":true,"href":"https:\/\/www.europesays.com\/fr\/wp-json\/wp\/v2\/media\/321515"}],"wp:attachment":[{"href":"https:\/\/www.europesays.com\/fr\/wp-json\/wp\/v2\/media?parent=321514"}],"wp:term":[{"taxonomy":"category","embeddable":true,"href":"https:\/\/www.europesays.com\/fr\/wp-json\/wp\/v2\/categories?post=321514"},{"taxonomy":"post_tag","embeddable":true,"href":"https:\/\/www.europesays.com\/fr\/wp-json\/wp\/v2\/tags?post=321514"}],"curies":[{"name":"wp","href":"https:\/\/api.w.org\/{rel}","templated":true}]}}