{"id":321516,"date":"2025-08-15T20:41:28","date_gmt":"2025-08-15T20:41:28","guid":{"rendered":"https:\/\/www.europesays.com\/fr\/321516\/"},"modified":"2025-08-15T20:41:28","modified_gmt":"2025-08-15T20:41:28","slug":"national-j2-regardez-le-match-dfco-rouen-en-direct-le-dijon-show","status":"publish","type":"post","link":"https:\/\/www.europesays.com\/fr\/321516\/","title":{"rendered":"National (J2) \u2013 Regardez le match DFCO \u2013 Rouen en direct ! \u2013 Le Dijon Show"},"content":{"rendered":"<p>Apr\u00e8s son succ\u00e8s inaugural \u00e0 Orl\u00e9ans, le <strong>Dijon<\/strong> FCO veut bien d\u00e9marrer sa campagne \u00e0 domicile en <strong>National<\/strong> contre le FC <strong>Rouen<\/strong>, o\u00f9 \u00e9volue son ancien joueur Nassim Titebah. D\u00e9couvrez les compositions officielles de la rencontre et suivez le match en direct gr\u00e2ce au lecteur ci-dessous.<\/p>\n<\/p>\n<p><strong>LES COMPOSITIONS OFFICIELLES<\/strong><\/p>\n<p><strong>DFCO :<\/strong> Delecroix \u2013 Moco, Diaby-Malick, Bernard, Diallo \u2013 Mari\u00e9, Ndezi, Vargas-Rios, Lembezat \u2013 Domingues, Barka.<\/p>\n<p>Le banc : Diouf, Bellon, Dupont, Ntamack, Tavares.<\/p>\n<p><strong>FCR : <\/strong>Temperton \u2013 Titebah, Goprou, Mendy, Bassin \u2013 Genton, Benzia \u2013 Rocha, Fuss, Faye \u2013 Gerbeaud.<\/p>\n<p>Le banc : Bouamoucha, Bezzekhami, Egny, Ba-Sy, Mbock.<\/p>\n","protected":false},"excerpt":{"rendered":"Apr\u00e8s son succ\u00e8s inaugural \u00e0 Orl\u00e9ans, le Dijon FCO veut bien d\u00e9marrer sa campagne \u00e0 domicile en National&hellip;\n","protected":false},"author":2,"featured_media":321517,"comment_status":"","ping_status":"","sticky":false,"template":"","format":"standard","meta":{"footnotes":""},"categories":[9587],"tags":[1111,11,1777,674,1011,27,12,5161,25,9590],"class_list":{"0":"post-321516","1":"post","2":"type-post","3":"status-publish","4":"format-standard","5":"has-post-thumbnail","7":"category-rouen","8":"tag-actu","9":"tag-actualites","10":"tag-eu","11":"tag-europe","12":"tag-fr","13":"tag-france","14":"tag-news","15":"tag-normandie","16":"tag-republique-francaise","17":"tag-rouen"},"share_on_mastodon":{"url":"https:\/\/pubeurope.com\/@fr\/115034723689409803","error":""},"_links":{"self":[{"href":"https:\/\/www.europesays.com\/fr\/wp-json\/wp\/v2\/posts\/321516","targetHints":{"allow":["GET"]}}],"collection":[{"href":"https:\/\/www.europesays.com\/fr\/wp-json\/wp\/v2\/posts"}],"about":[{"href":"https:\/\/www.europesays.com\/fr\/wp-json\/wp\/v2\/types\/post"}],"author":[{"embeddable":true,"href":"https:\/\/www.europesays.com\/fr\/wp-json\/wp\/v2\/users\/2"}],"replies":[{"embeddable":true,"href":"https:\/\/www.europesays.com\/fr\/wp-json\/wp\/v2\/comments?post=321516"}],"version-history":[{"count":0,"href":"https:\/\/www.europesays.com\/fr\/wp-json\/wp\/v2\/posts\/321516\/revisions"}],"wp:featuredmedia":[{"embeddable":true,"href":"https:\/\/www.europesays.com\/fr\/wp-json\/wp\/v2\/media\/321517"}],"wp:attachment":[{"href":"https:\/\/www.europesays.com\/fr\/wp-json\/wp\/v2\/media?parent=321516"}],"wp:term":[{"taxonomy":"category","embeddable":true,"href":"https:\/\/www.europesays.com\/fr\/wp-json\/wp\/v2\/categories?post=321516"},{"taxonomy":"post_tag","embeddable":true,"href":"https:\/\/www.europesays.com\/fr\/wp-json\/wp\/v2\/tags?post=321516"}],"curies":[{"name":"wp","href":"https:\/\/api.w.org\/{rel}","templated":true}]}}