{"id":321518,"date":"2025-08-15T20:42:10","date_gmt":"2025-08-15T20:42:10","guid":{"rendered":"https:\/\/www.europesays.com\/fr\/321518\/"},"modified":"2025-08-15T20:42:10","modified_gmt":"2025-08-15T20:42:10","slug":"grenoble-arrache-un-nul-frustrant-1-1","status":"publish","type":"post","link":"https:\/\/www.europesays.com\/fr\/321518\/","title":{"rendered":"Grenoble arrache un nul frustrant (1-1)"},"content":{"rendered":"<p>\t\t\t\t\t\t\t\t\t\t\t<img loading=\"lazy\" decoding=\"async\" width=\"1110\" title=\"GF38-Laval : Grenoble arrache un nul frustrant (1-1)\" class=\"img-fluid  mb-3\" src=\"https:\/\/grandgrenoble.alpes1.com\/media\/news\/thumb\/1110x624_gf38-laval-grenoble-arrache-un-nul-frustrant-1-1_689f9207bf763.webp\" alt=\"GF38-Laval : Grenoble arrache un nul frustrant (1-1)\" itemprop=\"image\" height=\"624\"\/>\t\t\t\t\t\t\t\t\t\t\t\t<\/p>\n<p>GF38-Laval : Grenoble arrache un nul frustrant (1-1) &#8211; DR<\/p>\n<p itemprop=\"description\"><strong>Le public du Stade des Alpes a grond\u00e9.<\/strong><\/p>\n<p>Avant la d\u00e9livrance en fin de rencontre. Le GF38 n&rsquo;a fait que match nul (1-1) ce vendredi soir contre Laval.<\/p>\n<p>La premi\u00e8re mi-temps \u00e9tait assez ennuyeuse. Franck Rizzetto avait bien coordonn\u00e9 sa d\u00e9fense, qui annihilait syst\u00e9matiquement les offensives adverses. Mais devant, Grenoble peinait \u00e0 se procurer des occasions.<\/p>\n<p>A force d&rsquo;\u00eatre test\u00e9e, la serrure is\u00e9roise c\u00e9dait. A la 52e minute, Titouan Thomas ouvrait le score sur corner pour Laval (0-1).<\/p>\n<p>L&rsquo;\u00e9quipe grenobloise changeait alors de visage et se lan\u00e7ait enfin \u00e0 l&rsquo;assaut du but. Strat\u00e9gie payante avec l&rsquo;\u00e9galisation \u00e0 la 78e minute de Nesta Elphege, qui remportait son duel dans la surface (1-1).<\/p>\n<p>Un nul qui peut laisser des regrets.<\/p>\n<p>Vendredi prochain, ce sera le premier derby d&rsquo;Auvergne-Rh\u00f4ne-Alpes de la saison, avec un d\u00e9placement \u00e0 Clermont-Ferrand.<\/p>\n<blockquote class=\"twitter-tweet\"><p>&#13;<\/p>\n<p dir=\"ltr\" lang=\"fr\">\u23f1 90&rsquo;+6 | GF38 1\ufe0f\u20e3-1\ufe0f\u20e3 LAVAL<\/p>\n<p>Fin du match au Stade des Alpes. Les deux \u00e9quipes se partagent les points \u00e0 l\u2019issue d\u2019une rencontre disput\u00e9e.<\/p>\n<p>\ud83d\udcc5 Prochain match : Clermont Foot \u2013 GF38<br \/>\ud83d\uddd3 Vendredi 22 ao\u00fbt \u2013 20h00<a href=\"https:\/\/twitter.com\/hashtag\/GF38LAVAL?src=hash&amp;ref_src=twsrc%5Etfw\" target=\"_blank\" rel=\"noopener\">#GF38LAVAL<\/a> <a href=\"https:\/\/t.co\/pKUd0bvzJp\">pic.twitter.com\/pKUd0bvzJp<\/a><\/p>\n<p>&#13;<br \/>\n\u2014 Grenoble Foot 38 (@GF38_Officiel) <a href=\"https:\/\/twitter.com\/GF38_Officiel\/status\/1956444944538992731?ref_src=twsrc%5Etfw\" target=\"_blank\" rel=\"noopener\">August 15, 2025<\/a><\/p><\/blockquote>\n<p>\t\t\t\t\t\t\t\t\t\t\t\t\t\t\t\t\t\t\t<script async src=\"https:\/\/platform.twitter.com\/widgets.js\" charset=\"utf-8\"><\/script><\/p>\n","protected":false},"excerpt":{"rendered":"GF38-Laval : Grenoble arrache un nul frustrant (1-1) &#8211; DR Le public du Stade des Alpes a grond\u00e9.&hellip;\n","protected":false},"author":2,"featured_media":321519,"comment_status":"","ping_status":"","sticky":false,"template":"","format":"standard","meta":{"footnotes":""},"categories":[9566],"tags":[1111,11,7733,8279,2430,7736,650,7734,2889,2263,1777,674,1011,27,2731,8280,6417,1114,108,4662,12,3725,1825,25,7737],"class_list":{"0":"post-321518","1":"post","2":"type-post","3":"status-publish","4":"format-standard","5":"has-post-thumbnail","7":"category-grenoble","8":"tag-actu","9":"tag-actualites","10":"tag-alpes","11":"tag-alpes1","12":"tag-auvergne-rhone-alpes","13":"tag-cds","14":"tag-cinema","15":"tag-ecoute","16":"tag-emission","17":"tag-equipe","18":"tag-eu","19":"tag-europe","20":"tag-fr","21":"tag-france","22":"tag-grenoble","23":"tag-haute","24":"tag-information","25":"tag-infos","26":"tag-isere","27":"tag-journal","28":"tag-news","29":"tag-podcast","30":"tag-radio","31":"tag-republique-francaise","32":"tag-winamp"},"share_on_mastodon":{"url":"https:\/\/pubeurope.com\/@fr\/115034727933291436","error":""},"_links":{"self":[{"href":"https:\/\/www.europesays.com\/fr\/wp-json\/wp\/v2\/posts\/321518","targetHints":{"allow":["GET"]}}],"collection":[{"href":"https:\/\/www.europesays.com\/fr\/wp-json\/wp\/v2\/posts"}],"about":[{"href":"https:\/\/www.europesays.com\/fr\/wp-json\/wp\/v2\/types\/post"}],"author":[{"embeddable":true,"href":"https:\/\/www.europesays.com\/fr\/wp-json\/wp\/v2\/users\/2"}],"replies":[{"embeddable":true,"href":"https:\/\/www.europesays.com\/fr\/wp-json\/wp\/v2\/comments?post=321518"}],"version-history":[{"count":0,"href":"https:\/\/www.europesays.com\/fr\/wp-json\/wp\/v2\/posts\/321518\/revisions"}],"wp:featuredmedia":[{"embeddable":true,"href":"https:\/\/www.europesays.com\/fr\/wp-json\/wp\/v2\/media\/321519"}],"wp:attachment":[{"href":"https:\/\/www.europesays.com\/fr\/wp-json\/wp\/v2\/media?parent=321518"}],"wp:term":[{"taxonomy":"category","embeddable":true,"href":"https:\/\/www.europesays.com\/fr\/wp-json\/wp\/v2\/categories?post=321518"},{"taxonomy":"post_tag","embeddable":true,"href":"https:\/\/www.europesays.com\/fr\/wp-json\/wp\/v2\/tags?post=321518"}],"curies":[{"name":"wp","href":"https:\/\/api.w.org\/{rel}","templated":true}]}}