{"id":321521,"date":"2025-08-15T20:45:15","date_gmt":"2025-08-15T20:45:15","guid":{"rendered":"https:\/\/www.europesays.com\/fr\/321521\/"},"modified":"2025-08-15T20:45:15","modified_gmt":"2025-08-15T20:45:15","slug":"a-rennes-les-habitants-ont-peur-detre-des-victimes-collaterales-apres-un-nouveau-meurtre-sur-fond-de-trafic-de-drogue","status":"publish","type":"post","link":"https:\/\/www.europesays.com\/fr\/321521\/","title":{"rendered":"\u00c0 Rennes, les habitants ont \u00ab\u00a0peur d\u2019\u00eatre des victimes collat\u00e9rales\u00a0\u00bb apr\u00e8s un nouveau meurtre sur fond de trafic de drogue"},"content":{"rendered":"<p>Un jeune homme de 21 ans est mort des suites d\u2019une <a href=\"https:\/\/www.letelegramme.fr\/ille-et-vilaine\/rennes-35000\/a-rennes-un-homme-de-25-ans-succombe-a-une-blessure-par-balle-dans-le-quartier-de-maurepas-6871557.php\" target=\"_blank\" rel=\"noopener\">agression par arme blanche<\/a>, vendredi 15 ao\u00fbt, dans le quartier de Maurepas, \u00e0 Rennes. \u00ab Les constatations sur la sc\u00e8ne de crime permettent de supposer que les faits sont en lien avec l\u2019activit\u00e9 d\u2019un point de revente de stup\u00e9fiants, proche du lieu de d\u00e9couverte du corps \u00bb, r\u00e9v\u00e8le le parquet du tribunal judiciaire de Rennes.<\/p>\n<p>Des habitants r\u00e9sign\u00e9s<\/p>\n<p>Parmi les plus d\u00e9favoris\u00e9s de Rennes, le quartier de <a href=\"https:\/\/www.letelegramme.fr\/ille-et-vilaine\/rennes-35000\/un-an-apres-les-fusillades-de-maurepas-les-habitants-restent-mefiants-6871300.php\" target=\"_blank\" rel=\"noopener\">Maurepas<\/a>, o\u00f9 habitent quelque 6 000 habitants au nord de la ville, a \u00e9t\u00e9 le th\u00e9\u00e2tre de ce drame. Il s\u2019ajoute aux <a href=\"https:\/\/www.letelegramme.fr\/ille-et-vilaine\/rennes-35000\/cest-de-pire-en-pire-on-a-recense-le-nombre-de-fusillades-depuis-le-debut-de-lannee-a-rennes-6693520.php\" target=\"_blank\" rel=\"noopener\">neuf fusillades<\/a> que la capitale bretonne avait connues entre fin juillet et octobre 2024.<\/p>\n<p>Malgr\u00e9 un contexte de nouveau explosif dans l\u2019un des principaux points de deal de Rennes, la tranquillit\u00e9 et la qui\u00e9tude avaient regagn\u00e9 le quartier en d\u00e9but d\u2019apr\u00e8s-midi. Les enfants s\u2019amusaient avec les brumisateurs et sur les aires de jeu, pourtant situ\u00e9s juste \u00e0 c\u00f4t\u00e9 de la station de m\u00e9tro, o\u00f9 la victime a succomb\u00e9 \u00e0 ses blessures.<\/p>\n<p>R\u00e9sign\u00e9s, les habitants de Maurepas disent avoir, malgr\u00e9 eux, \u00ab pris l\u2019habitude de vivre avec le narcotrafic \u00bb. Ils confient \u00e9galement leur \u00ab peur d\u2019\u00eatre des victimes collat\u00e9rales \u00bb, craignant plus particuli\u00e8rement pour \u00ab la s\u00e9curit\u00e9 des enfants et des personnes \u00e2g\u00e9es \u00bb.<\/p>\n<blockquote><p>On a pris l\u2019habitude de vivre avec le narcotrafic<\/p><\/blockquote>\n<p>\u00ab La p\u00e9riode du Covid, c\u2019\u00e9tait le seul moment o\u00f9 on \u00e9tait en paix \u00bb<\/p>\n<p>\u00ab Pendant la crise du Covid-19, c\u2019\u00e9tait le seul moment o\u00f9 on \u00e9tait en paix mais maintenant, c\u2019est redevenu comme avant \u00bb, souffle une habitante, pr\u00e9f\u00e9rant rester anonyme par peur des repr\u00e9sailles, comme beaucoup.<\/p>\n<p>Pendant toute la journ\u00e9e, des fourgons de la police nationale et des patrouilles de CRS &#8211; d\u00e9j\u00e0 d\u00e9ploy\u00e9es, en octobre dernier, suite \u00e0 la fusillade ayant notamment laiss\u00e9 un enfant de cinq ans <a href=\"https:\/\/www.letelegramme.fr\/ille-et-vilaine\/rennes-35000\/lenfant-de-5-ans-blesse-par-balles-pres-de-rennes-risque-une-infirmite-permanente-6698048.php\" target=\"_blank\" rel=\"noopener\">handicap\u00e9 \u00e0 vie<\/a> &#8211; ont quadrill\u00e9 la zone, \u00ab afin d\u2019occuper le terrain et de calmer les esprits pour \u00e9viter toute surench\u00e8re \u00bb, confie une source polici\u00e8re.<\/p>\n<p>Mais la s\u00e9r\u00e9nit\u00e9 ne regagnera pas tout de suite Rennes puisque, comme le r\u00e9v\u00e9lait <a href=\"https:\/\/www.letelegramme.fr\/ille-et-vilaine\/rennes-35000\/fusillades-a-rennes-comment-les-narcotrafiquants-marseillais-ont-essaye-de-simplanter-en-bretagne-exclusif-6870000.php\" target=\"_blank\" rel=\"noopener\">Le T\u00e9l\u00e9gramme<\/a> dans son \u00e9dition de mardi, un faisceau d\u2019indices laisse penser que le clan Yoda, l\u2019un des plus redoutables groupes de narcotrafiquants marseillais, a essay\u00e9 de s\u2019implanter \u00e0 Villejean, un autre quartier victime, lui aussi, d\u2019une guerre de territoires pour le contr\u00f4le du trafic de drogue.<\/p>\n","protected":false},"excerpt":{"rendered":"Un jeune homme de 21 ans est mort des suites d\u2019une agression par arme blanche, vendredi 15 ao\u00fbt,&hellip;\n","protected":false},"author":2,"featured_media":321522,"comment_status":"","ping_status":"","sticky":false,"template":"","format":"standard","meta":{"footnotes":""},"categories":[2821],"tags":[1111,11,829,1777,674,1011,27,848,4555,12,584,25],"class_list":{"0":"post-321521","1":"post","2":"type-post","3":"status-publish","4":"format-standard","5":"has-post-thumbnail","7":"category-rennes","8":"tag-actu","9":"tag-actualites","10":"tag-bretagne","11":"tag-eu","12":"tag-europe","13":"tag-fr","14":"tag-france","15":"tag-ille-et-vilaine","16":"tag-local","17":"tag-news","18":"tag-rennes","19":"tag-republique-francaise"},"share_on_mastodon":{"url":"https:\/\/pubeurope.com\/@fr\/115034739381257240","error":""},"_links":{"self":[{"href":"https:\/\/www.europesays.com\/fr\/wp-json\/wp\/v2\/posts\/321521","targetHints":{"allow":["GET"]}}],"collection":[{"href":"https:\/\/www.europesays.com\/fr\/wp-json\/wp\/v2\/posts"}],"about":[{"href":"https:\/\/www.europesays.com\/fr\/wp-json\/wp\/v2\/types\/post"}],"author":[{"embeddable":true,"href":"https:\/\/www.europesays.com\/fr\/wp-json\/wp\/v2\/users\/2"}],"replies":[{"embeddable":true,"href":"https:\/\/www.europesays.com\/fr\/wp-json\/wp\/v2\/comments?post=321521"}],"version-history":[{"count":0,"href":"https:\/\/www.europesays.com\/fr\/wp-json\/wp\/v2\/posts\/321521\/revisions"}],"wp:featuredmedia":[{"embeddable":true,"href":"https:\/\/www.europesays.com\/fr\/wp-json\/wp\/v2\/media\/321522"}],"wp:attachment":[{"href":"https:\/\/www.europesays.com\/fr\/wp-json\/wp\/v2\/media?parent=321521"}],"wp:term":[{"taxonomy":"category","embeddable":true,"href":"https:\/\/www.europesays.com\/fr\/wp-json\/wp\/v2\/categories?post=321521"},{"taxonomy":"post_tag","embeddable":true,"href":"https:\/\/www.europesays.com\/fr\/wp-json\/wp\/v2\/tags?post=321521"}],"curies":[{"name":"wp","href":"https:\/\/api.w.org\/{rel}","templated":true}]}}