{"id":321529,"date":"2025-08-15T20:56:26","date_gmt":"2025-08-15T20:56:26","guid":{"rendered":"https:\/\/www.europesays.com\/fr\/321529\/"},"modified":"2025-08-15T20:56:26","modified_gmt":"2025-08-15T20:56:26","slug":"javier-pastore-consultant-la-belle-surprise-de-ligue1","status":"publish","type":"post","link":"https:\/\/www.europesays.com\/fr\/321529\/","title":{"rendered":"Javier Pastore consultant, la belle surprise de Ligue1+"},"content":{"rendered":"<p>L\u2019ancien milieu offensif du Paris SG sera consultant du premier match des champions de France sur la nouvelle cha\u00eene Ligue 1+ dimanche soir.<\/p>\n<p class=\"fig-paragraph\">Les dirigeants de Ligue1+\u00a0<a href=\"http:\/\/www.lefigaro.fr\/sports\/football\/ligue-1\/foot-commentateurs-consultants-et-nouveautes-pour-une-meilleure-immersion-pendant-les-matches-la-nouvelle-chaine-ligue-1-se-devoile-20250808\" data-fig-type=\"NewsFlash\" data-gtm-custom-categorie=\"navigation\" data-gtm-custom-action=\"crossclick\" data-gtm-custom-label=\"Contextuel\" data-gtm-event=\"customEventSPE\" data-fig-domain=\"LEFIGARO\" target=\"_blank\" rel=\"noopener\">avaient promis quelques surprises<\/a>\u00a0\u00e0 l\u2019antenne pour le d\u00e9but de saison de championnat, ils ont tenu parole. \u00c0 l\u2019occasion de la premi\u00e8re rencontre du Paris SG cette saison, en d\u00e9placement \u00e0 Nantes (dimanche, 20h45), la nouvelle cha\u00eene a recrut\u00e9\u00a0<a href=\"http:\/\/www.lefigaro.fr\/sports\/idole-du-parc-des-princes-fantome-a-rome-que-devient-javier-pastore-20210428\" data-fig-type=\"Article\" data-gtm-custom-categorie=\"navigation\" data-gtm-custom-action=\"crossclick\" data-gtm-custom-label=\"Contextuel\" data-gtm-event=\"customEventSPE\" data-fig-domain=\"LEFIGARO\" target=\"_blank\" rel=\"noopener\">Javier Pastore<\/a>\u00a0en tant que consultant. Un tr\u00e8s beau coup, surtout lorsqu\u2019on sait que la rencontre sera diffus\u00e9e en clair pour permettre au plus grand nombre de d\u00e9couvrir la plateforme.<\/p>\n<p class=\"fig-paragraph\"><strong>\u00c0 VOIR AUSSI &#8211; <\/strong>Mercato\u00a0: \u00abC\u2019est incroyable\u00bb, les mots d\u2019Illya Zabarnyi apr\u00e8s son arriv\u00e9e au Paris SG<\/p>\n","protected":false},"excerpt":{"rendered":"L\u2019ancien milieu offensif du Paris SG sera consultant du premier match des champions de France sur la nouvelle&hellip;\n","protected":false},"author":2,"featured_media":321530,"comment_status":"","ping_status":"","sticky":false,"template":"","format":"standard","meta":{"footnotes":""},"categories":[2818],"tags":[1111,11,525,1981,814,1777,674,2257,63,1011,27,3309,66,1307,955,766,12,1176,978,2636,93,25,1980],"class_list":{"0":"post-321529","1":"post","2":"type-post","3":"status-publish","4":"format-standard","5":"has-post-thumbnail","7":"category-nantes","8":"tag-actu","9":"tag-actualites","10":"tag-calendrier","11":"tag-classement","12":"tag-direct","13":"tag-eu","14":"tag-europe","15":"tag-foot","16":"tag-football","17":"tag-fr","18":"tag-france","19":"tag-l1","20":"tag-ligue-1","21":"tag-lille","22":"tag-match","23":"tag-nantes","24":"tag-news","25":"tag-olympique-de-marseille","26":"tag-olympique-lyonnais","27":"tag-pays-de-la-loire","28":"tag-psg","29":"tag-republique-francaise","30":"tag-resultats"},"share_on_mastodon":{"url":"https:\/\/pubeurope.com\/@fr\/115034782609559151","error":""},"_links":{"self":[{"href":"https:\/\/www.europesays.com\/fr\/wp-json\/wp\/v2\/posts\/321529","targetHints":{"allow":["GET"]}}],"collection":[{"href":"https:\/\/www.europesays.com\/fr\/wp-json\/wp\/v2\/posts"}],"about":[{"href":"https:\/\/www.europesays.com\/fr\/wp-json\/wp\/v2\/types\/post"}],"author":[{"embeddable":true,"href":"https:\/\/www.europesays.com\/fr\/wp-json\/wp\/v2\/users\/2"}],"replies":[{"embeddable":true,"href":"https:\/\/www.europesays.com\/fr\/wp-json\/wp\/v2\/comments?post=321529"}],"version-history":[{"count":0,"href":"https:\/\/www.europesays.com\/fr\/wp-json\/wp\/v2\/posts\/321529\/revisions"}],"wp:featuredmedia":[{"embeddable":true,"href":"https:\/\/www.europesays.com\/fr\/wp-json\/wp\/v2\/media\/321530"}],"wp:attachment":[{"href":"https:\/\/www.europesays.com\/fr\/wp-json\/wp\/v2\/media?parent=321529"}],"wp:term":[{"taxonomy":"category","embeddable":true,"href":"https:\/\/www.europesays.com\/fr\/wp-json\/wp\/v2\/categories?post=321529"},{"taxonomy":"post_tag","embeddable":true,"href":"https:\/\/www.europesays.com\/fr\/wp-json\/wp\/v2\/tags?post=321529"}],"curies":[{"name":"wp","href":"https:\/\/api.w.org\/{rel}","templated":true}]}}