{"id":321531,"date":"2025-08-15T20:58:14","date_gmt":"2025-08-15T20:58:14","guid":{"rendered":"https:\/\/www.europesays.com\/fr\/321531\/"},"modified":"2025-08-15T20:58:14","modified_gmt":"2025-08-15T20:58:14","slug":"instant-waouh-imminent-a-bord-du-bus-rouge-a-imperiale-pour-decouvrir-bordeaux-den-haut","status":"publish","type":"post","link":"https:\/\/www.europesays.com\/fr\/321531\/","title":{"rendered":"\u00ab\u00a0Instant waouh\u200b\u200b\u200b imminent\u00a0\u00bb : \u00e0 bord du bus rouge \u00e0 imp\u00e9riale pour d\u00e9couvrir Bordeaux d\u2019en haut"},"content":{"rendered":"<p>Petite pause durant cette canicule estivale, il fait doux ce mercredi matin sous un ciel un peu gris. Devant l\u2019office de tourisme pr\u00e8s du Grand-Th\u00e9\u00e2tre \u00e0 Bordeaux, c\u2019est la foule. Shorts, casquettes, sac \u00e0 dos, pas de doute, nous sommes bien en pr\u00e9sence de touristes. Et ils sont nombreux \u00e0 vouloir embarquer dans le bus du Bordeaux City Tours. Qu\u2019on ne s\u2019y trompe pas, \u00ab\u00a0il y a du monde aujourd\u2019hui parce qu\u2019il fait bon, souffle Odile Candessanche, la patronne. Mais pour l\u2019instant, c\u2019est une saison en demi-teinte. Il y a moins d\u2019\u00e9trangers et les Fran\u00e7ais font attention \u00e0 leur budget.\u00a0\u00bb Malgr\u00e9 tout, la plateforme \u00e0 l\u2019\u00e9tage du bus fait le plein. Les connaisseurs se d\u00e9p\u00eachent de grimper l\u2019escalier pour s\u2019installer sur les places \u00e0 l\u2019avant, les seules \u00e0 donner une vue panoramique \u00e0 180 degr\u00e9s sur le paysage.<\/p>\n<p>        <img decoding=\"async\" id=\"25555643\" src=\"https:\/\/www.europesays.com\/fr\/wp-content\/uploads\/2025\/08\/pxl-20250813-102953717-mp.jpg\" alt=\"Les touristes peuvent suivre le parcours du bus sur leur plan ou sur une application d\u00e9di\u00e9e.\" itemprop=\"contentURL\"\/><\/p>\n<p>    Les touristes peuvent suivre le parcours du bus sur leur plan ou sur une application d\u00e9di\u00e9e.<\/p>\n<p>Zian Palau<\/p>\n<p>    \u00ab\u00a0Instant waouh\u200b\u200b\u200b imminent\u00a0\u00bb<\/p>\n<p>Sagement assis, \u00e9couteurs dans les oreilles, les voyageurs attendent le d\u00e9part. \u00c9videmment, grands travaux dans Bordeaux obligent, il a fallu adapter le parcours. Impossible de passer sur le pont de pierre, il faut oublier le point de vue exceptionnel qu\u2019il offre sur la Garonne et les fa\u00e7ades XVIIIe des quais. Le voyage d\u00e9marre place des Quinconces, un passage devant le Jardin public puis direction le fleuve. Dans les oreilles, une voix enjou\u00e9e pr\u00e9vient\u00a0: \u00ab\u00a0Attention, prochain instant waouh\u200b\u200b\u200b imminent. Nous arrivons place de la Bourse, la plus belle de Bordeaux.\u00a0\u00bb <\/p>\n<p>Tout le monde d\u00e9gaine t\u00e9l\u00e9phones et appareils photos pour mitrailler la fontaine des Trois Gr\u00e2ces. Pas de quoi les faire sourciller, elles s\u2019affichent indiff\u00e9rentes et fi\u00e8res entre la Chambre de commerce et le mus\u00e9e national des Douanes. La voix nous apprend qu\u2019elles n\u2019ont pas toujours offert leurs poitrines aux passants. Avant la R\u00e9volution, c\u2019est une statue \u00e9questre monumentale de Louis XV qui tr\u00f4nait au milieu de la place, d\u00e9mantel\u00e9e en 1792 comme il se doit.<\/p>\n<blockquote><p>J\u2019ai une p\u00e9dale au niveau du pied gauche pour lancer les commentaires. Et lorsqu\u2019on prend du retard, je peux rallonger les explications ou mettre de la musique. Je suis un peu un homme-orchestre\u00a0\u00bb<\/p><\/blockquote>\n<p>        <img decoding=\"async\" id=\"21112858\" src=\"https:\/\/www.europesays.com\/fr\/wp-content\/uploads\/2025\/08\/20240823153123-fcot86851.jpg\" alt=\"Premier d\u00e9part devant l\u2019office de tourisme.\" itemprop=\"contentURL\"\/><\/p>\n<p>    Premier d\u00e9part devant l\u2019office de tourisme.<\/p>\n<p>Archives Fabien Cottereau\/SO<\/p>\n<p>Oups, sur la plateforme, le temps se g\u00e2te. \u00ab\u00a0I can see a little rain\u00a0\u00bb, note une touriste qui vient de voir une goutte rouler sur ses lunettes. Le pont de pierre n\u2019est pas loin, il s\u2019agit de ne pas le rater, d\u00e9j\u00e0 qu\u2019on ne peut pas le traverser\u2026 Le nuage ne veut pas s\u2019en aller et commence \u00e0 mouiller les voyageurs. Aucun probl\u00e8me, un store se d\u00e9ploie tranquillement au-dessus de leur t\u00eate. La vue est un peu moins spectaculaire mais la couverture n\u2019emp\u00eache pas d\u2019admirer la porte Cailhau. Vue du haut du bus, elle prend une autre dimension, des d\u00e9tails apparaissent auxquels on n\u2019avait jamais pr\u00eat\u00e9 attention depuis le sol. On comprend mieux la fonction d\u00e9fensive de ce vestige des remparts de Bordeaux. Un virage devant la porte de Bourgogne et le bus entame la remont\u00e9e du cours Victor-Hugo. Et l\u00e0, patatras, \u00e7a bouchonne. Sur son si\u00e8ge, Math\u00e9o, 9 ou 10\u00a0ans \u00e0 vue d\u2019\u0153il, s\u2019agite, visiblement peu passionn\u00e9 par les commentaires. Il joue avec ses \u00e9couteurs, pousse son p\u00e8re du coude et in\u00e9vitablement finit par demander\u00a0: \u00ab\u00a0On s\u2019arr\u00eate quand\u00a0?\u00a0\u00bb<\/p>\n<p>\u00ab Une belle d\u00e9couverte \u00bb<\/p>\n<p>La pluie a d\u00e9j\u00e0 cess\u00e9, l\u2019arr\u00eat devant la Grosse Cloche approche. C\u2019est l\u00e0 que Nicolas Large, le chauffeur, doit rester concentr\u00e9. Il lui faut garer son bus, actionner le bouton pour ranger le store et lib\u00e9rer la vue des passagers, tout en lan\u00e7ant les commentaires. C\u2019est lui qui g\u00e8re tout en temps r\u00e9el pour \u00e9viter les d\u00e9calages entre le guide audio et le parcours. \u00ab\u00a0J\u2019ai une commande au niveau du pied gauche pour lancer les commentaires, comme le bus est automatique, je ne l\u2019utilise pas pour la conduite. Et lorsqu\u2019on prend du retard, je peux rallonger les explications ou mettre de la musique. Je suis un peu un homme-orchestre.\u00a0\u00bb Au-dessus, C\u00e9line n\u2019en perd pas une miette. Cette m\u00e8re de famille de Vend\u00e9e se r\u00e9gale. \u00ab\u00a0J\u2019adore l\u2019histoire, c\u2019est vraiment une belle d\u00e9couverte. Bordeaux poss\u00e8de une architecture magnifique.\u00a0\u00bb<\/p>\n<p>        <img decoding=\"async\" id=\"11398848\" src=\"https:\/\/www.europesays.com\/fr\/wp-content\/uploads\/2025\/08\/20220623174027-davt778.jpg\" alt=\"Cette ann\u00e9e, le bus rouge ne peut plus emprunter le pont de pierre pour cause de travaux.\" itemprop=\"contentURL\"\/><\/p>\n<p>    Cette ann\u00e9e, le bus rouge ne peut plus emprunter le pont de pierre pour cause de travaux.<\/p>\n<p>Archives David Thierry\/SUD OUEST<\/p>\n<p>\u00c9norme appareil photo en main, Carmel est venue d\u2019Australie pour d\u00e9couvrir la ville. Cette retrait\u00e9e sillonne l\u2019Europe avec son mari. Elle a pr\u00e9vu de consacrer quatre jours \u00e0 Bordeaux, \u00ab\u00a0a very beautiful city\u00a0\u00bb. Entre Paris, Vienne et Barcelone, la capitale aquitaine occupe une place de choix dans leur p\u00e9riple. <\/p>\n<p>Place Gambetta, le bus fait une pause un peu plus longue. Plusieurs voyageurs descendent, remplac\u00e9s par un couple de touristes am\u00e9ricains. C\u2019est la nouveaut\u00e9 depuis le mois d\u2019avril, le bus bordelais s\u2019est adapt\u00e9 aux standards du tourisme international en optant pour le Hop on-Hop off. Avec leur pass journ\u00e9e, les touristes peuvent embarquer et descendre o\u00f9 ils veulent pour visiter la ville \u00e0 leur rythme. <\/p>\n<p>Ce n\u2019est pas le cas du chauffeur : lui a un horaire \u00e0 respecter pour arriver au terminus dans les temps.<\/p>\n","protected":false},"excerpt":{"rendered":"Petite pause durant cette canicule estivale, il fait doux ce mercredi matin sous un ciel un peu gris.&hellip;\n","protected":false},"author":2,"featured_media":321532,"comment_status":"","ping_status":"","sticky":false,"template":"","format":"standard","meta":{"footnotes":""},"categories":[2817],"tags":[1111,11,1997,1777,674,1011,27,12,2219,25],"class_list":{"0":"post-321531","1":"post","2":"type-post","3":"status-publish","4":"format-standard","5":"has-post-thumbnail","7":"category-bordeaux","8":"tag-actu","9":"tag-actualites","10":"tag-bordeaux","11":"tag-eu","12":"tag-europe","13":"tag-fr","14":"tag-france","15":"tag-news","16":"tag-nouvelle-aquitaine","17":"tag-republique-francaise"},"share_on_mastodon":{"url":"https:\/\/pubeurope.com\/@fr\/115034791647507111","error":""},"_links":{"self":[{"href":"https:\/\/www.europesays.com\/fr\/wp-json\/wp\/v2\/posts\/321531","targetHints":{"allow":["GET"]}}],"collection":[{"href":"https:\/\/www.europesays.com\/fr\/wp-json\/wp\/v2\/posts"}],"about":[{"href":"https:\/\/www.europesays.com\/fr\/wp-json\/wp\/v2\/types\/post"}],"author":[{"embeddable":true,"href":"https:\/\/www.europesays.com\/fr\/wp-json\/wp\/v2\/users\/2"}],"replies":[{"embeddable":true,"href":"https:\/\/www.europesays.com\/fr\/wp-json\/wp\/v2\/comments?post=321531"}],"version-history":[{"count":0,"href":"https:\/\/www.europesays.com\/fr\/wp-json\/wp\/v2\/posts\/321531\/revisions"}],"wp:featuredmedia":[{"embeddable":true,"href":"https:\/\/www.europesays.com\/fr\/wp-json\/wp\/v2\/media\/321532"}],"wp:attachment":[{"href":"https:\/\/www.europesays.com\/fr\/wp-json\/wp\/v2\/media?parent=321531"}],"wp:term":[{"taxonomy":"category","embeddable":true,"href":"https:\/\/www.europesays.com\/fr\/wp-json\/wp\/v2\/categories?post=321531"},{"taxonomy":"post_tag","embeddable":true,"href":"https:\/\/www.europesays.com\/fr\/wp-json\/wp\/v2\/tags?post=321531"}],"curies":[{"name":"wp","href":"https:\/\/api.w.org\/{rel}","templated":true}]}}