{"id":321537,"date":"2025-08-15T21:02:13","date_gmt":"2025-08-15T21:02:13","guid":{"rendered":"https:\/\/www.europesays.com\/fr\/321537\/"},"modified":"2025-08-15T21:02:13","modified_gmt":"2025-08-15T21:02:13","slug":"toujours-absent-a-lille-zhegrova-se-rapproche-de-marseille","status":"publish","type":"post","link":"https:\/\/www.europesays.com\/fr\/321537\/","title":{"rendered":"toujours absent \u00e0 Lille, Zhegrova se rapproche de Marseille"},"content":{"rendered":"<p><strong>Les jours passent et la situation d\u2019Edon Zhegrova ne bouge pas \u00e0 Lille. Malgr\u00e9 les paroles rassurantes d\u2019Olivier L\u00e9tang il y a quelques jours, l\u2019ailier kosovar reste \u00e0 l\u2019\u00e9cart du groupe pro. Une aubaine pour l\u2019Olympique de Marseille, qui esp\u00e8re bien finaliser son arriv\u00e9e avant la fin du mercato.<\/strong><\/p>\n<p data-start=\"628\" data-end=\"1120\">La semaine derni\u00e8re, le pr\u00e9sident du <a href=\"https:\/\/www.dailymercato.com\/club\/losc-lille-22\" rel=\"nofollow noopener\" target=\"_blank\">LOSC <\/a>affichait pourtant un certain optimisme sur ce dossier. \u00ab Il est possible qu\u2019Edon soit avec nous. Il va bien, s\u2019entra\u00eene bien, est bien revenu. Il pourrait reprendre avec le groupe professionnel \u00e0 partir de lundi \u00bb, expliquait-il, avant d\u2019ajouter : \u00ab L\u2019id\u00e9e, c\u2019est que s\u2019il reprend avec nous, ce soit pour toute la saison. \u00bbUne sortie m\u00e9diatique qui ressemblait \u00e0 un signal d\u2019apaisement\u2026 mais qui n\u2019a pas trouv\u00e9 de prolongement sur le terrain.<\/p>\n<blockquote class=\"twitter-tweet\"><p>&#13;<\/p>\n<p dir=\"ltr\" lang=\"en\">\ud83d\udea8Edon <a href=\"https:\/\/twitter.com\/hashtag\/Zhegrova?src=hash&amp;ref_src=twsrc%5Etfw\" rel=\"nofollow noopener\" target=\"_blank\">#Zhegrova<\/a> has a major offer from Olympique <a href=\"https:\/\/twitter.com\/hashtag\/Marseille?src=hash&amp;ref_src=twsrc%5Etfw\" rel=\"nofollow noopener\" target=\"_blank\">#Marseille<\/a>, and discussions are ongoing as both sides push to find an agreement. \ud83c\uddfd\ud83c\uddf0<\/p>\n<p>The deal is still on. \ud83d\udd1b<\/p>\n<p>\ud83d\udcf0 <a href=\"https:\/\/twitter.com\/FabrizioRomano?ref_src=twsrc%5Etfw\" rel=\"nofollow noopener\" target=\"_blank\">@FabrizioRomano<\/a> <a href=\"https:\/\/twitter.com\/hashtag\/transfers?src=hash&amp;ref_src=twsrc%5Etfw\" rel=\"nofollow noopener\" target=\"_blank\">#transfers<\/a> <a href=\"https:\/\/twitter.com\/hashtag\/OM?src=hash&amp;ref_src=twsrc%5Etfw\" rel=\"nofollow noopener\" target=\"_blank\">#OM<\/a> <a href=\"https:\/\/t.co\/a4iFwJjq4j\" rel=\"nofollow\">pic.twitter.com\/a4iFwJjq4j<\/a><\/p>\n<p>&#13;<br \/>\n\u2014 Kosovo Football \ud83c\uddfd\ud83c\uddf0 (@KosovarFootball) <a href=\"https:\/\/twitter.com\/KosovarFootball\/status\/1956425947768332710?ref_src=twsrc%5Etfw\" rel=\"nofollow noopener\" target=\"_blank\">August 15, 2025<\/a><\/p><\/blockquote>\n<p>Marseille fait le forcing pour Zhegrova<\/p>\n<p data-start=\"1122\" data-end=\"1498\">Car dans les faits, <strong data-start=\"1142\" data-end=\"1159\">Bruno Genesio<\/strong> n\u2019a pas encore revu son num\u00e9ro 23 \u00e0 l\u2019entra\u00eenement. \u00ab Je ne l\u2019ai pas eu avec le groupe cette semaine. Il continue de s\u2019entra\u00eener avec la Pro 2. Je n\u2019ai pas d\u2019autres infos. Est-ce que je pourrai compter sur lui cette saison ? Je ne sais pas \u00bb, a reconnu l\u2019entra\u00eeneur lillois vendredi, \u00e0 la veille du premier match de la saison \u00e0 Brest.<\/p>\n<p data-start=\"1500\" data-end=\"1866\">R\u00e9sultat, le flou persiste dans le Nord, mais pas \u00e0 Marseille. D\u2019apr\u00e8s <strong data-start=\"1571\" data-end=\"1590\">Fabrizio Romano<\/strong>, le vice-champion de France a d\u00e9j\u00e0 formul\u00e9 une offre cons\u00e9quente pour attirer l\u2019ancien joueur du FC B\u00e2le. Seul obstacle : convaincre Olivier L\u00e9tang de l\u00e2cher un joueur dont le contrat expire dans un an\u2026 et qui n\u2019a plus mis les pieds avec les pros depuis plusieurs semaines.<\/p>\n<p data-start=\"1500\" data-end=\"1866\"><strong>\u00c0 lire aussi &#8211;\u00a0<a href=\"https:\/\/www.dailymercato.com\/news\/mercato-om-longoria-a-tranche-jonathan-rowe-pousse-vers-la-sortie\" rel=\"nofollow noopener\" target=\"_blank\">Mercato OM : Longoria a tranch\u00e9, Jonathan Rowe pouss\u00e9 vers la sortie !<\/a><\/strong><\/p>\n<p>Passionn\u00e9 depuis mon enfance par le sport, j&rsquo;ai \u00e9t\u00e9 berc\u00e9 par les exploits de Juninho. Grand fan de l&rsquo;Olympique Lyonnais et de Peter Sagan, je vis au rythme des \u00e9v\u00e9nements sportifs. Dipl\u00f4m\u00e9 d&rsquo;une licence de science politique, je suis revenu \u00e0 ma premi\u00e8re passion en prenant la t\u00eate de la r\u00e9daction de We Sport en juillet 2022, puis plus r\u00e9cemment celle de DailyMercato. Derni\u00e8rement, j&rsquo;ai d\u00e9cid\u00e9 de quitter la grisaille du Pas-de-Calais pour le soleil de l&rsquo;Andalousie.<\/p>\n<p>                            <img decoding=\"async\" class=\"shadow-lg rounded-xl\" width=\"120\" src=\"https:\/\/www.europesays.com\/fr\/wp-content\/uploads\/2025\/05\/nicolas-depres.jpeg\" itemprop=\"image\" alt=\"Photo de Nicolas Depres\"\/><\/p>\n<p>            <script async src=\"https:\/\/platform.twitter.com\/widgets.js\" charset=\"utf-8\"><\/script><\/p>\n","protected":false},"excerpt":{"rendered":"Les jours passent et la situation d\u2019Edon Zhegrova ne bouge pas \u00e0 Lille. Malgr\u00e9 les paroles rassurantes d\u2019Olivier&hellip;\n","protected":false},"author":2,"featured_media":321538,"comment_status":"","ping_status":"","sticky":false,"template":"","format":"standard","meta":{"footnotes":""},"categories":[2815],"tags":[1111,11,1777,674,1011,27,811,1307,12,25],"class_list":{"0":"post-321537","1":"post","2":"type-post","3":"status-publish","4":"format-standard","5":"has-post-thumbnail","7":"category-lille","8":"tag-actu","9":"tag-actualites","10":"tag-eu","11":"tag-europe","12":"tag-fr","13":"tag-france","14":"tag-hauts-de-france","15":"tag-lille","16":"tag-news","17":"tag-republique-francaise"},"share_on_mastodon":{"url":"https:\/\/pubeurope.com\/@fr\/115034806271433998","error":""},"_links":{"self":[{"href":"https:\/\/www.europesays.com\/fr\/wp-json\/wp\/v2\/posts\/321537","targetHints":{"allow":["GET"]}}],"collection":[{"href":"https:\/\/www.europesays.com\/fr\/wp-json\/wp\/v2\/posts"}],"about":[{"href":"https:\/\/www.europesays.com\/fr\/wp-json\/wp\/v2\/types\/post"}],"author":[{"embeddable":true,"href":"https:\/\/www.europesays.com\/fr\/wp-json\/wp\/v2\/users\/2"}],"replies":[{"embeddable":true,"href":"https:\/\/www.europesays.com\/fr\/wp-json\/wp\/v2\/comments?post=321537"}],"version-history":[{"count":0,"href":"https:\/\/www.europesays.com\/fr\/wp-json\/wp\/v2\/posts\/321537\/revisions"}],"wp:featuredmedia":[{"embeddable":true,"href":"https:\/\/www.europesays.com\/fr\/wp-json\/wp\/v2\/media\/321538"}],"wp:attachment":[{"href":"https:\/\/www.europesays.com\/fr\/wp-json\/wp\/v2\/media?parent=321537"}],"wp:term":[{"taxonomy":"category","embeddable":true,"href":"https:\/\/www.europesays.com\/fr\/wp-json\/wp\/v2\/categories?post=321537"},{"taxonomy":"post_tag","embeddable":true,"href":"https:\/\/www.europesays.com\/fr\/wp-json\/wp\/v2\/tags?post=321537"}],"curies":[{"name":"wp","href":"https:\/\/api.w.org\/{rel}","templated":true}]}}