{"id":321539,"date":"2025-08-15T21:03:13","date_gmt":"2025-08-15T21:03:13","guid":{"rendered":"https:\/\/www.europesays.com\/fr\/321539\/"},"modified":"2025-08-15T21:03:13","modified_gmt":"2025-08-15T21:03:13","slug":"feu-dartifice-du-15-aout-a-marseille-toutes-les-informations-pour-circuler-et-venir-voir-le-septacle-marseille","status":"publish","type":"post","link":"https:\/\/www.europesays.com\/fr\/321539\/","title":{"rendered":"Feu d&rsquo;artifice du 15 ao\u00fbt \u00e0 Marseille : Toutes les informations pour circuler et venir voir le septacle &#8211; Marseille"},"content":{"rendered":"<p data-start=\"566\" data-end=\"584\">Organis\u00e9e par la Ville et l\u2019Office de Tourisme, la soir\u00e9e commence \u00e0 19h avec un karaok\u00e9 g\u00e9ant anim\u00e9 par Playmo &amp; Driver, et des animations vari\u00e9es : p\u00e9tanque, quiz musicaux, jeux, tatouages et colorations \u00e9ph\u00e9m\u00e8res, ateliers cr\u00e9atifs.<\/p>\n<p>&#13;<\/p>\n<p>Des mini-tournois de p\u00e9tanque sont \u00e9galement pr\u00e9vus avec Memes Marseillais.<\/p>\n<p>&#13;<\/p>\n<p><strong>\u00c0 22h,<\/strong> spectacle de drones et feu d\u2019artifice sign\u00e9 Groupe F sur le th\u00e8me \u00ab Un \u00e9t\u00e9 \u00e0 Marseille \u00bb, visible depuis le J4 et le parvis de la Major.<\/p>\n<p>&#13;<\/p>\n<p>Une soir\u00e9e gratuite et conviviale \u00e0 partager en famille ou entre amis, au bord de la mer.<\/p>\n<p>&#13;<\/p>\n<p> &#13;<br \/>\nCirculation, ce qu&rsquo;il faut savoir pour assister au feu d&rsquo;artifice du 15 ao\u00fbt \u00e0 Marseille&#13;<br \/>\n<strong style=\"font-family: Verdana, Arial, Helvetica, sans-serif; font-size: 12px; letter-spacing: 0.01em;\" data-start=\"612\" data-end=\"641\">Restrictions du vendredi 15 ao\u00fbt 18h30 au 16 ao\u00fbt 01h00<\/strong> :\u00a0&#13;<\/p>\n<p data-start=\"650\" data-end=\"740\"><strong data-start=\"650\" data-end=\"679\">Sorties de tunnel ferm\u00e9es<\/strong> sauf v\u00e9hicules autoris\u00e9s (organisation, secours, police) :\u00a0<\/p>\n<p>&#13;<\/p>\n<p style=\"margin-left: 60px;\" data-start=\"747\" data-end=\"793\">Sortie tunnel Joliette direction Le Panier<\/p>\n<p>Sortie tunnel Joliette direction Major<\/p>\n<p>&#13;<\/p>\n<p data-start=\"798\" data-end=\"840\">Les axes suivants seront ferm\u00e9s \u00e0 la circulation, entre 18h30 et 01h00 :<\/p>\n<p>&#13;<\/p>\n<p class=\"focus\" data-start=\"798\" data-end=\"840\">&#8211;\u00a0Quai de la Joliette : entre le bd des Dames et le bd Jacques Saad\u00e9.<br \/>&#8211;\u00a0Boulevard Jacques Saad\u00e9 : entre le quai de la Joliette et l\u2019av Vaudoyer.<br \/>&#8211;\u00a0Avenue Vaudoyer : entre le quai du Port et le bd Jacques Saad\u00e9.<br \/>&#8211;\u00a0Avenue de Saint Jean : entre le quai du Port et la rue Caisserie.<br \/>&#8211;\u00a0Rue Saint Laurent : entre le square Protis et l\u2019esplanade de la Tourette.<\/p>\n<p>&#13;<\/p>\n<p data-start=\"845\" data-end=\"938\"><strong>Acc\u00e8s limit\u00e9 aux pi\u00e9tons, riverains et v\u00e9hicules autoris\u00e9s dans les secteurs suivants :<\/strong><\/p>\n<p>&#13;<\/p>\n<p style=\"margin-left: 60px;\" data-start=\"113\" data-end=\"223\">Boulevard Jacques Saad\u00e9 Quai de la Joliette entre le Boulevard des Dames et la Rue Marchetti et dans ce sens<\/p>\n<p>&#13;<\/p>\n<p style=\"margin-left: 60px;\" data-start=\"226\" data-end=\"364\">Boulevard Jacques Saad\u00e9 Quai de la Joliette entre la Rue Marchetti et le Boulevard Jacques Saad\u00e9 Quai de la Tourette dans les deux sens.<\/p>\n<p>&#13;<\/p>\n<p style=\"margin-left: 60px;\" data-start=\"367\" data-end=\"506\">Boulevard Jacques Saad\u00e9 Quai de la Tourette entre le Boulevard Jacques Saad\u00e9 Quai de la Joliette et l\u2019Avenue Vaudoyer dans les deux sens.<\/p>\n<p>&#13;<\/p>\n<p style=\"margin-left: 60px;\" data-start=\"509\" data-end=\"639\">Avenue Vaudoyer entre le Boulevard Jacques Saad\u00e9 Quai de la Tourette \/ Rond-Point Vaudoyer et le Quai du Port dans les deux sens<\/p>\n<p>&#13;<\/p>\n<p style=\"margin-left: 60px;\" data-start=\"642\" data-end=\"881\" data-is-last-node=\"\">Avenue Vaudoyer, entre le Rond-Point Vaudoyer et la Rue Miradou dans les deux sens.<br data-start=\"725\" data-end=\"728\"\/> Les v\u00e9hicules circulant sur la Rue Marchetti auront l\u2019obligation de tourner \u00e0 droite \u00e0 leur d\u00e9bouch\u00e9 sur le Boulevard Jacques Saad\u00e9 Quai de la Joliette<\/p>\n<p>&#13;<\/p>\n<p style=\"margin-left: 60px;\" data-start=\"68\" data-end=\"231\">Les v\u00e9hicules circulant sur la Rue Jean-Fran\u00e7ois Leca auront l\u2019obligation de tourner \u00e0 droite \u00e0 leur d\u00e9bouch\u00e9 sur le Boulevard Jacques Saad\u00e9 Quai de la Joliette.<\/p>\n<p>&#13;<\/p>\n<p style=\"margin-left: 60px;\" data-start=\"235\" data-end=\"325\">Rue Saint-Laurent entre le Square Protis et le Parvis Saint-Laurent dans les deux sens ;<\/p>\n<p>&#13;<\/p>\n<p style=\"margin-left: 60px;\" data-start=\"328\" data-end=\"428\">Parvis Saint-Laurent entre la Rue Saint-Laurent et l\u2019Esplanade de la Tourette dans les deux sens ;<\/p>\n<p>&#13;<\/p>\n<p style=\"margin-left: 60px;\" data-start=\"431\" data-end=\"647\">Esplanade de la Tourette entre la Rue Saint-Laurent et la Rue Miradou dans les deux sens sauf pour les v\u00e9hicules des tunnels ;<br data-start=\"557\" data-end=\"560\"\/> Les v\u00e9hicules circulant sur le Square Protis auront l\u2019obligation de tourner \u00e0 gauche.<\/p>\n<p>&#13;<\/p>\n<p style=\"margin-left: 60px;\" data-start=\"649\" data-end=\"731\">Quai du Port entre l\u2019Avenue Henri Tasso et l\u2019Avenue Vaudoyer dans les deux sens,<\/p>\n<p>&#13;<\/p>\n<p style=\"margin-left: 60px;\" data-start=\"734\" data-end=\"814\">Rue Henri Tasso entre le Quai du Port et la Rue de la Loge dans les deux sens,<\/p>\n<p>&#13;<\/p>\n<p style=\"margin-left: 60px;\" data-start=\"817\" data-end=\"902\">Avenue de Saint-Jean entre le Quai du Port et la Rue de la Loge dans les deux sens,<\/p>\n<p>&#13;<\/p>\n<p style=\"margin-left: 60px;\" data-start=\"905\" data-end=\"1542\">Rue des Martegales \u00e0 l\u2019embouchure avec le Quai du Port \/ Avenue Vaudoyer.<\/p>\n<p>Les d\u00e9viations correspondantes seront mises en place en conformit\u00e9 avec le Code de la Route.<\/p>\n<p>Les v\u00e9hicules circulant sur la Rue de la Loge auront l\u2019obligation de tourner \u00e0 droite sur l\u2019Avenue de Saint-Jean.<\/p>\n<p>La circulation sera autoris\u00e9e Rue VSN Saint-Jean Martegales entre la Rue des Martegales et l\u2019Avenue de Saint-Jean et dans ce sens aux riverains et personnes autoris\u00e9es par l\u2019autorit\u00e9 de police ;<\/p>\n<p>La circulation sera altern\u00e9e manuellement par les forces de police Rue VSN Saint-Jean Martegales entre la Rue des Martegales et l\u2019Avenue de Saint-Jean.<\/p>\n<p>&#13;<\/p>\n<p style=\"margin-left: 60px;\" data-start=\"1546\" data-end=\"1601\">Rue Grand Rue entre la Rue M\u00e9ry et la Rue Caisserie ;<\/p>\n<p>&#13;<\/p>\n<p style=\"margin-left: 60px;\" data-start=\"1604\" data-end=\"1638\">Rue Caisserie dans sa totalit\u00e9 ;<\/p>\n<p>&#13;<\/p>\n<p style=\"margin-left: 60px;\" data-start=\"1641\" data-end=\"1709\">Avenue de Saint-Jean entre la Rue de la Loge et la Rue Caisserie ;<\/p>\n<p>&#13;<\/p>\n<p style=\"margin-left: 60px;\" data-start=\"1712\" data-end=\"1776\">Place de Lenche entre la Rue Caisserie et la Rue Saint-Thom\u00e9 ;<\/p>\n<p>&#13;<\/p>\n<p style=\"margin-left: 60px;\" data-start=\"1779\" data-end=\"1841\">Rue Saint-Thom\u00e9 entre la Place de Lenche et la Rue Miradou ;<\/p>\n<p>&#13;<\/p>\n<p style=\"margin-left: 60px;\" data-start=\"1844\" data-end=\"1909\">Rue Saint-Laurent entre la Rue Saint-Thom\u00e9 et le Square Protis,<\/p>\n<p>&#13;<\/p>\n<p style=\"margin-left: 60px;\" data-start=\"1912\" data-end=\"1982\">Rue Miradou entre la Rue Saint-Thom\u00e9 et l\u2019Esplanade de la Tourette ;<\/p>\n<p>&#13;<\/p>\n<p style=\"margin-left: 60px;\" data-start=\"1985\" data-end=\"2223\">Esplanade de la Tourette entre la Rue Miradou et l\u2019Avenue Vaudoyer ;<br data-start=\"2053\" data-end=\"2056\"\/> Les v\u00e9hicules circulant sur l\u2019Avenue de Saint-Jean auront l\u2019obligation, sous d\u00e9cision des forces de l\u2019ordre, de tourner \u00e0 gauche au croisement avec la Rue Caisserie.<\/p>\n<p>&#13;<\/p>\n<p data-start=\"2225\" data-end=\"2325\">Les v\u00e9hicules sortant des stationnements seront accompagn\u00e9s et s\u00e9curis\u00e9s par les forces de police.\u00a0<\/p>\n<p>&#13;<br \/>\n&#13;<\/p>\n<p>\t\t\t\tLes interdiction de stationnement\u00a0&#13;<br \/>\n<strong data-start=\"1678\" data-end=\"1703\">Interdiction g\u00e9n\u00e9rale<\/strong>&#13;<\/p>\n<p data-start=\"89\" data-end=\"222\">Le stationnement sera interdit et consid\u00e9r\u00e9 comme g\u00eanant, sauf aux v\u00e9hicules li\u00e9s \u00e0 l&rsquo;organisation et aux secours, dans ces voies :<\/p>\n<p>&#13;<\/p>\n<p style=\"margin-left: 60px;\" data-start=\"225\" data-end=\"370\">Quai du Port des deux c\u00f4t\u00e9s entre l\u2019Avenue Henri Tasso et l\u2019Avenue Vaudoyer, dont les taxis, en aggravation de l\u2019arr\u00eat\u00e9 T2503432 du 19\/06\/2025,<\/p>\n<p>&#13;<\/p>\n<p style=\"margin-left: 60px;\" data-start=\"373\" data-end=\"449\">Rue Henri Tasso des deux c\u00f4t\u00e9s entre le Quai du Port et la Rue de la Loge,<\/p>\n<p>&#13;<\/p>\n<p style=\"margin-left: 60px;\" data-start=\"452\" data-end=\"533\">Avenue de Saint-Jean des deux c\u00f4t\u00e9s entre le Quai du Port et la Rue de la Loge,<\/p>\n<p>&#13;<\/p>\n<p style=\"margin-left: 60px;\" data-start=\"536\" data-end=\"642\">Boulevard Jacques Saad\u00e9 Quai de la Joliette, c\u00f4t\u00e9 mer, entre le Boulevard des Dames et la Rue Marchetti,<\/p>\n<p>&#13;<\/p>\n<p style=\"margin-left: 60px;\" data-start=\"645\" data-end=\"859\">Boulevard Jacques Saad\u00e9 Quai de la Joliette, des deux c\u00f4t\u00e9s, entre la Rue Marchetti et le Boulevard Jacques Saad\u00e9 Quai de la Tourette, sauf emplacement \u00ab \u00c9t\u00e9 Marseillais Color Bus \u00bb et station de taxis \u00ab Mucem \u00bb,<\/p>\n<p>&#13;<\/p>\n<p style=\"margin-left: 60px;\" data-start=\"862\" data-end=\"999\">Boulevard Jacques Saad\u00e9 Quai de la Tourette, des deux c\u00f4t\u00e9s, entre le Boulevard Jacques Saad\u00e9 Quai de la Joliette et l&rsquo;Avenue Vaudoyer,<\/p>\n<p>&#13;<\/p>\n<p style=\"margin-left: 60px;\" data-start=\"1002\" data-end=\"1131\">Avenue Vaudoyer, des deux c\u00f4t\u00e9s, entre le Boulevard Jacques Saad\u00e9 Quai de la Tourette \/ Rond-Point Vaudoyer et le Quai du Port,<\/p>\n<p>&#13;<\/p>\n<p style=\"margin-left: 60px;\" data-start=\"1134\" data-end=\"1216\">Avenue Vaudoyer, des deux c\u00f4t\u00e9s, entre le Rond-Point Vaudoyer et la Rue Miradou.<\/p>\n<p>&#13;<\/p>\n<p data-start=\"1218\" data-end=\"1269\"><strong data-start=\"1218\" data-end=\"1265\">Du 14\/08\/2025 \u00e0 12h00 au 17\/08\/2025 \u00e0 01h00<\/strong> :<\/p>\n<p>&#13;<\/p>\n<p style=\"margin-left: 60px;\" data-start=\"1272\" data-end=\"1450\">Le stationnement sera interdit et consid\u00e9r\u00e9 comme g\u00eanant aux taxis sur la station de taxis \u00ab Mucem \u00bb, Boulevard Jacques Saad\u00e9 Quai de la Tourette, sur l\u2019ensemble de la station.<\/p>\n<p>&#13;<\/p>\n<p data-start=\"1452\" data-end=\"1503\"><strong data-start=\"1452\" data-end=\"1499\">Du 14\/08\/2025 \u00e0 18h00 au 17\/08\/2025 \u00e0 01h00<\/strong> :<\/p>\n<p>&#13;<\/p>\n<p style=\"margin-left: 60px;\" data-start=\"1506\" data-end=\"1857\">Le stationnement sera interdit et consid\u00e9r\u00e9 comme g\u00eanant au Color Bus, Boulevard Jacques Saad\u00e9 Quai de la Tourette, sur 55 m\u00e8tres, c\u00f4t\u00e9 mer, face au n\u00b0 12.<br data-start=\"1661\" data-end=\"1664\"\/> En cas de non-report du spectacle de drones et pyrotechnique, le stationnement sur l\u2019ensemble de tous les tron\u00e7ons pr\u00e9c\u00e9demment nomm\u00e9s sera de nouveau autoris\u00e9 \u00e0 partir du 16\/08\/2025 \u00e0 01h00.<\/p>\n<p>&#13;<\/p>\n<p data-start=\"1859\" data-end=\"2044\"><strong data-start=\"1859\" data-end=\"1906\">Du 14\/08\/2025 \u00e0 22h00 au 17\/08\/2025 \u00e0 01h00<\/strong> :<br data-start=\"1908\" data-end=\"1911\"\/> Le stationnement sera interdit et consid\u00e9r\u00e9 comme g\u00eanant, sauf aux v\u00e9hicules li\u00e9s \u00e0 l&rsquo;organisation et aux secours, dans ces voies :<\/p>\n<p>&#13;<\/p>\n<p style=\"margin-left: 60px;\" data-start=\"2047\" data-end=\"2132\">Rue Saint-Laurent des deux c\u00f4t\u00e9s entre le Square Protis et le Parvis Saint-Laurent,<\/p>\n<p>&#13;<\/p>\n<p style=\"margin-left: 60px;\" data-start=\"2135\" data-end=\"2230\">Parvis Saint-Laurent des deux c\u00f4t\u00e9s entre la Rue Saint-Laurent et l\u2019Esplanade de la Tourette,<\/p>\n<p>&#13;<\/p>\n<p style=\"margin-left: 60px;\" data-start=\"2233\" data-end=\"2386\">Esplanade de la Tourette des deux c\u00f4t\u00e9s entre la Rue Saint-Laurent et la Rue Miradou, sauf pour les v\u00e9hicules des tunnels sur leurs alv\u00e9oles r\u00e9serv\u00e9es.<\/p>\n<p>&#13;<\/p>\n<p>\u00a0<\/p>\n<p>&#13;<\/p>\n<p>\u00a0<\/p>\n<p>&#13;<br \/>\n&#13;<br \/>\nModifications relatives aux transports en commun&#13;<\/p>\n<p>Le site de l&rsquo;esplanade Gis\u00e8le Halimi \/ Mucem n&rsquo;\u00e9tant pas directement desservi par le m\u00e9tro ni le tramway, ils ne sont donc pas impact\u00e9s. Le service des m\u00e9tros M1\/M2 et Tram T2\/T3 est n\u00e9anmoins renforc\u00e9 de 20h00 \u00e0 la fin de service.<\/p>\n<p>&#13;<\/p>\n<p>Plusieurs lignes de bus sont cependant modifi\u00e9es:<\/p>\n<p>&#13;<\/p>\n<p style=\"margin-left: 30px;\"><strong>Ligne 49<\/strong><br \/>D\u00e9viation en direction du terminus \u00ab Vauban \u00bb \u00e0 partir du quai de la Joliette par le bd des Dames, la rue de la R\u00e9publique et le quai des Belges.<br \/>D\u00e9viation en direction du terminus \u00ab R\u00e9form\u00e9s Canebi\u00e8re \u00bb \u00e0 partir du quai des Belges par la rue de la R\u00e9publique, le bd des Dames et l\u2019av Robert Schuman.<br \/><strong>Ligne 60<\/strong><br \/>Terminus \u00ab Mucem St Jean \u00bb ramen\u00e9 l\u2019arr\u00eat \u00ab Vieux Port Ballard.<br \/><strong>Ligne 582<\/strong><br \/>D\u00e9viation en direction de \u00ab Foch 5 Avenues \u00bb \u00e0 partir de la rue de la R\u00e9publique par le bd des Dames et la place Jules Guesde.<br \/>D\u00e9viation en direction de \u00ab Canebi\u00e8re Bourse \u00bb \u00e0 partir du bd des Dames par le bd Robert Schuman, la place de la joliette, le quai de la Joliette, le bd des Dames et la rue de la R\u00e9publique.<\/p>\n<p>&#13;<br \/>\nConseils pratiques pour assister \u00e0 cette soir\u00e9e\u00a0&#13;<\/p>\n<p data-start=\"2469\" data-end=\"2591\">\u00a0<\/p>\n<p>&#13;<\/p>\n<p data-start=\"2471\" data-end=\"2591\"><strong data-start=\"2471\" data-end=\"2511\">Privil\u00e9giez les transports en commun<\/strong> : plusieurs lignes de bus, tram et m\u00e9tro desservent le secteur du Vieux-Port.<\/p>\n<p>&#13;<\/p>\n<p><strong data-start=\"2594\" data-end=\"2609\">Arrivez t\u00f4t<\/strong> pour profiter des animations et \u00e9viter les zones boucl\u00e9es.<\/p>\n<p>&#13;<\/p>\n<p><strong data-start=\"2673\" data-end=\"2704\">Respectez les interdictions<\/strong> : tout v\u00e9hicule en stationnement g\u00eanant pourra \u00eatre verbalis\u00e9 et enlev\u00e9.\u00a0<\/p>\n<p>&#13;<\/p>\n<p data-start=\"2782\" data-end=\"2887\"><strong data-start=\"2782\" data-end=\"2810\">Pr\u00e9parez vos itin\u00e9raires<\/strong> : les fermetures concernent une large zone autour du Vieux-Port et du Mucem.<\/p>\n<p>&#13;<\/p>\n<p data-start=\"2782\" data-end=\"2887\">\u00a0<\/p>\n<p>&#13;<\/p>\n<p data-start=\"2782\" data-end=\"2887\"><strong>D\u00e9couvrir le programme de cette soir\u00e9e :<\/strong><\/p>\n<p>&#13;<\/p>\n<p> &#13;<\/p>\n<p>\u00a0<\/p>\n","protected":false},"excerpt":{"rendered":"Organis\u00e9e par la Ville et l\u2019Office de Tourisme, la soir\u00e9e commence \u00e0 19h avec un karaok\u00e9 g\u00e9ant anim\u00e9&hellip;\n","protected":false},"author":2,"featured_media":321540,"comment_status":"","ping_status":"","sticky":false,"template":"","format":"standard","meta":{"footnotes":""},"categories":[2814],"tags":[1111,11,1777,674,1011,27,884,12,882,25],"class_list":{"0":"post-321539","1":"post","2":"type-post","3":"status-publish","4":"format-standard","5":"has-post-thumbnail","7":"category-marseille","8":"tag-actu","9":"tag-actualites","10":"tag-eu","11":"tag-europe","12":"tag-fr","13":"tag-france","14":"tag-marseille","15":"tag-news","16":"tag-provence-alpes-cote-dazur","17":"tag-republique-francaise"},"share_on_mastodon":{"url":"https:\/\/pubeurope.com\/@fr\/115034810187493069","error":""},"_links":{"self":[{"href":"https:\/\/www.europesays.com\/fr\/wp-json\/wp\/v2\/posts\/321539","targetHints":{"allow":["GET"]}}],"collection":[{"href":"https:\/\/www.europesays.com\/fr\/wp-json\/wp\/v2\/posts"}],"about":[{"href":"https:\/\/www.europesays.com\/fr\/wp-json\/wp\/v2\/types\/post"}],"author":[{"embeddable":true,"href":"https:\/\/www.europesays.com\/fr\/wp-json\/wp\/v2\/users\/2"}],"replies":[{"embeddable":true,"href":"https:\/\/www.europesays.com\/fr\/wp-json\/wp\/v2\/comments?post=321539"}],"version-history":[{"count":0,"href":"https:\/\/www.europesays.com\/fr\/wp-json\/wp\/v2\/posts\/321539\/revisions"}],"wp:featuredmedia":[{"embeddable":true,"href":"https:\/\/www.europesays.com\/fr\/wp-json\/wp\/v2\/media\/321540"}],"wp:attachment":[{"href":"https:\/\/www.europesays.com\/fr\/wp-json\/wp\/v2\/media?parent=321539"}],"wp:term":[{"taxonomy":"category","embeddable":true,"href":"https:\/\/www.europesays.com\/fr\/wp-json\/wp\/v2\/categories?post=321539"},{"taxonomy":"post_tag","embeddable":true,"href":"https:\/\/www.europesays.com\/fr\/wp-json\/wp\/v2\/tags?post=321539"}],"curies":[{"name":"wp","href":"https:\/\/api.w.org\/{rel}","templated":true}]}}