{"id":321555,"date":"2025-08-15T21:14:39","date_gmt":"2025-08-15T21:14:39","guid":{"rendered":"https:\/\/www.europesays.com\/fr\/321555\/"},"modified":"2025-08-15T21:14:39","modified_gmt":"2025-08-15T21:14:39","slug":"la-russie-restreint-les-appels-via-whatsapp-et-telegram","status":"publish","type":"post","link":"https:\/\/www.europesays.com\/fr\/321555\/","title":{"rendered":"La Russie restreint les appels via WhatsApp et Telegram"},"content":{"rendered":"<p><a href=\"https:\/\/www.lalibre.be\/international\/europe\/guerre-ukraine-russie\/2025\/06\/16\/whatsapp-youtube-telegram-poutine-veut-bloquer-ces-applications-pour-les-remplacer-par-une-messagerie-nationale-russe-YN3NTHPMRZCFTPK2LTMFF5Z7TE\/\" target=\"_blank\" rel=\"noopener noreferrer nofollow\" class=\"ap-StoryInterstitialLink ap-StoryElement ap-StoryElement--mb\">WhatsApp, YouTube, Telegram\u2026 : Poutine veut bloquer ces applications pour les remplacer par une \u00ab\u00a0messagerie nationale russe\u00a0\u00bb<\/a><\/p>\n<p class=\"ap-StoryElement ap-StoryElement--mb ap-StoryText\">Fin juillet, le pr\u00e9sident russe, Vladimir Poutine, a sign\u00e9 une loi restreignant un peu plus la libert\u00e9 d&rsquo;expression. Ce nouveau texte pr\u00e9voit de punir les recherches sur internet de contenus class\u00e9s \u00ab\u00a0extr\u00e9mistes\u00a0\u00bb et interdit de faire la promotion des VPN (Virtual Private Network, R\u00e9seau Priv\u00e9 Virtuel en fran\u00e7ais), qui prot\u00e8ge ses utilisateurs en cryptant leurs donn\u00e9es, des syst\u00e8mes tr\u00e8s utilis\u00e9s en Russie pour contourner la censure.<\/p>\n<p class=\"ap-StoryElement ap-StoryElement--mb ap-StoryText\">Depuis 2024, la plateforme de vid\u00e9os YouTube n&rsquo;est accessible en Russie que via un VPN. Et depuis 2022, les r\u00e9seaux sociaux Facebook et Instagram du groupe am\u00e9ricain Meta, d\u00e9clar\u00e9 \u00ab\u00a0extr\u00e9miste\u00a0\u00bb en Russie, sont \u00e9galement bloqu\u00e9s.<\/p>\n<p class=\"ap-StoryElement ap-StoryElement--mb ap-StoryText\">En juillet, un d\u00e9put\u00e9 russe, Anton Gorelkine, a lui affirm\u00e9 que WhatsApp, \u00e9galement propri\u00e9t\u00e9 de Meta, devait se pr\u00e9parer \u00ab\u00a0\u00e0 quitter le march\u00e9 russe\u00a0\u00bb car il y avait \u00ab\u00a0une forte probabilit\u00e9 que l&rsquo;application soit prochainement ajout\u00e9e \u00e0 la liste de logiciels venant des pays consid\u00e9r\u00e9s \u00ab\u00a0inamicaux\u00a0\u00bb par Moscou.<\/p>\n<p><a href=\"https:\/\/www.lalibre.be\/economie\/entreprises-startup\/2025\/06\/20\/pavel-durov-le-patron-de-telegram-va-leguer-sa-fortune-a-sa-centaine-denfants-RIN627QD3JGJXKE3GTQKR2Q2A4\/\" target=\"_blank\" rel=\"noopener noreferrer nofollow\" class=\"ap-StoryInterstitialLink ap-StoryElement ap-StoryElement--mb\">Pavel Durov, le patron de Telegram, va l\u00e9guer sa fortune \u00e0 sa centaine d&rsquo;enfants<\/a><\/p>\n<p class=\"ap-StoryElement ap-StoryElement--mb ap-StoryText\">Ces d\u00e9clarations avaient fait craindre un blocage prochain de Whatsapp, l&rsquo;une des messageries les plus utilis\u00e9es en Russie.<\/p>\n<p class=\"ap-StoryElement ap-StoryElement--mb ap-StoryText\">Le Kremlin restreint de mani\u00e8re drastique la libert\u00e9 de la presse et la libert\u00e9 d&rsquo;expression sur internet depuis le lancement de son offensive en Ukraine en 2022, en se focalisant de plus en plus sur des plateformes occidentales comme Google, Facebook, YouTube et X.<\/p>\n","protected":false},"excerpt":{"rendered":"WhatsApp, YouTube, Telegram\u2026 : Poutine veut bloquer ces applications pour les remplacer par une \u00ab\u00a0messagerie nationale russe\u00a0\u00bb Fin&hellip;\n","protected":false},"author":2,"featured_media":321556,"comment_status":"","ping_status":"","sticky":false,"template":"","format":"standard","meta":{"footnotes":""},"categories":[1590],"tags":[11,1777,674,12,316,132,1858,42,4301,220,135],"class_list":{"0":"post-321555","1":"post","2":"type-post","3":"status-publish","4":"format-standard","5":"has-post-thumbnail","7":"category-ukraine","8":"tag-actualites","9":"tag-eu","10":"tag-europe","11":"tag-news","12":"tag-politique","13":"tag-russie","14":"tag-services","15":"tag-technologies","16":"tag-telecoms","17":"tag-ukraine","18":"tag-vladimir-poutine"},"share_on_mastodon":{"url":"https:\/\/pubeurope.com\/@fr\/115034853536046670","error":""},"_links":{"self":[{"href":"https:\/\/www.europesays.com\/fr\/wp-json\/wp\/v2\/posts\/321555","targetHints":{"allow":["GET"]}}],"collection":[{"href":"https:\/\/www.europesays.com\/fr\/wp-json\/wp\/v2\/posts"}],"about":[{"href":"https:\/\/www.europesays.com\/fr\/wp-json\/wp\/v2\/types\/post"}],"author":[{"embeddable":true,"href":"https:\/\/www.europesays.com\/fr\/wp-json\/wp\/v2\/users\/2"}],"replies":[{"embeddable":true,"href":"https:\/\/www.europesays.com\/fr\/wp-json\/wp\/v2\/comments?post=321555"}],"version-history":[{"count":0,"href":"https:\/\/www.europesays.com\/fr\/wp-json\/wp\/v2\/posts\/321555\/revisions"}],"wp:featuredmedia":[{"embeddable":true,"href":"https:\/\/www.europesays.com\/fr\/wp-json\/wp\/v2\/media\/321556"}],"wp:attachment":[{"href":"https:\/\/www.europesays.com\/fr\/wp-json\/wp\/v2\/media?parent=321555"}],"wp:term":[{"taxonomy":"category","embeddable":true,"href":"https:\/\/www.europesays.com\/fr\/wp-json\/wp\/v2\/categories?post=321555"},{"taxonomy":"post_tag","embeddable":true,"href":"https:\/\/www.europesays.com\/fr\/wp-json\/wp\/v2\/tags?post=321555"}],"curies":[{"name":"wp","href":"https:\/\/api.w.org\/{rel}","templated":true}]}}