{"id":321574,"date":"2025-08-15T21:25:12","date_gmt":"2025-08-15T21:25:12","guid":{"rendered":"https:\/\/www.europesays.com\/fr\/321574\/"},"modified":"2025-08-15T21:25:12","modified_gmt":"2025-08-15T21:25:12","slug":"rugby-supersevens-le-projet-reste-le-meme-la-section-paloise-change-en-surface-mais-pas-en-profondeur","status":"publish","type":"post","link":"https:\/\/www.europesays.com\/fr\/321574\/","title":{"rendered":"Rugby &#8211; Supersevens\u00a0: \u201cle projet reste le m\u00eame\u201d, la Section Paloise change en surface mais pas en profondeur"},"content":{"rendered":"<p>En compagnie de Gr\u00e9goire Arfeuil, autre international France 7, ils seront en charge d\u2019assumer le bel et fort h\u00e9ritage b\u00e9arnais dans la discipline. \u00ab\u00a0En tant que comp\u00e9titeur, on a de grosses ambitions, on veut se qualifier pour l\u2019\u00e9tape finale \u00e0 l\u2019Arena (en f\u00e9vrier 2026), assure Bouhier. Plus on sera haut dans le classement ce samedi (\u00e0 Mont-de-Marsan), plus le pas vers cet objectif sera grand. \u00c7a fait trois ans d\u2019affil\u00e9e qu\u2019on \u00e9choue en finale donc \u00e7a donne une motivation suppl\u00e9mentaire quand on enfile le maillot\u00a0\u00bb.<\/p>\n<p>Les Baabaas en opposition<\/p>\n<p>Mercredi, le nouveau directeur sportif adjoint Brandon Fajardo, qui chapeaute le 7 avec son successeur Julien Sarraute &#8211; missionn\u00e9 sur le Centre de formation et les parcours jeunes vers l\u2019\u00e9quipe pro \u2013 a jet\u00e9 du sel sur la plaie en conviant les Baabaas \u00e0 une opposition amicale \u00e0 Pau. \u00ab\u00a0J\u2019ai rappel\u00e9 dans le brief qu\u2019en f\u00e9vrier dernier, ils avaient gagn\u00e9 le titre et pas nous. \u00c7a fait deux fois qu\u2019on perd sur une m\u00eal\u00e9e \u00e0 15 secondes de la fin. Apr\u00e8s, l\u2019ego du comp\u00e9titeur parle\u00a0\u00bb, lance l\u2019ancien ouvreur.<\/p>\n<p>Piquant mais aussi valorisant, car \u00ab\u00a0les Baabaas c\u2019est ce qui se fait de mieux depuis deux, trois ans\u00a0\u00bb, explique Josselin Bouhier. \u00ab\u00a0C\u2019est d\u00e9j\u00e0 une exp\u00e9rience collective car c\u2019\u00e9tait un vrai premier match pour certains joueurs. Et \u00e7a nous a aussi permis de d\u00e9mystifier cette \u00e9quipe ainsi que ses grosses individualit\u00e9s, en montrant qu\u2019on \u00e9tait au niveau\u00a0\u00bb, explique Fajardo.<\/p>\n<p>La Section a pr\u00e9vu d\u2019en tirer quelques pr\u00e9cieux enseignements, car elle a fait le choix de pr\u00e9parer la comp\u00e9tition en une petite semaine seulement. \u00ab\u00a0On avait mis en place l\u2019\u00e9chauffement qu\u2019on effectuera en comp\u00e9tition. Tout a \u00e9t\u00e9 film\u00e9, on a fait un d\u00e9brief ce vendredi avec l\u2019\u00e9quipe pour am\u00e9liorer certaines choses\u00a0\u00bb, d\u00e9taille l\u2019entra\u00eeneur, aussi confiant que prudent.<\/p>\n<p>    La r\u00e9daction vous conseille<\/p>\n<p>    La r\u00e9daction vous conseille<\/p>\n<p>    La r\u00e9daction vous conseille<\/p>\n<p>Un potentiel \u00e0 confirmer<\/p>\n<p>\u00ab\u00a0Il y aura toujours les trois grosses associations de rugby \u00e0 7, Monaco, les Baabaas et Bordeaux, qui font des tournois r\u00e9guli\u00e8rement. Nous, on aura eu trois entra\u00eenements. C\u2019est une particularit\u00e9 du Supersevens, il faut s\u2019adapter, juge l\u2019ex-ouvreur professionnel, pass\u00e9 par la Section et Bayonne. Je pense qu\u2019on peut \u00eatre de vrais challengers sur cette comp\u00e9tition, car si on a moins d\u2019exp\u00e9rience, on a un groupe homog\u00e8ne et plein de fra\u00eecheur [\u2026]. On sait qu\u2019on a du potentiel mais il faut le confirmer sur le terrain, sinon on jouera les matchs de classement\u00a0\u00bb.<\/p>\n<p>Avec une premi\u00e8re \u00e9tape \u00e0 Mont-de-Marsan ce samedi et \u00e0 Dax le week-end prochain, les Palois auront le privil\u00e8ge de ne pas laisser trop de jus dans leurs d\u00e9placements. Et l\u2019avantage de s\u2019appuyer sur un socle bien \u00e9tabli. \u00ab\u00a0J\u2019ai donn\u00e9 trois axes aux joueurs\u00a0: \u00eatre tr\u00e8s fier de notre territoire et de l\u2019image que l\u2019on rend, exploiter le potentiel et les points forts de chacun et d\u00e9velopper la culture de la gagne, confie Brandon Fajardo. J\u2019en ai un peu marre qu\u2019on soit toujours ceux qui pleurent \u00e0 la fin\u00a0\u00bb. Voil\u00e0 au moins une chose que les Palois voudraient voir changer.<\/p>\n<p>    Le groupe palois \u00e0 Mont-de-Marsan<br \/>\nThomas Carol (num 4, co-cap), Louis Lera\u00eetre (11), Tom P\u00e9cune (12), Thomas Bidab\u00e9 (13), Pedro Perez Bueno (15), Toshi Butlin (19), K\u00e9vin Lhomy (22), Baptiste Tisn\u00e9 (23), Macarius Pereira (24), Josselin Bouhier (28, co-cap), Matthieu Piperol (42), Gr\u00e9goire Arfeuil (59), J\u00e9r\u00e9my Teul\u00e9 (64), Xander Iosefo (81) et Noa Esteban (88)<br \/>Entra\u00eeneurs\u00a0: Brandon Fajardo et Julien Sarraute.<br \/>Rencontres diffus\u00e9es sur Canal+\u00a0Live 5 \u00e0 partir de 12h30 puis Canal+\u00a0Sport \u00e0 partir de 17h.<\/p>\n","protected":false},"excerpt":{"rendered":"En compagnie de Gr\u00e9goire Arfeuil, autre international France 7, ils seront en charge d\u2019assumer le bel et fort&hellip;\n","protected":false},"author":2,"featured_media":321575,"comment_status":"","ping_status":"","sticky":false,"template":"","format":"standard","meta":{"footnotes":""},"categories":[1416],"tags":[1011,27,479,1468,60],"class_list":{"0":"post-321574","1":"post","2":"type-post","3":"status-publish","4":"format-standard","5":"has-post-thumbnail","7":"category-rugby","8":"tag-fr","9":"tag-france","10":"tag-rugby","11":"tag-rugby-football","12":"tag-sports"},"share_on_mastodon":{"url":"https:\/\/pubeurope.com\/@fr\/115034896764290639","error":""},"_links":{"self":[{"href":"https:\/\/www.europesays.com\/fr\/wp-json\/wp\/v2\/posts\/321574","targetHints":{"allow":["GET"]}}],"collection":[{"href":"https:\/\/www.europesays.com\/fr\/wp-json\/wp\/v2\/posts"}],"about":[{"href":"https:\/\/www.europesays.com\/fr\/wp-json\/wp\/v2\/types\/post"}],"author":[{"embeddable":true,"href":"https:\/\/www.europesays.com\/fr\/wp-json\/wp\/v2\/users\/2"}],"replies":[{"embeddable":true,"href":"https:\/\/www.europesays.com\/fr\/wp-json\/wp\/v2\/comments?post=321574"}],"version-history":[{"count":0,"href":"https:\/\/www.europesays.com\/fr\/wp-json\/wp\/v2\/posts\/321574\/revisions"}],"wp:featuredmedia":[{"embeddable":true,"href":"https:\/\/www.europesays.com\/fr\/wp-json\/wp\/v2\/media\/321575"}],"wp:attachment":[{"href":"https:\/\/www.europesays.com\/fr\/wp-json\/wp\/v2\/media?parent=321574"}],"wp:term":[{"taxonomy":"category","embeddable":true,"href":"https:\/\/www.europesays.com\/fr\/wp-json\/wp\/v2\/categories?post=321574"},{"taxonomy":"post_tag","embeddable":true,"href":"https:\/\/www.europesays.com\/fr\/wp-json\/wp\/v2\/tags?post=321574"}],"curies":[{"name":"wp","href":"https:\/\/api.w.org\/{rel}","templated":true}]}}