{"id":321578,"date":"2025-08-15T21:28:09","date_gmt":"2025-08-15T21:28:09","guid":{"rendered":"https:\/\/www.europesays.com\/fr\/321578\/"},"modified":"2025-08-15T21:28:09","modified_gmt":"2025-08-15T21:28:09","slug":"si-je-ne-peux-pas-bouger-ca-ne-sert-a-rien","status":"publish","type":"post","link":"https:\/\/www.europesays.com\/fr\/321578\/","title":{"rendered":"Si je ne peux pas bouger, \u00e7a ne sert \u00e0 rien"},"content":{"rendered":"<p><a href=\"https:\/\/fr.motorsport.com\/driver\/maverick-vinales\/96553\/\" target=\"_blank\" rel=\"noopener\">Maverick Vi\u00f1ales<\/a> avait beau assurer \u00eatre \u00e0 <a href=\"https:\/\/fr.motorsport.com\/motogp\/news\/vinales-compte-sur-le-mental-pour-compenser-une-epaule-tres-rigide\/10750586\/\" target=\"_blank\" rel=\"noopener\">\u00ab\u00a0plus qu&rsquo;\u00e0 100%\u00a0\u00bb physiquement<\/a> en abordant le Grand Prix d&rsquo;Autriche, il reconnaissait \u00e9galement que son manque de mobilit\u00e9 au niveau de l&rsquo;\u00e9paule gauche pourrait le g\u00eaner. Cinq semaines apr\u00e8s sa fracture, dans une chute en qualifications au Sachsenring, l&rsquo;Espagnol n&rsquo;a pas v\u00e9cu un vendredi simple.<\/p>\n<p>Dans la matin\u00e9e, Vi\u00f1ales a pu effectuer 16 tours mais il ne devan\u00e7ait que <a href=\"https:\/\/fr.motorsport.com\/driver\/miguel-oliveira\/109382\/\" target=\"_blank\" rel=\"noopener\">Miguel Oliveira<\/a>. Il a \u00e9t\u00e9 examin\u00e9 entre les deux s\u00e9ances et a pu continuer mais dans l&rsquo;apr\u00e8s-midi, il a d\u00e9cid\u00e9 de s&rsquo;arr\u00eater apr\u00e8s seulement quatre tours afin de s&rsquo;\u00e9conomiser, et il a logiquement termin\u00e9 la journ\u00e9e en fond de classement.<\/p>\n<p>Le pilote Tech3 fera un nouveau point avec le\u00a0Dr\u00a0\u00c1ngel Charte, directeur m\u00e9dical du MotoGP, samedi matin. Il est pour l&rsquo;instant incapable de dire quelle sera sa condition physique \u00e0 son r\u00e9veil.<\/p>\n<p style=\"text-align: left;\"><strong>Comment te sens-tu\u00a0?<\/strong><\/p>\n<p>C&rsquo;est la cinqui\u00e8me semaine, c&rsquo;est t\u00f4t mais chaque tour compte. Aujourd&rsquo;hui, j&rsquo;ai fait 20 tours. Je suis assez content d&rsquo;avoir pu faire 20 tours et surtout, j&rsquo;ai \u00e9cout\u00e9 mon corps, mon \u00e9paule, et j&rsquo;ai respect\u00e9 le timing. C&rsquo;\u00e9tait tr\u00e8s important de retrouver le rythme, de comprendre les sensations, et j&rsquo;en ai fait plus que ce qu&rsquo;on attendait, donc c&rsquo;est bon signe. Dans l&rsquo;apr\u00e8s-midi, on a d\u00e9cid\u00e9 d&rsquo;arr\u00eater pour garder de l&rsquo;\u00e9nergie pour demain, et voir si demain je me r\u00e9veille un peu mieux. C&rsquo;est la bonne fa\u00e7on de faire.<\/p>\n<p><strong>Es-tu pr\u00eat \u00e0 renoncer si c&rsquo;est n\u00e9cessaire\u00a0?<\/strong><\/p>\n<p>Je dois \u00e9couter ce que dit l&rsquo;\u00e9paule. Si je me l\u00e8ve et que je ne peux pas bouger, \u00e7a ne sert \u00e0 rien. Le secteur 3 pose de gros probl\u00e8mes parce que je suis tr\u00e8s lent dans les changements de direction et dans ce secteur. Mais au-del\u00e0 des chronos, c&rsquo;est dur de me positionner sur la moto. C&rsquo;est pour \u00e7a que j&rsquo;ai arr\u00eat\u00e9 cet apr\u00e8s-midi, parce que c&rsquo;\u00e9tait tr\u00e8s difficile pour moi. Je comprendrai comment je me l\u00e8verai demain et si ce qu&rsquo;on a fait aujourd&rsquo;hui \u00e9tait utile pour acc\u00e9l\u00e9rer la convalescence ou si \u00e7a va nous arr\u00eater dans la convalescence. C&rsquo;est s\u00fbr que je comprendrai en me levant.<\/p>\n<p><strong>Est-ce un manque de force, plus qu&rsquo;une douleur ?<\/strong><\/p>\n<p>C&rsquo;est s\u00fbr que j&rsquo;ai un peu mal. Je peux compenser la force avec les jambes donc ce n&rsquo;est pas un drame. Sur le c\u00f4t\u00e9 droit, je me sens vraiment bien et je peux attaquer, un peu moins sur la gauche, surtout dans les changements de direction. Je n&rsquo;ai pas encore suffisamment de mobilit\u00e9 pour me plaquer sur la moto. J&rsquo;avais moins mal ce matin [et] c&rsquo;\u00e9tait plus simple, dans l&rsquo;apr\u00e8s-midi c&rsquo;\u00e9tait un peu plus compliqu\u00e9.<\/p>\n<p>Lire aussi :<\/p>\n<p>Dans cet article<\/p>\n<p>Soyez le premier inform\u00e9 et souscrivez aux alertes mails pour recevoir les infos en temps r\u00e9el<\/p>\n<p>    S&rsquo;abonner aux alertes de news<\/p>\n","protected":false},"excerpt":{"rendered":"Maverick Vi\u00f1ales avait beau assurer \u00eatre \u00e0 \u00ab\u00a0plus qu&rsquo;\u00e0 100%\u00a0\u00bb physiquement en abordant le Grand Prix d&rsquo;Autriche, il&hellip;\n","protected":false},"author":2,"featured_media":321579,"comment_status":"","ping_status":"","sticky":false,"template":"","format":"standard","meta":{"footnotes":""},"categories":[1413],"tags":[1011,27,34489,5712,1457,1456,1458,34490,60,3374,45930,45929],"class_list":{"0":"post-321578","1":"post","2":"type-post","3":"status-publish","4":"format-standard","5":"has-post-thumbnail","7":"category-moto","8":"tag-fr","9":"tag-france","10":"tag-gp-dautriche","11":"tag-maverick-viu00f1ales","12":"tag-moto","13":"tag-motocycle","14":"tag-motogp","15":"tag-red-bull-ring","16":"tag-sports","17":"tag-tech-3","18":"tag-u00e7a-ne-sert-u00e0-rien","19":"tag-viu00f1ales-incertain-pour-samediu00a0-si-je-ne-peux-pas-bouger"},"share_on_mastodon":{"url":"https:\/\/pubeurope.com\/@fr\/115034908486213220","error":""},"_links":{"self":[{"href":"https:\/\/www.europesays.com\/fr\/wp-json\/wp\/v2\/posts\/321578","targetHints":{"allow":["GET"]}}],"collection":[{"href":"https:\/\/www.europesays.com\/fr\/wp-json\/wp\/v2\/posts"}],"about":[{"href":"https:\/\/www.europesays.com\/fr\/wp-json\/wp\/v2\/types\/post"}],"author":[{"embeddable":true,"href":"https:\/\/www.europesays.com\/fr\/wp-json\/wp\/v2\/users\/2"}],"replies":[{"embeddable":true,"href":"https:\/\/www.europesays.com\/fr\/wp-json\/wp\/v2\/comments?post=321578"}],"version-history":[{"count":0,"href":"https:\/\/www.europesays.com\/fr\/wp-json\/wp\/v2\/posts\/321578\/revisions"}],"wp:featuredmedia":[{"embeddable":true,"href":"https:\/\/www.europesays.com\/fr\/wp-json\/wp\/v2\/media\/321579"}],"wp:attachment":[{"href":"https:\/\/www.europesays.com\/fr\/wp-json\/wp\/v2\/media?parent=321578"}],"wp:term":[{"taxonomy":"category","embeddable":true,"href":"https:\/\/www.europesays.com\/fr\/wp-json\/wp\/v2\/categories?post=321578"},{"taxonomy":"post_tag","embeddable":true,"href":"https:\/\/www.europesays.com\/fr\/wp-json\/wp\/v2\/tags?post=321578"}],"curies":[{"name":"wp","href":"https:\/\/api.w.org\/{rel}","templated":true}]}}