{"id":321588,"date":"2025-08-15T21:33:14","date_gmt":"2025-08-15T21:33:14","guid":{"rendered":"https:\/\/www.europesays.com\/fr\/321588\/"},"modified":"2025-08-15T21:33:14","modified_gmt":"2025-08-15T21:33:14","slug":"quand-vos-photos-aident-a-suivre-levolution-du-trait-de-cote-dans-la-manche","status":"publish","type":"post","link":"https:\/\/www.europesays.com\/fr\/321588\/","title":{"rendered":"Quand vos photos aident \u00e0 suivre l&rsquo;\u00e9volution du trait de c\u00f4te dans la Manche"},"content":{"rendered":"<p>            Par<br \/>\n        <strong><br \/>\n            <a href=\"https:\/\/actu.fr\/auteur\/redaction-pressemanche\" title=\"Consulter tous les articles de R\u00e9daction La Presse de la Manche\" target=\"_blank\" rel=\"noopener\">R\u00e9daction La Presse de la Manche<\/a><br \/>\n        <\/strong><\/p>\n<p>        Publi\u00e9 le<\/p>\n<p>            15 ao\u00fbt 2025 \u00e0 17h04        <\/p>\n<p>Et si vos <b>photos de plage<\/b> devenaient des<b> donn\u00e9es scientifiques <\/b>? C\u2019est le pari de <a href=\"https:\/\/actu.fr\/planete\/climat\/manche-vos-photos-peuvent-etre-tres-utiles-au-suivi-du-littoral_61707062.html\" target=\"_blank\" rel=\"noopener\">CoastSnap Manche<\/a>, un<b> dispositif citoyen<\/b> qui permet de <b>suivre l\u2019\u00e9volution du trait de c\u00f4te<\/b> gr\u00e2ce aux clich\u00e9s pris par\u2026 vous.<\/p>\n<p class=\" wall-content\">Depuis l\u2019\u00e9t\u00e9 2024, <b>dix-sept stations <\/b>sont install\u00e9es dans le d\u00e9partement, dont plusieurs dans le territoire des <a href=\"https:\/\/actu.fr\/normandie\/les-pieux_50402\" target=\"_blank\" rel=\"noopener\">Pieux<\/a>, \u00e0 <b>Sciotot<\/b>, <a href=\"https:\/\/actu.fr\/normandie\/le-rozel_50442\" target=\"_blank\" rel=\"noopener\">Le Rozel<\/a>, <a href=\"https:\/\/actu.fr\/normandie\/surtainville_50585\" target=\"_blank\" rel=\"noopener\">Surtainville<\/a> et <a href=\"https:\/\/actu.fr\/normandie\/siouville-hague_50576\" target=\"_blank\" rel=\"noopener\">Siouville-Hague<\/a>.<\/p>\n<p>Une id\u00e9e venue d\u2019Australie<\/p>\n<p class=\" wall-content\"><b>Comment \u00e7a marche ? <\/b>L\u2019id\u00e9e est qu\u2019\u00e0 chaque station, un <b>support fixe<\/b> indique exactement<b> l\u2019angle et le cadre \u00e0 respecter <\/b>pour prendre une photo avec votre smartphone.<\/p>\n<p class=\" wall-content\">Ces images, partag\u00e9es ensuite via un formulaire en ligne, sont int\u00e9gr\u00e9es \u00e0 une<b> phototh\u00e8que citoyenne<\/b>. Les chercheurs peuvent ainsi <b>comparer les clich\u00e9s <\/b>au fil des semaines et analyser les \u00e9volutions, la largeur de la plage, les effets d\u2019une temp\u00eate, le d\u00e9placement du trait de c\u00f4te, etc.<\/p>\n<p data-end=\"1683\" class=\" wall-content\">N\u00e9 en 2017 \u00e0 l\u2019Universit\u00e9 de Nouvelle-Galles du Sud, en Australie, le concept s\u2019est rapidement export\u00e9 dans le monde entier. En France, il a d\u00e9barqu\u00e9 en 2019 gr\u00e2ce \u00e0 l\u2019Observatoire citoyen du littoral Morbihannais.<\/p>\n<p data-end=\"1683\" class=\" wall-content\">Dans la <a href=\"https:\/\/actu.fr\/normandie\/manche_50\" target=\"_blank\" rel=\"noopener\">Manche<\/a>, c\u2019est le <a href=\"https:\/\/www.manche.fr\/\" target=\"_blank\" rel=\"noopener\">D\u00e9partement<\/a> qui porte le projet, en partenariat avec le <a href=\"https:\/\/actu.fr\/normandie\/cherbourg-en-cotentin_50129\/pour-mieux-suivre-levolution-du-littoral-la-manche-sassocie-aux-competences-dintechmer_61980268.html\" target=\"_blank\" rel=\"noopener\">Cnam Intechmer<\/a> pour l\u2019expertise scientifique. L\u2019agence de l\u2019eau Seine-Normandie, les communes littorales, le Conservatoire du littoral et le SyMEL comptent parmi les soutiens.<\/p>\n<p>Vid\u00e9os : en ce moment sur Actu<\/p>\n<p class=\" wall-content\">Chaque clich\u00e9 contribue \u00e0 un <b>suivi sur le long terme<\/b>, sur l\u2019\u00e9volution des stocks de sable, l\u2019impact des ouvrages de protection, les effets des temp\u00eates\u2026 Ces donn\u00e9es viennent compl\u00e9ter les relev\u00e9s scientifiques traditionnels, r\u00e9alis\u00e9s deux fois par an.<\/p>\n<blockquote class=\"ac-article-quote wall-content\">\n<p>Les photos citoyennes nous offrent une fr\u00e9quence d\u2019observation bien plus riche.<\/p>\n<p>L\u2019\u00e9quipe du Cnam Intechmer<\/p><\/blockquote>\n<p class=\" wall-content\">Alors, lors de votre prochaine balade sur le littoral, si vous rep\u00e9rez la borne CoastSnap, posez votre t\u00e9l\u00e9phone dans le support pr\u00e9vu, prenez la photo, puis transmettez-la via le lien indiqu\u00e9. Le tout ne prend qu\u2019une minute, mais <b>contribue \u00e0 plusieurs d\u00e9cennies de suivi environnemental<\/b>. La marche \u00e0 suivre est clairement indiqu\u00e9e sur le support.<\/p>\n<p class=\" wall-content\"><b>De notre correspondante Laure GHANNAM<\/b><\/p>\n<p>O\u00f9 sont les stations ? <a href=\"http:\/\/www.public.geomanche.fr\/observatoire_citoyen_littoral\" target=\"_blank\" rel=\"noopener\">www.public.geomanche.fr\/observatoire_citoyen_littoral<\/a><\/p>\n<p class=\" wall-content\">Suivez toute l\u2019actualit\u00e9 de vos villes et m\u00e9dias favoris en vous inscrivant \u00e0 <a href=\"https:\/\/moncompte.actu.fr\" title=\"D\u00e9couvez Mon Actu\" rel=\"nofollow noopener\" data-trk=\"{&quot;cta&quot;:{&quot;action&quot;:&quot;https:\\\/\\\/moncompte.actu.fr&quot;,&quot;category&quot;:&quot;mon compte&quot;,&quot;from&quot;:&quot;article footer&quot;,&quot;name&quot;:&quot;Mon actu&quot;,&quot;type&quot;:&quot;cta&quot;}}\" target=\"_blank\">Mon Actu<\/a>.<\/p>\n","protected":false},"excerpt":{"rendered":"Par R\u00e9daction La Presse de la Manche Publi\u00e9 le 15 ao\u00fbt 2025 \u00e0 17h04 Et si vos photos&hellip;\n","protected":false},"author":2,"featured_media":321589,"comment_status":"","ping_status":"","sticky":false,"template":"","format":"standard","meta":{"footnotes":""},"categories":[1358],"tags":[1348,1384,1385,1129,3168,1386,58,59,1011,27,35896,45931,52],"class_list":{"0":"post-321588","1":"post","2":"type-post","3":"status-publish","4":"format-standard","5":"has-post-thumbnail","7":"category-arts-et-design","8":"tag-arts","9":"tag-arts-and-design","10":"tag-arts-et-design","11":"tag-climat","12":"tag-cotentin","13":"tag-design","14":"tag-divertissement","15":"tag-entertainment","16":"tag-fr","17":"tag-france","18":"tag-manche-mer","19":"tag-montee-des-eaux","20":"tag-planete"},"share_on_mastodon":{"url":"https:\/\/pubeurope.com\/@fr\/115034928633586090","error":""},"_links":{"self":[{"href":"https:\/\/www.europesays.com\/fr\/wp-json\/wp\/v2\/posts\/321588","targetHints":{"allow":["GET"]}}],"collection":[{"href":"https:\/\/www.europesays.com\/fr\/wp-json\/wp\/v2\/posts"}],"about":[{"href":"https:\/\/www.europesays.com\/fr\/wp-json\/wp\/v2\/types\/post"}],"author":[{"embeddable":true,"href":"https:\/\/www.europesays.com\/fr\/wp-json\/wp\/v2\/users\/2"}],"replies":[{"embeddable":true,"href":"https:\/\/www.europesays.com\/fr\/wp-json\/wp\/v2\/comments?post=321588"}],"version-history":[{"count":0,"href":"https:\/\/www.europesays.com\/fr\/wp-json\/wp\/v2\/posts\/321588\/revisions"}],"wp:featuredmedia":[{"embeddable":true,"href":"https:\/\/www.europesays.com\/fr\/wp-json\/wp\/v2\/media\/321589"}],"wp:attachment":[{"href":"https:\/\/www.europesays.com\/fr\/wp-json\/wp\/v2\/media?parent=321588"}],"wp:term":[{"taxonomy":"category","embeddable":true,"href":"https:\/\/www.europesays.com\/fr\/wp-json\/wp\/v2\/categories?post=321588"},{"taxonomy":"post_tag","embeddable":true,"href":"https:\/\/www.europesays.com\/fr\/wp-json\/wp\/v2\/tags?post=321588"}],"curies":[{"name":"wp","href":"https:\/\/api.w.org\/{rel}","templated":true}]}}