{"id":321590,"date":"2025-08-15T21:34:31","date_gmt":"2025-08-15T21:34:31","guid":{"rendered":"https:\/\/www.europesays.com\/fr\/321590\/"},"modified":"2025-08-15T21:34:31","modified_gmt":"2025-08-15T21:34:31","slug":"dix-romans-pour-profiter-encore-un-peu-du-temps-des-vacances","status":"publish","type":"post","link":"https:\/\/www.europesays.com\/fr\/321590\/","title":{"rendered":"dix romans pour profiter encore un peu du temps des vacances"},"content":{"rendered":"<p>      Po\u00e9sie vibrante, r\u00e9cits intimes, polars \u00e0 plusieurs voix\u2026 Une s\u00e9lection de livres au format poche qui m\u00eale \u00e9motions, myst\u00e8res et sensations pour prolonger la magique pause estivale jusqu\u2019\u00e0 la rentr\u00e9e.              <a href=\"https:\/\/www.europesays.com\/fr\/wp-content\/uploads\/2025\/08\/a502ba3_upload-1-na5dxraiwl2b-gettyimages-1269999659.jpg\" data-pswp-width=\"\" data-pswp-height=\"\" class=\"media__hd\" target=\"_blank\">      <img decoding=\"async\" fetchpriority=\"high\" src=\"https:\/\/www.europesays.com\/fr\/wp-content\/uploads\/2025\/08\/a502ba3_upload-1-na5dxraiwl2b-gettyimages-1269999659.jpg\" class=\"media__picture js-media-zoom-main \" alt=\"Illustration\" title=\"stefanamer\/Getty Images\"\/>      <\/p>\n<p class=\"media__legend\"> Illustration  stefanamer\/Getty Images  <\/p>\n<p>     <\/a>                    <\/p>\n<p class=\"author author--simple\">Par  <a class=\"author author--link\" href=\"https:\/\/www.telerama.fr\/recherche\/articles?q=Par+Camille+avec+le+service+Livres.+\" rel=\"nofollow noopener\" target=\"_blank\"> Par Camille avec le service Livres.  <\/a>    <\/p>\n<p class=\"publication__date\">Publi\u00e9 le 15 ao\u00fbt 2025 \u00e0 09h30<\/p>\n<p>   Partager   <\/p>\n<ul class=\"sharing-popin--results\">\n<li class=\"sharing-popin--item sharing-popin--item-container\"> Partage  <\/li>\n<li data-share=\"linkedin\" class=\"sharing-popin--item\">  LinkedIn <\/li>\n<li data-share=\"facebook\" class=\"sharing-popin--item\">  Facebook <\/li>\n<li data-share=\"mail\" data-social=\"mail\" class=\"sharing-popin--item\">  Envoyer par email <\/li>\n<li data-share=\"copy\" class=\"sharing-popin--item\">  Copier le lien <\/li>\n<\/ul>\n<p>        Favoris       <\/p>\n<p>                <a class=\"openapp__link\" data-event=\"click-open-app\" data-deep-link=\"tlrm:\/\/element?id=\/livre\/livres-de-poche-dix-romans-pour-profiter-encore-un-peu-du-temps-des-vacances-7026955.php&amp;source=deeplink_site\">  Lire dans l&rsquo;application<br \/>\n  <\/a>                               \u201cNo-no-yuri\u201d<strong>, <\/strong>d\u2019Aki Shimazaki                      <\/p>\n<p class=\"paragraph\">\u00ab\u00a0kotsu kotsu kotsu\u00a0\u00bb\u00a0font les talons hauts de cette assistante de direction. C\u2019est le seul bruit que Kyoko s\u2019autorise, son tumulte restant tr\u00e8s int\u00e9rieur, comme toujours chez les personnages r\u00e9currents des romans d\u2019Aki Shimazaki, qui circulent \u00e0 pas de loup d\u2019un ouvrage \u00e0 l\u2019autre. Elle ne descend jamais au fond du puits des \u00e9motions, mais se glisse juste au-dessous de la surface des choses. Depuis ses d\u00e9buts, l\u2019autrice se tient sous cette ligne de flottaison, mais ce point de vue semble ici pouss\u00e9 \u00e0 son paroxysme, donnant \u00e0 cet opus une texture lisse, exempte des soudains glissements de terrain qui caract\u00e9risent habituellement son \u0153uvre. Sans doute est-ce \u00e0 l\u2019image du psychisme de l\u2019h\u00e9ro\u00efne, incapable de d\u00e9roger \u00e0 sa d\u00e9ontologie professionnelle\u00a0:\u00a0\u00ab\u00a0\u00eatre secr\u00e9taire, c\u2019est d\u2019abord savoir garder les secrets\u00a0\u00bb,\u00a0jusqu\u2019\u00e0 se l\u2019appliquer \u00e0 elle-m\u00eame, en toutes circonstances. <strong>\u2014\u00a0M.L.<\/strong><\/p>\n<p>                              <a href=\"https:\/\/www.europesays.com\/fr\/wp-content\/uploads\/2025\/08\/d6a3b6f_upload-1-zjss6asq1rtf-no-no-yuri.png\" data-pswp-width=\"\" data-pswp-height=\"\" class=\"media__hd\" target=\"_blank\">      <img decoding=\"async\" loading=\"lazy\" src=\"https:\/\/www.europesays.com\/fr\/wp-content\/uploads\/2025\/08\/d6a3b6f_upload-1-zjss6asq1rtf-no-no-yuri.png\" class=\"media__picture js-media-zoom  media__size--large\" alt=\"\" title=\"\"\/>       <\/a>                          <\/p>\n<p>\u00c9d. Babel, 7,40 \u20ac.<\/p>\n<p class=\"edito__prefixe\">   Lire notre critique   <\/p>\n<p class=\"edito__text-container\">       <a alt=\"Lire notre critique\" href=\"https:\/\/www.telerama.fr\/livres\/no-no-yuri-3-16803519.php\" class=\"article__title--edito\" rel=\"nofollow noopener\" target=\"_blank\">\u00ab\u00a0No-no-yuri\u00a0\u00bb, de Aki Shimazaki<\/a>  <\/p>\n<p>                                        \u201cSix Versions. Le Disparu du Wentshire\u201d<strong>, <\/strong>de Matt Wesolowski                      <\/p>\n<p class=\"paragraph\">Apr\u00e8s deux tomes, son personnage de journaliste et podcasteur Scott King revient cet automne pour un troisi\u00e8me volume, toujours autonome. Avec le m\u00eame principe\u00a0: une enqu\u00eate polici\u00e8re racont\u00e9e en podcast comme s\u2019il s\u2019agissait d\u2019un fait r\u00e9el, six voix qui s\u2019expriment et autant de v\u00e9rit\u00e9s possibles. Cette fois, dans Le Disparu du Wentshire, c\u2019est la disparition d\u2019un petit gar\u00e7on le soir de No\u00ebl qui am\u00e8ne King \u00e0 rallumer le micro, trente ans plus tard, pour une nouvelle saison de son \u00e9mission. Le dispositif est parfaitement ma\u00eetris\u00e9 et renouvelle brillamment le genre. En m\u00ealant son \u00e9criture avec les codes du podcast, Wesolowski revient \u00e0 l\u2019un des fondamentaux du travail de l\u2019\u00e9crivain\u00a0: raconter une histoire. On se laisse conter celle-ci comme si elle nous \u00e9tait murmur\u00e9e \u00e0 l\u2019oreille, le pr\u00e9sentateur m\u00e9nageant ses effets et rebondissements. D\u2019autant plus efficace que cet opus a des allures de conte, avec une for\u00eat pleine de myst\u00e8res et des cr\u00e9atures l\u00e9gendaires qui prennent vie dans la bouche des suppos\u00e9s t\u00e9moins. <strong>\u2014<\/strong> <strong>Y.L.-S.<\/strong><\/p>\n<p>                              <a href=\"https:\/\/www.europesays.com\/fr\/wp-content\/uploads\/2025\/08\/d9b2406_upload-1-rjw05w2r94by-six-versions.png\" data-pswp-width=\"\" data-pswp-height=\"\" class=\"media__hd\" target=\"_blank\">      <img decoding=\"async\" loading=\"lazy\" src=\"https:\/\/www.europesays.com\/fr\/wp-content\/uploads\/2025\/08\/d9b2406_upload-1-rjw05w2r94by-six-versions.png\" class=\"media__picture js-media-zoom  media__size--large\" alt=\"\" title=\"\"\/>       <\/a>                          <\/p>\n<p>\u00c9d. Points, 8,40\u00a0\u20ac.<\/p>\n<p class=\"edito__prefixe\">   Lire notre critique   <\/p>\n<p class=\"edito__text-container\">   <a alt=\"Lire notre critique\" href=\"https:\/\/www.telerama.fr\/livre\/deux-polars-a-plusieurs-voix-qui-poussent-loin-le-jeu-de-piste-7018115.php\" class=\"article__title--edito\" rel=\"nofollow noopener\" target=\"_blank\">\u00ab\u00a0L\u2019irr\u00e9sistible appel de la vengeance\u00a0\u00bb, de Rosa Mogliasso<\/a>  <\/p>\n<p>                                        <strong>\u201c\u00c0 pied d\u2019\u0153uvre\u201d, de Franck Court\u00e8s<\/strong>                      <\/p>\n<p class=\"paragraph\">Ce n\u2019est pas vraiment la mis\u00e8re noire, plut\u00f4t le mol enfer de la pr\u00e9carit\u00e9\u2026 Photographe de presse reconnu, sp\u00e9cialis\u00e9 dans les portraits de c\u00e9l\u00e9brit\u00e9s de tout poil, Franck Court\u00e8s a d\u00e9cid\u00e9, il y a une dizaine d\u2019ann\u00e9es, de ranger son appareil pour devenir \u00e9crivain. Cet autoportrait de lui-m\u00eame en \u00e9crivain fauch\u00e9, Franck Court\u00e8s le brosse avec une \u00e9l\u00e9gance d\u00e9senchant\u00e9e, m\u00e2tin\u00e9e d\u2019ironie cr\u00e2ne, dans \u00c0 pied d\u2019\u0153uvre, tandis qu\u2019il d\u00e9cline ses diverses tentatives pour d\u00e9crocher un petit boulot \u2013 puisque, vivre de ses livres, il n\u2019en est pas question. Man\u0153uvre, apprenti jardinier, chauffeur, serveur en extra\u2026 L\u2019inventaire lui est pr\u00e9texte \u00e0 m\u00e9diter sur la duret\u00e9 de nos temps ultra-lib\u00e9raux et ce qu\u2019il en co\u00fbte d\u2019en refuser les r\u00e8gles et les raideurs. Il le fait avec la lucidit\u00e9 discr\u00e8tement mordante des meilleurs moralistes. <strong>\u2014\u00a0Na.C.<\/strong><\/p>\n<p>                              <a href=\"https:\/\/www.europesays.com\/fr\/wp-content\/uploads\/2025\/08\/d581bba_upload-1-br7i6b7xmkqt-ai-pied-d-oeuvre.png\" data-pswp-width=\"\" data-pswp-height=\"\" class=\"media__hd\" target=\"_blank\">      <img decoding=\"async\" loading=\"lazy\" src=\"https:\/\/www.europesays.com\/fr\/wp-content\/uploads\/2025\/08\/d581bba_upload-1-br7i6b7xmkqt-ai-pied-d-oeuvre.png\" class=\"media__picture js-media-zoom  media__size--large\" alt=\"\" title=\"\"\/>       <\/a>                          <\/p>\n<p>\u00c9d. Folio, 8,50\u00a0\u20ac.<\/p>\n<p class=\"edito__prefixe\">   Lire notre critique   <\/p>\n<p class=\"edito__text-container\">       <a alt=\"Lire notre critique\" href=\"https:\/\/www.telerama.fr\/livre\/a-pied-d-uvre_cri-7028178.php\" class=\"article__title--edito\" rel=\"nofollow noopener\" target=\"_blank\">\u00ab\u00a0\u00c0 pied d\u2019\u0153uvre\u00a0\u00bb, de Franck Court\u00e8s <\/a>  <\/p>\n<p>                                  <strong>\u201cBain de boue\u201d, d\u2019<\/strong>Ars O\u2019                       <\/p>\n<p class=\"paragraph\">D\u2019o\u00f9 sort donc ce si hallucinant et macabre roman, au c\u0153ur d\u2019une boue obs\u00e9dante qui a envahi nos paysages, et dont l\u2019intrigue se r\u00e9sume \u00e0 s\u2019extraire ou pas de la bauge gigantesque et terrifiante qu\u2019est devenu le monde de demain\u00a0? Qui donc, encore, en est l\u2019auteur, sous l\u2019\u00e9nigmatique pseudonyme affich\u00e9 en couverture d\u2019Ars 0\u2019\u00a0? Un scientifique, dit-on, qui aurait d\u00e9j\u00e0 pas mal bourlingu\u00e9 en \u00e9criture, au fil de registres vari\u00e9s. Il met en sc\u00e8ne, dans son tr\u00e8s dystopique univers, Lana et Rigal, couple baba de quinquas exfiltr\u00e9s de la soci\u00e9t\u00e9 d\u2019autrefois \u2014 la n\u00f4tre \u2014 pour patauger jusqu\u2019\u00e0 en mourir dans cette bouillasse qui infecte tout, empoisonne tout, et qu\u2019il faut sans fin \u00e9coper. R\u00e9duits en quasi-esclavage, Lana et Rigal ma\u00eetrisent \u00e0 peine les r\u00e8gles de la myst\u00e9rieuse communaut\u00e9 dont ils d\u00e9pendent, \u00e0 l\u2019inqui\u00e9tante hi\u00e9rarchie que pr\u00e9sident un \u00ab\u00a0Jardinier\u00a0\u00bb \u2014 violeur de tout ce qui bouge \u2014 et sa cour d\u00e9vou\u00e9e et cruelle de \u00ab\u00a0puterels\u00a0\u00bb. Ils tentent de fuir, et rencontrent bizarrement le favori des puterels et sa s\u0153ur muette dans leur \u00e9pique et boueuse \u00e9chapp\u00e9e. Car la langue baroque et gouleyante, sauvage et grasse d\u2019Ars O\u2019 \u00e9voque paradoxalement le verbe sensuel et charnu, vivifiant, d\u2019un Rabelais, et choque, et provoque. Entre mort et vie. <strong>\u2014\u00a0F.P.<\/strong><\/p>\n<p>                              <a href=\"https:\/\/www.europesays.com\/fr\/wp-content\/uploads\/2025\/08\/b8447dc_upload-1-eybrs3bq6okp-bain-de-boue.png\" data-pswp-width=\"\" data-pswp-height=\"\" class=\"media__hd\" target=\"_blank\">      <img decoding=\"async\" loading=\"lazy\" src=\"https:\/\/www.europesays.com\/fr\/wp-content\/uploads\/2025\/08\/b8447dc_upload-1-eybrs3bq6okp-bain-de-boue.png\" class=\"media__picture js-media-zoom  media__size--large\" alt=\"\" title=\"\"\/>       <\/a>                          <\/p>\n<p>\u00c9d. Folio, 9,50\u20ac.<\/p>\n<p class=\"edito__prefixe\">   Lire notre critique    <\/p>\n<p class=\"edito__text-container\">       <a alt=\"Lire notre critique \" href=\"https:\/\/www.telerama.fr\/livre\/bain-de-boue_cri-7028481.php\" class=\"article__title--edito\" rel=\"nofollow noopener\" target=\"_blank\">\u00ab\u00a0Bain de boue\u00a0\u00bb, de Ars O\u2019 <\/a>  <\/p>\n<p>                                  <strong>\u201cLa f\u00eate des m\u00e8res\u201d, de <\/strong>Richard Morgi\u00e8ve                       <\/p>\n<p class=\"paragraph\">En\u00a02012, un certain Jacques Bauchot, copain de jeunesse, demande \u00e0 Richard Morgi\u00e8ve d\u2019\u00e9crire sa biographie. L\u2019auteur du Cherokee refuse, mais une autre id\u00e9e lui trotte dans la t\u00eate\u00a0: b\u00e2tir un roman qui ne serait ni tout \u00e0 fait le sien, ni vraiment celui de l\u2019autre. Trois ans plus tard La F\u00eate des m\u00e8res para\u00eet, sign\u00e9 du nom de Bauchot, avant de sombrer dans l\u2019oubli. Ce r\u00e9cit bouleversant est une plong\u00e9e au c\u0153ur des ann\u00e9es\u00a01960, au pays de l\u2019enfance sans joie, de l\u2019adolescence confuse, des relations familiales excessives et tragiques. L\u2019\u00e9criture de Morgi\u00e8ve jubile, \u00e9clate, vomit, se faufile dans le c\u0153ur d\u2019un gar\u00e7on qui aura toujours peur de perdre sa m\u00e8re, n\u2019osera jamais parler \u00e0 son p\u00e8re. R\u00eavant d\u2019un amour qui, peut-\u00eatre, finira par surgir comme un miracle. <strong>\u2014\u00a0F.P.<\/strong><\/p>\n<p>                              <a href=\"https:\/\/www.europesays.com\/fr\/wp-content\/uploads\/2025\/08\/f30e5d6_upload-1-zuoyxnhcur1r-fete-des-meres.png\" data-pswp-width=\"\" data-pswp-height=\"\" class=\"media__hd\" target=\"_blank\">      <img decoding=\"async\" loading=\"lazy\" src=\"https:\/\/www.europesays.com\/fr\/wp-content\/uploads\/2025\/08\/f30e5d6_upload-1-zuoyxnhcur1r-fete-des-meres.png\" class=\"media__picture js-media-zoom  media__size--large\" alt=\"\" title=\"\"\/>       <\/a>                          <\/p>\n<p>\u00c9d. Folio, 10,00\u20ac.<\/p>\n<p class=\"edito__prefixe\">   Lire notre critique    <\/p>\n<p class=\"edito__text-container\">       <a alt=\"Lire notre critique \" href=\"https:\/\/www.telerama.fr\/livre\/la-fete-des-meres_cri-7028180.php\" class=\"article__title--edito\" rel=\"nofollow noopener\" target=\"_blank\">\u00ab\u00a0La F\u00eate des m\u00e8res\u00a0\u00bb, de Richard Morgi\u00e8ve<\/a>  <\/p>\n<p>                                  <strong>\u201cStupeur\u201d, de <\/strong>Zeruya Shalev                       <\/p>\n<p class=\"paragraph\">Une s\u00e9rie de rendez-vous manqu\u00e9s, d\u2019obstacles et de ratages, voil\u00e0 \u00e0 quoi ressemble la vie d\u2019Atara ces temps-ci, et cela tombe mal car elle est de ceux qui ne savent pas s\u2019accommoder des regrets, accepter l\u2019\u00e9chec ou la faute et passer \u00e0 autre chose \u2014 \u00ab\u00a0parce que chez elle, les regrets sont profonds, persistants et en g\u00e9n\u00e9ral purulents, \u00ab\u00a0ton probl\u00e8me, lui avait dit un jour Ranya, c\u2019est que tu cicatrises mal\u2026 Enfin, c\u2019est bien s\u00fbr le plus petit de tes probl\u00e8mes, Atara\u00a0\u00bb\u00a0\u00bb. Femme tourment\u00e9e, ind\u00e9cise, p\u00e9trie de scrupules et de remords, femme au d\u00e9sir d\u2019harmonie sans cesse mis en pi\u00e8ces par l\u2019existence, telle est celle dont Zeruya Shalev fait l\u2019h\u00e9ro\u00efne de ce tr\u00e8s beau roman dans lequel la vie int\u00e9rieure des individus est comme raccord\u00e9e, reli\u00e9e par un fin r\u00e9seau de fils et de n\u0153uds \u00e0 l\u2019histoire et \u00e0 la g\u00e9ographie d\u2019Isra\u00ebl. <strong>\u2014\u00a0Na.C.<\/strong><\/p>\n<p>                              <a href=\"https:\/\/www.europesays.com\/fr\/wp-content\/uploads\/2025\/08\/558359a_upload-1-rga4b6xxjrwf-stupeur.png\" data-pswp-width=\"\" data-pswp-height=\"\" class=\"media__hd\" target=\"_blank\">      <img decoding=\"async\" loading=\"lazy\" src=\"https:\/\/www.europesays.com\/fr\/wp-content\/uploads\/2025\/08\/558359a_upload-1-rga4b6xxjrwf-stupeur.png\" class=\"media__picture js-media-zoom  media__size--large\" alt=\"\" title=\"\"\/>       <\/a>                          <\/p>\n<p>\u00c9d. Folio, 9,50\u20ac.<\/p>\n<p class=\"edito__prefixe\">   Lire notre critique   <\/p>\n<p class=\"edito__text-container\">       <a alt=\"Lire notre critique\" href=\"https:\/\/www.telerama.fr\/livre\/stupeur-du-recit-intisme-a-l-histoire-collective-d-israel_cri-7028027.php\" class=\"article__title--edito\" rel=\"nofollow noopener\" target=\"_blank\">\u201cStupeur\u201d, de Zeruya Shalev <\/a>  <\/p>\n<p>                                  <strong>\u201cLe Chagrin\u201d, de <\/strong>Lionel Duroy                       <\/p>\n<p class=\"paragraph\">De Bizerte \u00e0 Vaucresson, en passant par Neuilly et Douarnenez, il souligne et rature les \u00e9tapes de sa vie fantasque, brouillonne, faite d\u2019emprises et de d\u00e9gagements, o\u00f9 m\u00eame l\u2019\u00e9criture semble avoir toujours dout\u00e9 de son bon droit. Attel\u00e9 \u00e0 la r\u00e9daction de son livre, il finit par se sentir dispara\u00eetre\u00a0: \u00ab\u00a0Il me semblait que mon corps r\u00e9tr\u00e9cissait, se resserrait sur lui-m\u00eame, occupant de moins en moins de place, comme s\u2019il se pr\u00e9parait \u00e0 s\u2019effacer petit \u00e0 petit.\u00a0\u00bb Pourtant, Le Chagrin d\u00e9crit une \u00e9mouvante \u00e9closion. Celle d\u2019un homme qui d\u00e9couvre l\u2019acceptation de soi.<\/p>\n<p>                              <a href=\"https:\/\/www.europesays.com\/fr\/wp-content\/uploads\/2025\/08\/b4766ef_upload-1-bqlibt4yw083-le-chagrin.png\" data-pswp-width=\"\" data-pswp-height=\"\" class=\"media__hd\" target=\"_blank\">      <img decoding=\"async\" loading=\"lazy\" src=\"https:\/\/www.europesays.com\/fr\/wp-content\/uploads\/2025\/08\/b4766ef_upload-1-bqlibt4yw083-le-chagrin.png\" class=\"media__picture js-media-zoom  media__size--large\" alt=\"\" title=\"\"\/>       <\/a>                          <\/p>\n<p>\u00c9d. J\u2019ai Lu, 11,50\u00a0\u20ac.<\/p>\n<p class=\"edito__prefixe\">   Lire notre critique    <\/p>\n<p class=\"edito__text-container\">       <a alt=\"Lire notre critique \" href=\"https:\/\/www.telerama.fr\/livres\/le-chagrin,54480.php\" class=\"article__title--edito\" rel=\"nofollow noopener\" target=\"_blank\">\u00ab\u00a0Le Chagrin\u00a0\u00bb, de Lionel Duroy <\/a>  <\/p>\n<p>                                  \u201cL\u2019irr\u00e9sistible Appel de la vengeance\u201d<strong>, de <\/strong>Rosa Mogliasso                       <\/p>\n<p class=\"paragraph\">Dans un registre autrement plus comique et grin\u00e7ant, le roman de Rosa Mogliasso rappelle combien l\u2019intime peut \u00eatre noir d\u00e8s que l\u2019on gratte la surface. L\u2019Irr\u00e9sistible Appel de la vengeance met en sc\u00e8ne Amanda, une autrice de polars ringarde devenue sur le tard animatrice d\u2019un atelier d\u2019\u00e9criture, dont le petit groupe de participants refl\u00e8te la m\u00e9diocrit\u00e9 dans toute sa diversit\u00e9. Cette com\u00e9die italienne \u00e0 l\u2019ironie ravageuse fait vivre une galerie de personnages arch\u00e9typaux, qui auraient pu trouver leur place chez Agatha Christie. Mais \u00e0 la place du juge Wargrave ou du Dr Armstrong (inoubliables protagonistes d\u2019Ils \u00e9taient dix), on trouve Rutger, le tennisman sujet de toutes les convoitises, ou Vanessa, l\u2019agente immobili\u00e8re qui ne renonce jamais. Des figures pr\u00e9sent\u00e9es comme dans une pi\u00e8ce de th\u00e9\u00e2tre (l\u2019autrice est d\u2019ailleurs responsable de la programmation du Th\u00e9\u00e2tre Baretti de Turin) et qui, tour \u00e0 tour, vont prendre la plume pour \u00e9crire les diff\u00e9rents chapitres d\u2019un roman qui croise vaudeville et policier. <strong>\u2014<\/strong> <strong>Y.L.-S.<\/strong><\/p>\n<p>                              <a href=\"https:\/\/www.europesays.com\/fr\/wp-content\/uploads\/2025\/08\/4c550d8_upload-1-7ge754uzwmrd-vengeance.png\" data-pswp-width=\"\" data-pswp-height=\"\" class=\"media__hd\" target=\"_blank\">      <img decoding=\"async\" loading=\"lazy\" src=\"https:\/\/www.europesays.com\/fr\/wp-content\/uploads\/2025\/08\/4c550d8_upload-1-7ge754uzwmrd-vengeance.png\" class=\"media__picture js-media-zoom  media__size--large\" alt=\"\" title=\"\"\/>       <\/a>                          <\/p>\n<p>\u00c9d. Folio, 9,00\u20ac.<\/p>\n<p class=\"edito__prefixe\">   Lire notre critique   <\/p>\n<p class=\"edito__text-container\">   <a alt=\"Lire notre critique\" href=\"https:\/\/www.telerama.fr\/livre\/deux-polars-a-plusieurs-voix-qui-poussent-loin-le-jeu-de-piste-7018115.php\" class=\"article__title--edito\" rel=\"nofollow noopener\" target=\"_blank\">\u00ab\u00a0L\u2019irr\u00e9sistible appel de la vengeance\u00a0\u00bb, de Rosa Mogliasso<\/a>  <\/p>\n<p>                                  \u201cUne \u00e9poque exquise\u201d<strong>, de <\/strong>Dawn Powell                       <\/p>\n<p class=\"paragraph\">Amanda Keeler est jolie, audacieuse et sans scrupules. Auteure d\u2019un roman \u00e0 la mode et, surtout, mari\u00e9e \u00e0 un magnat de la presse, elle tente d\u2019oublier ses origines provinciales en jouant les intellectuelles new-yorkaises bon teint. En 1942, dans les salons, chacun fait mine de parler politique en buvant du cognac, et la belle Amanda sait mieux que personne jouer les effront\u00e9es et s\u2019\u00e9tourdir de mots. C\u2019est au milieu de ce monde frivole que d\u00e9barque Vicky Evans, ancienne camarade de classe de la diva et merveilleusement candide. Amanda va se servir de la jeune femme pour dissimuler ses petits secrets inavouables. Dawn Powell (1896-1965), l\u2019auteure piquante de Tourne, roue magique, de Les sauterelles n\u2019ont pas de roi, analyse avec humour cette \u00e9lite am\u00e9ricaine qui n\u2019est que faux-semblants. Elle \u00e9pingle la sottise de ses contemporains comme une collectionneuse de papillons, impitoyable, d\u00e9tach\u00e9e, irr\u00e9sistible.<\/p>\n<p>                              <a href=\"https:\/\/www.europesays.com\/fr\/wp-content\/uploads\/2025\/08\/1a8705c_upload-1-2zag13zs76xr-epoque-exquise.png\" data-pswp-width=\"\" data-pswp-height=\"\" class=\"media__hd\" target=\"_blank\">      <img decoding=\"async\" loading=\"lazy\" src=\"https:\/\/www.europesays.com\/fr\/wp-content\/uploads\/2025\/08\/1a8705c_upload-1-2zag13zs76xr-epoque-exquise.png\" class=\"media__picture js-media-zoom  media__size--large\" alt=\"\" title=\"\"\/>       <\/a>                          <\/p>\n<p>\u00c9d. La petite Vermillon, 10,50\u00a0\u20ac.<\/p>\n<p class=\"edito__prefixe\">   Lire notre critique   <\/p>\n<p class=\"edito__text-container\">       <a alt=\"Lire notre critique\" href=\"https:\/\/www.telerama.fr\/livres\/une-epoque-exquise,44330.php\" class=\"article__title--edito\" rel=\"nofollow noopener\" target=\"_blank\">\u00ab\u00a0Une \u00e9poque exquise\u00a0\u00bb, de Dawn Powell <\/a>  <\/p>\n<p>                                  \u201cVivante\u201d<strong>, de C<\/strong>lara Ys\u00e9                       <\/p>\n<p class=\"paragraph\">Qu\u2019elle chante ou qu\u2019elle \u00e9crive, au piano ou dans le silence, celle-ci se r\u00e9jouit de la palette des formes \u00e0 explorer. Pour elle pas question d\u2019\u00e9tablir une hi\u00e9rarchie.\u00a0\u00ab\u00a0Parfois, une phrase suffit. Un aphorisme contient tout ce qui devait \u00eatre dit.\u00a0\u00bb\u00a0D\u2019autres fois, la beaut\u00e9 s\u2019articule en refrains, donne envie de se lever et de danser sur une m\u00e9lodie ent\u00eatante. \u00ab\u00a0On ne travaille pas avec les m\u00eames mat\u00e9riaux, mais l\u2019objectif est identique,\u00a0conclut Clara Ys\u00e9.\u00a0Il s\u2019agit d\u2019\u00e9chapper au langage utilitaire et de redonner du poids \u00e0 la parole. De r\u00e9parer une d\u00e9chirure dans le langage et de faire lien avec le monde.\u00a0\u00bb. <strong>\u2014\u00a0C.P.<\/strong><\/p>\n<p>                              <a href=\"https:\/\/www.europesays.com\/fr\/wp-content\/uploads\/2025\/08\/e57f603_upload-1-eoj0wnzr8b8q-vivante.png\" data-pswp-width=\"\" data-pswp-height=\"\" class=\"media__hd\" target=\"_blank\">      <img decoding=\"async\" loading=\"lazy\" src=\"https:\/\/www.europesays.com\/fr\/wp-content\/uploads\/2025\/08\/e57f603_upload-1-eoj0wnzr8b8q-vivante.png\" class=\"media__picture js-media-zoom  media__size--large\" alt=\"\" title=\"\"\/>       <\/a>                          <\/p>\n<p>\u00c9d. Pocket, 8,10\u00a0\u20ac.<\/p>\n<p class=\"edito__prefixe\">   Lire    <\/p>\n<p class=\"edito__text-container\">     <a alt=\"Lire \" href=\"https:\/\/www.telerama.fr\/musique\/clara-yse-arthur-teboul-entre-poesie-et-chanson-un-dialogue-fecond-7022105.php\" class=\"article__title--edito\" rel=\"nofollow noopener\" target=\"_blank\">\u00ab\u00a0Vivante\u00a0\u00bb, de Clara Ys\u00e9<\/a>  <\/p>\n","protected":false},"excerpt":{"rendered":"Po\u00e9sie vibrante, r\u00e9cits intimes, polars \u00e0 plusieurs voix\u2026 Une s\u00e9lection de livres au format poche qui m\u00eale \u00e9motions,&hellip;\n","protected":false},"author":2,"featured_media":321591,"comment_status":"","ping_status":"","sticky":false,"template":"","format":"standard","meta":{"footnotes":""},"categories":[1357],"tags":[1379,58,59,1011,27,1380],"class_list":{"0":"post-321590","1":"post","2":"type-post","3":"status-publish","4":"format-standard","5":"has-post-thumbnail","7":"category-livres","8":"tag-books","9":"tag-divertissement","10":"tag-entertainment","11":"tag-fr","12":"tag-france","13":"tag-livres"},"share_on_mastodon":{"url":"https:\/\/pubeurope.com\/@fr\/115034932394634362","error":""},"_links":{"self":[{"href":"https:\/\/www.europesays.com\/fr\/wp-json\/wp\/v2\/posts\/321590","targetHints":{"allow":["GET"]}}],"collection":[{"href":"https:\/\/www.europesays.com\/fr\/wp-json\/wp\/v2\/posts"}],"about":[{"href":"https:\/\/www.europesays.com\/fr\/wp-json\/wp\/v2\/types\/post"}],"author":[{"embeddable":true,"href":"https:\/\/www.europesays.com\/fr\/wp-json\/wp\/v2\/users\/2"}],"replies":[{"embeddable":true,"href":"https:\/\/www.europesays.com\/fr\/wp-json\/wp\/v2\/comments?post=321590"}],"version-history":[{"count":0,"href":"https:\/\/www.europesays.com\/fr\/wp-json\/wp\/v2\/posts\/321590\/revisions"}],"wp:featuredmedia":[{"embeddable":true,"href":"https:\/\/www.europesays.com\/fr\/wp-json\/wp\/v2\/media\/321591"}],"wp:attachment":[{"href":"https:\/\/www.europesays.com\/fr\/wp-json\/wp\/v2\/media?parent=321590"}],"wp:term":[{"taxonomy":"category","embeddable":true,"href":"https:\/\/www.europesays.com\/fr\/wp-json\/wp\/v2\/categories?post=321590"},{"taxonomy":"post_tag","embeddable":true,"href":"https:\/\/www.europesays.com\/fr\/wp-json\/wp\/v2\/tags?post=321590"}],"curies":[{"name":"wp","href":"https:\/\/api.w.org\/{rel}","templated":true}]}}