{"id":321592,"date":"2025-08-15T21:35:08","date_gmt":"2025-08-15T21:35:08","guid":{"rendered":"https:\/\/www.europesays.com\/fr\/321592\/"},"modified":"2025-08-15T21:35:08","modified_gmt":"2025-08-15T21:35:08","slug":"apres-la-fin-de-son-mariage-avec-malik-clemence-maries-au-premier-regard-va-t-elle-avoir-un-enfant-seule-mon-horloge-tourne-purepeople","status":"publish","type":"post","link":"https:\/\/www.europesays.com\/fr\/321592\/","title":{"rendered":"Apr\u00e8s la fin de son mariage avec Malik, Cl\u00e9mence (Mari\u00e9s au premier regard) va-t-elle avoir un enfant seule ? &quot;Mon horloge tourne&quot; &#8211; Purepeople"},"content":{"rendered":"<ol>\n<li><a href=\"https:\/\/news.google.com\/rss\/articles\/CBMi_AFBVV95cUxPeWEzR2l6NUstWnFmUVh5WFZsdDJVVDRNSXpGTVFCY2V3cUJIYThVUnJPSjNKQmNSMkRPX0d4NndoT2xvZVg4TVpUeC1yRVF2ZnczVkg1b0tIemMtTnBPbnUxMEhxQTVNU3gwVTliSTRqT3labU52bmVLLUNqVDBkeXo4bnZXVW85MEI1T2hxbUtEQ2J4UDRSMzd4Y014NkxZQUZaY2lKYjlQQzE0dDBZaGIwQ1VxeVJJTVBMQTJFell1YWM5UjM3WXZaTFV1Tmw2TTItd0NzSEFmZXVsLWgwSnd3NExxcm5hU2lwd2MzbGRwSjVMMko2TE5Vcm4?oc=5\" target=\"_blank\" rel=\"nofollow noopener\">Apr\u00e8s la fin de son mariage avec Malik, Cl\u00e9mence (Mari\u00e9s au premier regard) va-t-elle avoir un enfant seule ? \u00ab\u00a0Mon horloge tourne\u00a0\u00bb<\/a>&nbsp;&nbsp;Purepeople<\/li>\n<li><a href=\"https:\/\/news.google.com\/rss\/articles\/CBMicEFVX3lxTE9jSWRRd19uQ0czN0RKck1TQ2lPa3BMaGdjUWhMTGwwY2QxYmNPY1FIUU14dktMRkRrQllnbzN0WVRjLVBzNWVXZ2ZfMmFaSXFuWnVydnQzTzNyZDdSY1hyQ2FvUGpxa3BxWmFJMlk3NnQ?oc=5\" target=\"_blank\" rel=\"nofollow noopener\">Mari\u00e9s au premier regard : Cl\u00e9mence d\u00e9j\u00e0 pr\u00eate \u00e0 retrouver l&rsquo;amour apr\u00e8s Malik ? Elle r\u00e9pond cash<\/a>&nbsp;&nbsp;AlloCin\u00e9<\/li>\n<li><a href=\"https:\/\/news.google.com\/rss\/articles\/CBMingJBVV95cUxQeDJ3N2F3bk5FbWJNbV94cExDOWxnM1pvR0pPZWpobnNTSVMwbkhXTG94MHp3clVQZ2dVc1lydmdya3NsN05KZ1MwbmhLc2FxREduN3NhOGd6TjRBYzF3cXNDNmxfbkFyQ01PZWw5WHBBYmw1eHpxRldhTGhCVDdDSXRMYjc5T2ZWZGxBT2V4T1Nmd1Q2QmZ1MW5SQTdJX3B2enQ0VkNCSGM3M0hrY2M5YUcxZmlwUFYzN1A1MUhFZ1huRXNyYlRjVU9sQk5CU21RUGVYOHBvenBkSFliU0FUVFdrMk5ORFByM0hnN2hhMDFMWnhFRGQwSkt4UW93TlE1bkd1XzdjNHpqZllUSzY0ZC1kcC1xQV9tVUNLUHRn?oc=5\" target=\"_blank\" rel=\"nofollow noopener\">\u00ab\u00a0Il va se passer du temps avant que j&rsquo;officialise\u00a0\u00bb : Cl\u00e9mence (Mari\u00e9s au premier regard) \u00e9voque sa vie sentimentale depuis sa rupture avec Malik<\/a>&nbsp;&nbsp;programme-tv.net<\/li>\n<\/ol>\n","protected":false},"excerpt":{"rendered":"Apr\u00e8s la fin de son mariage avec Malik, Cl\u00e9mence (Mari\u00e9s au premier regard) va-t-elle avoir un enfant seule&hellip;\n","protected":false},"author":2,"featured_media":1445,"comment_status":"","ping_status":"","sticky":false,"template":"","format":"standard","meta":{"footnotes":""},"categories":[1356],"tags":[58,59,1011,27,252,1364],"class_list":{"0":"post-321592","1":"post","2":"type-post","3":"status-publish","4":"format-standard","5":"has-post-thumbnail","7":"category-television","8":"tag-divertissement","9":"tag-entertainment","10":"tag-fr","11":"tag-france","12":"tag-television","13":"tag-tv"},"share_on_mastodon":{"url":"","error":""},"_links":{"self":[{"href":"https:\/\/www.europesays.com\/fr\/wp-json\/wp\/v2\/posts\/321592","targetHints":{"allow":["GET"]}}],"collection":[{"href":"https:\/\/www.europesays.com\/fr\/wp-json\/wp\/v2\/posts"}],"about":[{"href":"https:\/\/www.europesays.com\/fr\/wp-json\/wp\/v2\/types\/post"}],"author":[{"embeddable":true,"href":"https:\/\/www.europesays.com\/fr\/wp-json\/wp\/v2\/users\/2"}],"replies":[{"embeddable":true,"href":"https:\/\/www.europesays.com\/fr\/wp-json\/wp\/v2\/comments?post=321592"}],"version-history":[{"count":0,"href":"https:\/\/www.europesays.com\/fr\/wp-json\/wp\/v2\/posts\/321592\/revisions"}],"wp:featuredmedia":[{"embeddable":true,"href":"https:\/\/www.europesays.com\/fr\/wp-json\/wp\/v2\/media\/1445"}],"wp:attachment":[{"href":"https:\/\/www.europesays.com\/fr\/wp-json\/wp\/v2\/media?parent=321592"}],"wp:term":[{"taxonomy":"category","embeddable":true,"href":"https:\/\/www.europesays.com\/fr\/wp-json\/wp\/v2\/categories?post=321592"},{"taxonomy":"post_tag","embeddable":true,"href":"https:\/\/www.europesays.com\/fr\/wp-json\/wp\/v2\/tags?post=321592"}],"curies":[{"name":"wp","href":"https:\/\/api.w.org\/{rel}","templated":true}]}}