{"id":321593,"date":"2025-08-15T21:36:19","date_gmt":"2025-08-15T21:36:19","guid":{"rendered":"https:\/\/www.europesays.com\/fr\/321593\/"},"modified":"2025-08-15T21:36:19","modified_gmt":"2025-08-15T21:36:19","slug":"louane-en-vacances-en-famille-et-avec-une-chanteuse-de-la-star-academy-elle-devoile-de-tendres-photos","status":"publish","type":"post","link":"https:\/\/www.europesays.com\/fr\/321593\/","title":{"rendered":"Louane en vacances en famille et avec une chanteuse de la Star Academy, elle d\u00e9voile de tendres photos"},"content":{"rendered":"<p>Apr\u00e8s l\u2019effort, le r\u00e9confort. Ces derniers mois ont \u00e9t\u00e9 charg\u00e9s pour Louane. Apr\u00e8s avoir sorti son cinqui\u00e8me album, Solo, en octobre 2024, la chanteuse de 28 ans s\u2019est lanc\u00e9e corps et \u00e2me dans l\u2019Eurovision. Le 17 mai, lors de la 69e \u00e9dition du concours de chant qui se tenait \u00e0 B\u00e2le, en Suisse, la jeune femme a repr\u00e9sent\u00e9 la France avec brio en interpr\u00e9tant son titre tr\u00e8s \u00e9mouvant, Maman, en hommage \u00e0 sa m\u00e8re disparue. Si elle ne s\u2019est class\u00e9e qu\u2019\u00e0 la septi\u00e8me place, l\u2019artiste n\u2019aura pas d\u00e9m\u00e9rit\u00e9 et aura \u00e0 nouveau gagn\u00e9 le c\u0153ur des t\u00e9l\u00e9spectateurs. Malgr\u00e9 cette d\u00e9ception, l\u2019ancienne candidate de The Voice ne s\u2019est pas laiss\u00e9e abattre et a commenc\u00e9 sa tourn\u00e9e. Apr\u00e8s s\u2019\u00eatre d\u00e9j\u00e0 produite \u00e0 Lisbonne (Portugal), Londres (Royaume-Uni), Berlin, Cologne (Allemagne) et Amsterdam (Pays-Bas), <a href=\"https:\/\/www.programme-tv.net\/news\/people\/333290-cetait-trop-dangereux-louane-sexcuse-aupres-de-ses-fans-avant-dinterrompre-sa-tournee\/\" data-api-deeplink=\"teleloisirs:\/\/news\/333290\" target=\"_blank\" rel=\"noopener\">elle montera \u00e0 nouveau sur sc\u00e8ne<\/a> \u00e0 Aix-en-Provence le 25 septembre o\u00f9 d\u00e9butera officiellement son solo tour qui l\u2019emm\u00e8nera \u00e0 Montpellier, Strasbourg, Marseille, Toulouse, Lille ou encore Paris, \u00e0 l\u2019Accor Arena, le 20 f\u00e9vrier 2026.<\/p>\n<p>                        <b>Louane profite de la C\u00f4te d\u2019Azur en famille<\/b><\/p>\n<p>Avant cette rentr\u00e9e tr\u00e8s attendue par ses fans, Louane profite de ses cong\u00e9s d\u2019\u00e9t\u00e9. La jeune maman sillonne la C\u00f4te d\u2019Azur avec <a href=\"https:\/\/www.programme-tv.net\/news\/people\/335523-impossible-de-faire-de-la-musique-le-compagnon-de-louane-revele-etre-atteint-dune-pathologie-derangeante\/\" data-api-deeplink=\"teleloisirs:\/\/news\/335523\" target=\"_blank\" rel=\"noopener\">son fianc\u00e9, Florian Rossi<\/a>, et <a href=\"https:\/\/www.programme-tv.net\/news\/people\/331819-elle-me-repete-sans-cesse-quelle-nest-plus-un-bebe-louane-fait-des-confidences-sur-le-caractere-de-sa-fille-de-3-ans\/\" data-api-deeplink=\"teleloisirs:\/\/news\/331819\" target=\"_blank\" rel=\"noopener\">leur fille, Esm\u00e9e<\/a>, n\u00e9e en mars 2020. Apr\u00e8s un arr\u00eat \u00e0 Saint-Tropez, la petite famille a notamment fait un stop \u00e0 Marseille. L\u2019occasion de partager quelques photos souvenirs \u00e0 ses 1,2 million de followers sur Instagram. Dans une publication dat\u00e9e du 14 ao\u00fbt dernier, accompagn\u00e9e de la chanson d\u2019Abba, Our last summer, la prot\u00e9g\u00e9e de <a href=\"https:\/\/www.programme-tv.net\/biographie\/3334-bertignac-louis\/\" data-link-people=\"16a3402c-f9c9-4bf0-b9d0-fb23f92329c7\" target=\"_blank\" rel=\"noopener\">Louis Bertignac<\/a> se d\u00e9voile en maillot de bain deux pi\u00e8ces, devant le miroir, ou en train de nager dans les eaux transparentes du sud de la France. Elle immortalise \u00e9galement ses repas : des p\u00e2tes fusilli saupoudr\u00e9es de gruy\u00e8re r\u00e2p\u00e9 ainsi qu\u2019une salade de tomates mozzarella.<\/p>\n<p>            <b>Louane : sa fille Esm\u00e9e tr\u00e8s complice avec son p\u00e8re, Florian Rossi<\/b><\/p>\n<p>On aper\u00e7oit \u00e9galement Esm\u00e9e, qui enlace son p\u00e8re, assis sur un escalier. En story, l\u2019interpr\u00e8te de Secret a d\u00e9voil\u00e9 avoir retrouv\u00e9 l\u2019une de ses amies, Carla Dona, qui a particip\u00e9 \u00e0 la Star Academy 2022, et avec qui elle a collabor\u00e9. Puis de partager un clich\u00e9 mal cadr\u00e9 o\u00f9 on voit \u00e0 peine les deux chanteuses : \u00ab\u00a0Quand on demande \u00e0 nos amoureux de nous prendre en photo..\u00a0\u00bb, a-t-elle l\u00e9gend\u00e9 en taguant Florian Rossi et Joseph Di Marco. Un petit tacle qui pr\u00eate \u00e0 sourire.<\/p>\n<blockquote class=\"instagram-media\" data-instgrm-captioned=\"\" data-instgrm-permalink=\"https:\/\/www.instagram.com\/p\/DNVT7y8oRyU\/?utm_source=ig_embed&amp;utm_campaign=loading\" data-instgrm-version=\"14\" style=\" background:#FFF; border:0; border-radius:3px; box-shadow:0 0 1px 0 rgba(0,0,0,0.5),0 1px 10px 0 rgba(0,0,0,0.15); margin: 1px; max-width:658px; min-width:326px; padding:0; width:99.375%; width:-webkit-calc(100% - 2px); width:calc(100% - 2px);\"\/>\n<p>Article \u00e9crit en collaboration avec 6M\u00e9dias<\/p>\n<p>    <script async src=\"\/\/www.instagram.com\/embed.js\"><\/script><\/p>\n","protected":false},"excerpt":{"rendered":"Apr\u00e8s l\u2019effort, le r\u00e9confort. Ces derniers mois ont \u00e9t\u00e9 charg\u00e9s pour Louane. Apr\u00e8s avoir sorti son cinqui\u00e8me album,&hellip;\n","protected":false},"author":2,"featured_media":321594,"comment_status":"","ping_status":"","sticky":false,"template":"","format":"standard","meta":{"footnotes":""},"categories":[1355],"tags":[244,58,59,14255,1011,27,14254,1361,873,2528,1630],"class_list":{"0":"post-321593","1":"post","2":"type-post","3":"status-publish","4":"format-standard","5":"has-post-thumbnail","7":"category-musique","8":"tag-commentaire","9":"tag-divertissement","10":"tag-entertainment","11":"tag-florian-rossi","12":"tag-fr","13":"tag-france","14":"tag-louane-emera","15":"tag-music","16":"tag-musique","17":"tag-vacances","18":"tag-zapping"},"share_on_mastodon":{"url":"https:\/\/pubeurope.com\/@fr\/115034940032235314","error":""},"_links":{"self":[{"href":"https:\/\/www.europesays.com\/fr\/wp-json\/wp\/v2\/posts\/321593","targetHints":{"allow":["GET"]}}],"collection":[{"href":"https:\/\/www.europesays.com\/fr\/wp-json\/wp\/v2\/posts"}],"about":[{"href":"https:\/\/www.europesays.com\/fr\/wp-json\/wp\/v2\/types\/post"}],"author":[{"embeddable":true,"href":"https:\/\/www.europesays.com\/fr\/wp-json\/wp\/v2\/users\/2"}],"replies":[{"embeddable":true,"href":"https:\/\/www.europesays.com\/fr\/wp-json\/wp\/v2\/comments?post=321593"}],"version-history":[{"count":0,"href":"https:\/\/www.europesays.com\/fr\/wp-json\/wp\/v2\/posts\/321593\/revisions"}],"wp:featuredmedia":[{"embeddable":true,"href":"https:\/\/www.europesays.com\/fr\/wp-json\/wp\/v2\/media\/321594"}],"wp:attachment":[{"href":"https:\/\/www.europesays.com\/fr\/wp-json\/wp\/v2\/media?parent=321593"}],"wp:term":[{"taxonomy":"category","embeddable":true,"href":"https:\/\/www.europesays.com\/fr\/wp-json\/wp\/v2\/categories?post=321593"},{"taxonomy":"post_tag","embeddable":true,"href":"https:\/\/www.europesays.com\/fr\/wp-json\/wp\/v2\/tags?post=321593"}],"curies":[{"name":"wp","href":"https:\/\/api.w.org\/{rel}","templated":true}]}}