{"id":321605,"date":"2025-08-15T21:42:13","date_gmt":"2025-08-15T21:42:13","guid":{"rendered":"https:\/\/www.europesays.com\/fr\/321605\/"},"modified":"2025-08-15T21:42:13","modified_gmt":"2025-08-15T21:42:13","slug":"la-bourse-de-paris-termine-en-hausse-entre-ukraine-et-indicateurs-aux-etats-unis-actualites","status":"publish","type":"post","link":"https:\/\/www.europesays.com\/fr\/321605\/","title":{"rendered":"La Bourse de Paris termine en hausse, entre Ukraine et indicateurs aux Etats-Unis : Actualit\u00e9s"},"content":{"rendered":"<p class=\"lead \">La Bourse de Paris a fini dans le vert vendredi, apr\u00e8s la publication d&rsquo;une s\u00e9rie d&rsquo;indicateurs \u00e9conomiques aux Etats-Unis, dans l&rsquo;attente de la rencontre imminente en Alaska entre les pr\u00e9sidents Trump et Poutine sur la guerre en Ukraine. <\/p>\n<p class=\"lead \">Le CAC 40 a pris 0,67% \u00e0 7.923,45 points, en hausse de 53,11 points. La veille, l&rsquo;indice vedette de la Bourse de Paris avait avanc\u00e9 de 65,37 points (+0,85%) \u00e0 7.870,34 points.<\/p>\n<p class=\"lead \">Sur l&rsquo;ensemble de la semaine, il a gagn\u00e9 2,33%.<\/p>\n<p class=\"lead \">Les investisseurs sont \u00e0 l&rsquo;aff\u00fbt du moindre indicateur \u00e9conomique aux Etats-Unis pour \u00e9valuer les effets de la politique de hausse des droits de douane impos\u00e9e par Donald Trump sur la premi\u00e8re \u00e9conomie mondiale.<\/p>\n<p class=\"lead \">Ce vendredi, ils ont re\u00e7u des signaux contradictoires.<\/p>\n<p class=\"lead \">Les ventes au d\u00e9tail ont progress\u00e9 en juillet, pour le deuxi\u00e8me mois d&rsquo;affil\u00e9e, en parfaite conformit\u00e9 avec les attentes du march\u00e9, tir\u00e9es en particulier par la vente d&rsquo;automobiles et le secteur de l&rsquo;ameublement.<\/p>\n<p class=\"lead \">Mais la production industrielle am\u00e9ricaine a recul\u00e9 de 0,1% sur un mois, alors que le consensus des analystes tablait sur une stagnation. Et la confiance des consommateurs a rechut\u00e9 au mois d&rsquo;ao\u00fbt aux Etats-Unis, contrairement aux attentes des march\u00e9s.<\/p>\n<p class=\"lead \">Ces indices ont \u00e9t\u00e9 publi\u00e9s au lendemain de l&rsquo;annonce de l&rsquo;inflation c\u00f4t\u00e9 producteurs (PPI) de juillet, bien plus forte que pr\u00e9vu, qui a accru les craintes d&rsquo;une flamb\u00e9e des prix en raison des droits de douane, susceptible d&#8217;emp\u00eacher la R\u00e9serve f\u00e9d\u00e9rale am\u00e9ricaine (Fed) de baisser ses taux.<\/p>\n<p class=\"lead \">Toutefois, \u00ab\u00a0la plupart des investisseurs continuent de penser que la R\u00e9serve f\u00e9d\u00e9rale (Fed) r\u00e9duira ses taux au moins deux fois cette ann\u00e9e: en septembre, puis en d\u00e9cembre\u00a0\u00bb, commente aupr\u00e8s de l&rsquo;AFP Sam Stovall, de CFRA.<\/p>\n<p class=\"lead \">Autre point d&rsquo;attention des march\u00e9s: \u00ab\u00a0le sommet Trump-Poutine en Alaska, o\u00f9 les deux dirigeants devraient discuter de l&rsquo;Ukraine\u00a0\u00bb, mais dont les d\u00e9veloppements ne devraient pas \u00eatre connus avant la cl\u00f4ture des march\u00e9s am\u00e9ricains (20H00 GMT), commentent les \u00e9conomistes de Deutsche Bank.<\/p>\n<p class=\"lead \">\u00ab\u00a0M\u00eame si une perc\u00e9e imm\u00e9diate est peu probable, le sommet sera n\u00e9anmoins un indicateur important pour les relations am\u00e9ricano-russes et la guerre en Ukraine\u00a0\u00bb, poursuivent-ils.<\/p>\n<p class=\"lead \">La rencontre \u00ab\u00a0en t\u00eate \u00e0 t\u00eate\u00a0\u00bb du pr\u00e9sident russe Vladimir Poutine et de son homologue am\u00e9ricain Donald Trump sera suivie par un repas de travail, avec leurs conseillers. Ils donneront ensuite une conf\u00e9rence de presse.<\/p>\n<p class=\"lead \">Sur le march\u00e9 obligataire, le rendement de l&#8217;emprunt fran\u00e7ais \u00e0 dix ans a atteint 3,46%, contre 3,47% la veille en cl\u00f4ture. Son \u00e9quivalent allemand, r\u00e9f\u00e9rence en Europe, a atteint 2,79%, contre 2,71%.<\/p>\n<p class=\"lead \">Verallia c\u00e8de du terrain<\/p>\n<p class=\"lead \">Le fabricant de bouteilles et emballages en verre Verallia, ex-filiale de Saint-Gobain, a c\u00e9d\u00e9 6,14% \u00e0 27,22 euros, au lendemain de l&rsquo;annonce selon laquelle la soci\u00e9t\u00e9 d&rsquo;investissement br\u00e9silienne BWGI d\u00e9tenait 77,05% de son capital, \u00e0 l&rsquo;issue de son OPA.<\/p>\n<p class=\"lead \"><a href=\"https:\/\/www.euronext.com\/fr\/products\/indices\/FR0003500008-XPAR\" target=\"_blank\" rel=\"noopener\">Euronext CAC40<\/a><\/p>\n<p class=\"small font-weight-bold text-gray3 \"> publi\u00e9 le 15 ao\u00fbt \u00e0 18h22, AFP<\/p>\n<p>                             Partager<\/p>\n","protected":false},"excerpt":{"rendered":"La Bourse de Paris a fini dans le vert vendredi, apr\u00e8s la publication d&rsquo;une s\u00e9rie d&rsquo;indicateurs \u00e9conomiques aux&hellip;\n","protected":false},"author":2,"featured_media":321606,"comment_status":"","ping_status":"","sticky":false,"template":"","format":"standard","meta":{"footnotes":""},"categories":[6],"tags":[340,35,33,34,1011,27,6205,626],"class_list":{"0":"post-321605","1":"post","2":"type-post","3":"status-publish","4":"format-standard","5":"has-post-thumbnail","7":"category-economie","8":"tag-bourse","9":"tag-business","10":"tag-economie","11":"tag-economy","12":"tag-fr","13":"tag-france","14":"tag-marchs","15":"tag-paris"},"share_on_mastodon":{"url":"https:\/\/pubeurope.com\/@fr\/115034963521506511","error":""},"_links":{"self":[{"href":"https:\/\/www.europesays.com\/fr\/wp-json\/wp\/v2\/posts\/321605","targetHints":{"allow":["GET"]}}],"collection":[{"href":"https:\/\/www.europesays.com\/fr\/wp-json\/wp\/v2\/posts"}],"about":[{"href":"https:\/\/www.europesays.com\/fr\/wp-json\/wp\/v2\/types\/post"}],"author":[{"embeddable":true,"href":"https:\/\/www.europesays.com\/fr\/wp-json\/wp\/v2\/users\/2"}],"replies":[{"embeddable":true,"href":"https:\/\/www.europesays.com\/fr\/wp-json\/wp\/v2\/comments?post=321605"}],"version-history":[{"count":0,"href":"https:\/\/www.europesays.com\/fr\/wp-json\/wp\/v2\/posts\/321605\/revisions"}],"wp:featuredmedia":[{"embeddable":true,"href":"https:\/\/www.europesays.com\/fr\/wp-json\/wp\/v2\/media\/321606"}],"wp:attachment":[{"href":"https:\/\/www.europesays.com\/fr\/wp-json\/wp\/v2\/media?parent=321605"}],"wp:term":[{"taxonomy":"category","embeddable":true,"href":"https:\/\/www.europesays.com\/fr\/wp-json\/wp\/v2\/categories?post=321605"},{"taxonomy":"post_tag","embeddable":true,"href":"https:\/\/www.europesays.com\/fr\/wp-json\/wp\/v2\/tags?post=321605"}],"curies":[{"name":"wp","href":"https:\/\/api.w.org\/{rel}","templated":true}]}}