{"id":321607,"date":"2025-08-15T21:43:08","date_gmt":"2025-08-15T21:43:08","guid":{"rendered":"https:\/\/www.europesays.com\/fr\/321607\/"},"modified":"2025-08-15T21:43:08","modified_gmt":"2025-08-15T21:43:08","slug":"les-relations-entre-donald-trump-et-washington-ne-vont-pas-sameliorer-avec-ces-poursuites-en-justice-le-huffpost","status":"publish","type":"post","link":"https:\/\/www.europesays.com\/fr\/321607\/","title":{"rendered":"Les relations entre Donald Trump et Washington ne vont pas s\u2019am\u00e9liorer avec ces poursuites en justice &#8211; Le HuffPost"},"content":{"rendered":"<ol>\n<li><a href=\"https:\/\/news.google.com\/rss\/articles\/CBMi-AFBVV95cUxPSFp1VzJxdmZWV1dhS0VBYTVWWTZVdWo3TFZOZ0VaSVFQNHZDNDlFc1A4UWdOeW1YaGJiTURPT3NjSmVCLVZqQ3liTmQtUU9tOGhoaTI0c0hEYzFlRTNLTTluRzU2Zmtia0V4ZWlpZlpPUlBNY0RFcGlsaEMyU3RjSVJ0S2pycWZUV2otYk5wUWc5N1JhcjdFUDg3X0lsUk9MRndNcGt3M0NUVmtOQ2w4bVo2R3BPQ1JUX25ZbzdvdU5CdldDUWNQcnE4dE5VSzFVS0F0Z2FVcEZKRUJ6NTRTX3MtSFhlU25xNk9UbXVqUmhVNndKQ0xfZg?oc=5\" target=\"_blank\" rel=\"nofollow noopener\">Les relations entre Donald Trump et Washington ne vont pas s\u2019am\u00e9liorer avec ces poursuites en justice<\/a>&nbsp;&nbsp;Le HuffPost<\/li>\n<li><a href=\"https:\/\/news.google.com\/rss\/articles\/CBMiygFBVV95cUxPWE5RaUZrdXg0SkhuU0ZKYzE1TjZHaC16el9rcUxPZWViWTBHZjM0ek9qdlhOMDhhSlFYeXVlekVQRGpJYzFiR1dKeUplZGJ3Z0I0OUxtRC10V0E5TlF4TjdYa2xrNlplQWNQS1htUFdDdnd6LTEtYnBtOWd6T3N6c3M3Z1o4aXlFYk5OMThiQlpMTWZrU2xwVVRLNUdZX0NtelNLcTVFaVdGbVZ1cnNIbjM4a2x6ZTJhbnpaeXYtNGxvUHJOdlJxWDh3?oc=5\" target=\"_blank\" rel=\"nofollow noopener\">Les 800 gardes nationaux ont \u00e9t\u00e9 d\u00e9ploy\u00e9s \u00e0 Washington pour r\u00e9tablir l\u2019ordre<\/a>&nbsp;&nbsp;20 Minutes<\/li>\n<li><a href=\"https:\/\/news.google.com\/rss\/articles\/CBMikgJBVV95cUxQaEtYOWRleTlkVllzX2JJTlBOWnFYbW5oSHAxSFZjMlJMNTEwVXAyMlNwYXIzWTgwb0JnajlLNmxLeUxnZ2hwUEU1OEx6NndQbXU2XzJqdW54Z3F4WlZlZnczbzZraTVzOVpPNlBTUXRPcy1Kc2g3V2ZBN3ZUSmc1bmRhMk5iLUxVWEhtWFhXNl9IdktlVm9JRGFqZ1JIZ01JVldGU3NUUmdxc0pMWnhwcF9MWndtMVczS0xaVlY0YlZIb3BSUWQ5cUtrOXA3YlVUMDI4bVNFcE9GZTVoZkExb21RaFgyS3lEZXU5TmZlaFJKQmd5N0h3bXVrQnBUVVQ2TkZTNWJVQ3JtXzNWcjhoUEtR?oc=5\" target=\"_blank\" rel=\"nofollow noopener\">Washington : 800 gardes nationaux sur place pour \u00abnettoyer\u00bb, la ville poursuit l\u2019administration Trump en justice<\/a>&nbsp;&nbsp;Lib\u00e9ration<\/li>\n<li><a href=\"https:\/\/news.google.com\/rss\/articles\/CBMi7wFBVV95cUxPUTFwS2h5ZmVvSUtMNjJwQ2s0U29veThOVFM5WmhjT1NNREp2OW9ZYlpIWkdJTjBmd3VPMFBDLVBBUFV1TXQ1TXZib3h1UmRLVU91akdJQjV1Z2V2SkpTOGtxMFoxOFMzVjMzdEFsajRMWG1Hd2F3aXYwT2R2OG5JMHhMV3VfMWJBbDY2VDVSQ1ZVMVJXdnZvT2xrOGhVSUFZUk1XV1FiTGJpMkhFRlpucUxvcEVYUmRxS2Q4YWFDSTRSdHNyamZfWnk5aFBGelRSRjNtN1dGU1dZR3RHZ1Y2bnpIREZTTEVyclk3MnYxcw?oc=5\" target=\"_blank\" rel=\"nofollow noopener\">\u00abLes mesures prises sont ill\u00e9gales\u00bb : Washington poursuit l\u2019administration Trump pour la prise en main de sa police<\/a>&nbsp;&nbsp;Le Figaro<\/li>\n<li><a href=\"https:\/\/news.google.com\/rss\/articles\/CBMilgFBVV95cUxPMkRqZGtQMG5TV3ZYanRKdlRiV3VyQVQ2Q21wZWNXczJKT2JwYU5oS0tEeWRmMVVwYXlDd21WT1dTOEphUldFSFhNcUZ5V2t6OENNT0ZzY2Q1MXJESFRzTVBFMktWUjgxUzBlZGJTVFBFYXFYU1hVUTh4cUdHcWw3R1JmS3ZwQUN5WU1qWXE1R0x2RmtmcXc?oc=5\" target=\"_blank\" rel=\"nofollow noopener\">Le \u00abmaire Donald Trump\u00bb d\u00e9clare la guerre \u00e0 Washington<\/a>&nbsp;&nbsp;Le Temps<\/li>\n<\/ol>\n","protected":false},"excerpt":{"rendered":"Les relations entre Donald Trump et Washington ne vont pas s\u2019am\u00e9liorer avec ces poursuites en justice&nbsp;&nbsp;Le HuffPost Les&hellip;\n","protected":false},"author":2,"featured_media":1445,"comment_status":"","ping_status":"","sticky":false,"template":"","format":"standard","meta":{"footnotes":""},"categories":[5],"tags":[11,1011,27,14,12,28],"class_list":{"0":"post-321607","1":"post","2":"type-post","3":"status-publish","4":"format-standard","5":"has-post-thumbnail","7":"category-international","8":"tag-actualites","9":"tag-fr","10":"tag-france","11":"tag-international","12":"tag-news","13":"tag-world"},"share_on_mastodon":{"url":"https:\/\/pubeurope.com\/@fr\/115034967532270050","error":""},"_links":{"self":[{"href":"https:\/\/www.europesays.com\/fr\/wp-json\/wp\/v2\/posts\/321607","targetHints":{"allow":["GET"]}}],"collection":[{"href":"https:\/\/www.europesays.com\/fr\/wp-json\/wp\/v2\/posts"}],"about":[{"href":"https:\/\/www.europesays.com\/fr\/wp-json\/wp\/v2\/types\/post"}],"author":[{"embeddable":true,"href":"https:\/\/www.europesays.com\/fr\/wp-json\/wp\/v2\/users\/2"}],"replies":[{"embeddable":true,"href":"https:\/\/www.europesays.com\/fr\/wp-json\/wp\/v2\/comments?post=321607"}],"version-history":[{"count":0,"href":"https:\/\/www.europesays.com\/fr\/wp-json\/wp\/v2\/posts\/321607\/revisions"}],"wp:featuredmedia":[{"embeddable":true,"href":"https:\/\/www.europesays.com\/fr\/wp-json\/wp\/v2\/media\/1445"}],"wp:attachment":[{"href":"https:\/\/www.europesays.com\/fr\/wp-json\/wp\/v2\/media?parent=321607"}],"wp:term":[{"taxonomy":"category","embeddable":true,"href":"https:\/\/www.europesays.com\/fr\/wp-json\/wp\/v2\/categories?post=321607"},{"taxonomy":"post_tag","embeddable":true,"href":"https:\/\/www.europesays.com\/fr\/wp-json\/wp\/v2\/tags?post=321607"}],"curies":[{"name":"wp","href":"https:\/\/api.w.org\/{rel}","templated":true}]}}